{"id":25779,"date":"2022-03-21T20:35:52","date_gmt":"2022-03-21T19:35:52","guid":{"rendered":"http:\/\/info.sadowne.pl\/?p=25779"},"modified":"2022-03-21T20:36:10","modified_gmt":"2022-03-21T19:36:10","slug":"kronika-strazacka-15-20-marca-2022","status":"publish","type":"post","link":"https:\/\/info.sadowne.pl\/?p=25779","title":{"rendered":"Kronika stra\u017cacka 15 \u2013 20 marca 2022"},"content":{"rendered":"<p><strong><a href=\"http:\/\/info.sadowne.pl\/wp-content\/uploads\/2013\/07\/straz3.jpg\"><img loading=\"lazy\" decoding=\"async\" class=\"alignleft size-thumbnail wp-image-2625\" src=\"http:\/\/info.sadowne.pl\/wp-content\/uploads\/2013\/07\/straz3-180x130.jpg\" alt=\"\" width=\"180\" height=\"130\" \/><\/a>W<\/strong> <strong>okresie<\/strong><strong>\u00a014 &#8211; 20.03.2022 <\/strong><strong>na<\/strong> <strong>terenie<\/strong> <strong>powiatu<\/strong> <strong>w\u0119growskiego<\/strong> <strong>zanotowano: <\/strong><strong>23 <\/strong><strong>zdarzenia,<\/strong> <strong>przy<\/strong> <strong>kt\u00f3rych<\/strong> <strong>interweniowa\u0142y<\/strong> <strong>jednostki<\/strong> <strong>ochrony<\/strong> <strong>przeciwpo\u017carowej, w tym:<\/strong><strong> 19 po\u017car\u00f3w, 3 miejscowe zagro\u017cenia i 1 alarm fa\u0142szywy.<\/strong><strong>\u00a0<\/strong><!--more--><\/p>\n<p><strong>15.03.2022 \u2013 Trawy, gm. Korytnica \u2013 Po\u017car stodo\u0142y.<\/strong><\/p>\n<p>Po przybyciu na miejsce zdarzenia pierwszego zast\u0119pu OSP Rabiany, stra\u017cacy stwierdzili, \u017ce obj\u0119ta w ca\u0142o\u015bci po\u017carem jest drewniana stodo\u0142a kryta eternitem, kt\u00f3ra uleg\u0142a ju\u017c zawaleniu. W bliskiej odleg\u0142o\u015bci zagro\u017cone by\u0142y kolejne 2 drewniane stodo\u0142y oraz budynki gospodarcze. Mieszka\u0144cy ewakuowali kilka sztuk byd\u0142a w bezpieczne miejsce. Budynek stodo\u0142y nie mia\u0142 przy\u0142\u0105cza energetycznego. Dzia\u0142ania zast\u0119pu OSP polega\u0142y na zabezpieczeniu miejsca zdarzenia i podaniu 2 pr\u0105d\u00f3w wody w obronie od strony zagro\u017conych budynk\u00f3w. Nast\u0119pny przyby\u0142y zast\u0119p OSP Korytnica i JRG PSP poda\u0142 kolejne pr\u0105dy wody w natarciu na pal\u0105c\u0105 si\u0119 stodo\u0142\u0119 z ty\u0142u od strony lasu. Dzia\u0142ania te doprowadzi\u0142y do lokalizacji po\u017caru. Stra\u017cacy sukcesywnie usuwali ze stodo\u0142y nadpalone bele siana zlokalizowane w obydwu szczytach budynku, na okoliczn\u0105 \u0142\u0105k\u0119, ca\u0142y czas przelewaj\u0105c je wod\u0105. Przeprowadzono te\u017c pewne prace rozbi\u00f3rkowe nadpalonych element\u00f3w konstrukcyjnych stodo\u0142y. Dzia\u0142ania te doprowadzi\u0142y do ca\u0142kowitego ugaszenia po\u017caru. Miejsce zdarzenia zosta\u0142o przekazane pisemnie protoko\u0142em w\u0142a\u015bcicielowi.<strong>\u00a0<\/strong><\/p>\n<p><strong>18.03.2022 <\/strong>\u2013 <strong>Budziska, gm.<\/strong> <strong>\u0141och\u00f3w \u2013 Po\u017car budynku.<\/strong><\/p>\n<p>Dy\u017curny SKKP na miejsce zdarzenia zadysponowa\u0142 zast\u0119p GBA z JRG W\u0119gr\u00f3w, oraz najbli\u017csze miejscowo jednostki OSP. Poproszono te\u017c o wsparcie SK Wyszk\u00f3w, kt\u00f3ry zadysponowa\u0142 zast\u0119py JRG PSP Wyszk\u00f3w i OSP Kamie\u0144czyk.\u00a0 Po przybyciu na miejsce zast\u0119pu OSP Budziska, stra\u017cacy stwierdzili, \u017ce pali si\u0119 murowany parterowy budynek mieszkalno-gospodarczy z poddaszem, na kt\u00f3rym magazynowana by\u0142a s\u0142oma, kryty eternitem, zagro\u017cona po\u017carem by\u0142a s\u0105siednia stodo\u0142a. Brak os\u00f3b poszkodowanych. Dzia\u0142ania zast\u0119pu polega\u0142y na zabezpieczeniu miejsca zdarzenia oraz podaniu jednego pr\u0105du wody w natarciu na pal\u0105cy si\u0119 budynek mieszkalno-gospodarczy oraz jednego pr\u0105du wody w obronie na przyleg\u0142y budynek stodo\u0142y. W trakcie prowadzonych dzia\u0142a\u0144 budynek uleg\u0142 cz\u0119\u015bciowemu zawaleniu ze wzgl\u0119du na obj\u0119ty po\u017carem drewniany strop w cz\u0119\u015bci budynku. Dzia\u0142ania powy\u017csze doprowadzi\u0142y do lokalizacji po\u017caru. Nast\u0119pnie przyst\u0105piono do prac rozbi\u00f3rkowych z jednoczesnym dogaszaniem pal\u0105cego si\u0119 budynku. Przyleg\u0142y budynek stodo\u0142y sprawdzono kamer\u0105 termowizyjn\u0105 &#8211; nie stwierdzaj\u0105c zagro\u017cenia.<strong>\u00a0<\/strong><\/p>\n<p><strong>19.03.2022 <\/strong>\u2013 <strong>\u0141och\u00f3w, ul. Maja \u2013 Wypadek drogowy.<\/strong><\/p>\n<p>Po przybyciu na miejsce zdarzenia zast\u0119pu OSP, a nast\u0119pnie PSP stwierdzono, \u017ce na skrzy\u017cowaniu dosz\u0142o do zderzenia dw\u00f3ch samochod\u00f3w osobowych kt\u00f3rymi podr\u00f3\u017cowa\u0142o \u0142\u0105cznie 4 osoby z czego jedna odnios\u0142a obra\u017cenia cia\u0142a. Skrzy\u017cowanie zablokowane we wszystkich czterech kierunkach. Zast\u0119p po zabezpieczeniu miejsca zdarzenia i pojazd\u00f3w udzieli\u0142 kwalifikowanej pierwszej pomocy osobie poszkodowanej. Po przybyciu na miejsce zespo\u0142u PRM przekazano poszkodowan\u0105. Nast\u0119pnie zebrano p\u0142yny eksploatacyjne wykorzystuj\u0105c sorbent.<\/p>\n<p><strong>20.03.2022 <\/strong>\u2013 <strong>Zieleniec, gm. Sadowne \u2013 Po\u017car lasu.<\/strong><strong>\u00a0<\/strong><\/p>\n<p>Dy\u017curny SK zadysponowa\u0142 OSP Zieleniec oraz dwa zast\u0119py OSP Sadowne. Po dotarciu na miejsce pierwszych zast\u0119p\u00f3w JOP i przeprowadzonym rozpoznaniu KDR ustali\u0142, \u017ce pali si\u0119 poszycie le\u015bne w m\u0142odniku na powierzchni oko\u0142o 0.9 ha, utrudniony dojazd do zdarzenia. Zadysponowane zosta\u0142y kolejne dwa zast\u0119py OSP oraz zast\u0119p JRG W\u0119gr\u00f3w. Dzia\u0142ania pierwszych zast\u0119p\u00f3w polega\u0142y na zabezpieczeniu miejsca zdarzenia oraz podaniu dw\u00f3ch pr\u0105d\u00f3w wody w natarciu po obwodzie na po\u017car. Na miejsce zdarzenia przyby\u0142 patrol Policji, s\u0142u\u017cba le\u015bna oraz kolejne zast\u0119py OSP, kt\u00f3re wspar\u0142y prowadzone dzia\u0142ania, co doprowadzi\u0142o do lokalizacji po\u017caru. Po rozpoznaniu sytuacji z le\u015bnikami stwierdzono, \u017ce po\u017carem by\u0142o obj\u0119te ok. 0,45 h \u015bcio\u0142y w m\u0142odniku. Dowo\u017cenie wody do po\u017caru odbywa\u0142o si\u0119 z miejscowo\u015bci Zieleniec oddalonej ok. 3 km od miejsca zdarzenia.<\/p>\n<p><strong>KP PSP W\u0119gr\u00f3w<\/strong><\/p>\n","protected":false},"excerpt":{"rendered":"<p>W okresie\u00a014 &#8211; 20.03.2022 na terenie powiatu w\u0119growskiego zanotowano: 23 zdarzenia, przy kt\u00f3rych interweniowa\u0142y jednostki ochrony przeciwpo\u017carowej, w tym: 19 po\u017car\u00f3w, 3 miejscowe zagro\u017cenia i 1 alarm fa\u0142szywy.\u00a0<\/p>\n","protected":false},"author":1,"featured_media":0,"comment_status":"closed","ping_status":"closed","sticky":false,"template":"","format":"standard","meta":{"footnotes":""},"categories":[5,4,267],"tags":[491,643],"class_list":["post-25779","post","type-post","status-publish","format-standard","hentry","category-newsy","category-policja-straz-pozarna-pogotowie-ratunkowe","category-straz-pozarna-policja-straz-pozarna-pogotowie-ratunkowe","tag-komenda-powiatowa-panstwowej-strazy-pozarnej-w-wegrowie","tag-kronika-strazacka"],"views":2238,"_links":{"self":[{"href":"https:\/\/info.sadowne.pl\/index.php?rest_route=\/wp\/v2\/posts\/25779","targetHints":{"allow":["GET"]}}],"collection":[{"href":"https:\/\/info.sadowne.pl\/index.php?rest_route=\/wp\/v2\/posts"}],"about":[{"href":"https:\/\/info.sadowne.pl\/index.php?rest_route=\/wp\/v2\/types\/post"}],"author":[{"embeddable":true,"href":"https:\/\/info.sadowne.pl\/index.php?rest_route=\/wp\/v2\/users\/1"}],"replies":[{"embeddable":true,"href":"https:\/\/info.sadowne.pl\/index.php?rest_route=%2Fwp%2Fv2%2Fcomments&post=25779"}],"version-history":[{"count":2,"href":"https:\/\/info.sadowne.pl\/index.php?rest_route=\/wp\/v2\/posts\/25779\/revisions"}],"predecessor-version":[{"id":25781,"href":"https:\/\/info.sadowne.pl\/index.php?rest_route=\/wp\/v2\/posts\/25779\/revisions\/25781"}],"wp:attachment":[{"href":"https:\/\/info.sadowne.pl\/index.php?rest_route=%2Fwp%2Fv2%2Fmedia&parent=25779"}],"wp:term":[{"taxonomy":"category","embeddable":true,"href":"https:\/\/info.sadowne.pl\/index.php?rest_route=%2Fwp%2Fv2%2Fcategories&post=25779"},{"taxonomy":"post_tag","embeddable":true,"href":"https:\/\/info.sadowne.pl\/index.php?rest_route=%2Fwp%2Fv2%2Ftags&post=25779"}],"curies":[{"name":"wp","href":"https:\/\/api.w.org\/{rel}","templated":true}]}}