{"id":25786,"date":"2022-03-24T11:30:22","date_gmt":"2022-03-24T10:30:22","guid":{"rendered":"http:\/\/info.sadowne.pl\/?p=25786"},"modified":"2022-03-24T12:12:12","modified_gmt":"2022-03-24T11:12:12","slug":"rozpoczela-sie-rejestracja-do-biegu-grzymaly","status":"publish","type":"post","link":"https:\/\/info.sadowne.pl\/?p=25786","title":{"rendered":"Rozpocz\u0119\u0142a si\u0119 rejestracja do Biegu Grzyma\u0142y"},"content":{"rendered":"<p><strong><a href=\"http:\/\/info.sadowne.pl\/wp-content\/uploads\/2022\/03\/2022.03.24.1.jpg\" target=\"_blank\" rel=\"noopener\"><img loading=\"lazy\" decoding=\"async\" class=\"alignleft wp-image-25787 size-thumbnail\" src=\"http:\/\/info.sadowne.pl\/wp-content\/uploads\/2022\/03\/2022.03.24.1-180x130.jpg\" alt=\"\" width=\"180\" height=\"130\" \/><\/a>Tegoroczny Bieg ku czci b\u0142. ks. Edwarda Grzyma\u0142y odb\u0119dzie si\u0119 3 lipca w Sadownem. <\/strong><!--more--><\/p>\n<p>Jest to ju\u017c IX Bieg i V Marsz Nordic Walking ze startem i met\u0105 na polanie le\u015bnej Ko\u0142a \u0141owieckiego \u015aw. Huberta, a jego Organizatorami s\u0105: Klub Sportowy \u201eWicher\u201d Sadowne, Gminny O\u015brodek Kultury w Sadownem i Nadle\u015bnictwo \u0141och\u00f3w.<\/p>\n<p><strong>Firma Chipttiming.pl w\u0142a\u015bnie rozpocz\u0119\u0142a rejestracj\u0119 do Biegu, a wi\u0119c zapraszamy wszystkich zainteresowanych na stron\u0119 <span style=\"color: #0000ff;\"><a style=\"color: #0000ff;\" href=\"http:\/\/www.chiptiming.pl\/pl\/zawody_szczegoly\/IX-Bieg-Lesny-i-V-Marsz-Nordic-Walking-Ku-Czci-Bl-KsEdwarda-Grzymaly\" target=\"_blank\" rel=\"noopener\">http:\/\/www.chiptiming.pl\/pl\/zawody_szczegoly\/IX-Bieg-Lesny-i-V-Marsz-Nordic-Walking-Ku-Czci-Bl-KsEdwarda-Grzymaly<\/a><\/span><\/strong><\/p>\n<p><span style=\"color: #0000ff;\"><a style=\"color: #0000ff;\" href=\"http:\/\/info.sadowne.pl\/wp-content\/uploads\/2022\/03\/Regulamin.doc\" target=\"_blank\" rel=\"noopener\"><strong>Regulamin Biegu&gt;&gt;&gt;<\/strong><\/a><\/span><\/p>\n<p><strong>Tekst: S\u0142awek Chyli\u0144ski<\/strong><\/p>\n","protected":false},"excerpt":{"rendered":"<p>Tegoroczny Bieg ku czci b\u0142. ks. Edwarda Grzyma\u0142y odb\u0119dzie si\u0119 3 lipca w Sadownem.<\/p>\n","protected":false},"author":1,"featured_media":0,"comment_status":"closed","ping_status":"closed","sticky":false,"template":"","format":"standard","meta":{"footnotes":""},"categories":[5,2135,3627,7],"tags":[3737,169,3736,1161,1101],"class_list":["post-25786","post","type-post","status-publish","format-standard","hentry","category-newsy","category-bieganie","category-nordic-walking","category-sport","tag-bieg-grzymaly-w-sadownem","tag-gminny-osrodek-kultury-w-sadownem","tag-ix-bieg-i-v-marsz-nordic-walking-ku-czci-bl-ks-edwarda-grzymaly-w-sadownem","tag-klub-sportowy-wicher-sadowne","tag-nadlesnictwo-lochow"],"views":2374,"_links":{"self":[{"href":"https:\/\/info.sadowne.pl\/index.php?rest_route=\/wp\/v2\/posts\/25786","targetHints":{"allow":["GET"]}}],"collection":[{"href":"https:\/\/info.sadowne.pl\/index.php?rest_route=\/wp\/v2\/posts"}],"about":[{"href":"https:\/\/info.sadowne.pl\/index.php?rest_route=\/wp\/v2\/types\/post"}],"author":[{"embeddable":true,"href":"https:\/\/info.sadowne.pl\/index.php?rest_route=\/wp\/v2\/users\/1"}],"replies":[{"embeddable":true,"href":"https:\/\/info.sadowne.pl\/index.php?rest_route=%2Fwp%2Fv2%2Fcomments&post=25786"}],"version-history":[{"count":2,"href":"https:\/\/info.sadowne.pl\/index.php?rest_route=\/wp\/v2\/posts\/25786\/revisions"}],"predecessor-version":[{"id":25790,"href":"https:\/\/info.sadowne.pl\/index.php?rest_route=\/wp\/v2\/posts\/25786\/revisions\/25790"}],"wp:attachment":[{"href":"https:\/\/info.sadowne.pl\/index.php?rest_route=%2Fwp%2Fv2%2Fmedia&parent=25786"}],"wp:term":[{"taxonomy":"category","embeddable":true,"href":"https:\/\/info.sadowne.pl\/index.php?rest_route=%2Fwp%2Fv2%2Fcategories&post=25786"},{"taxonomy":"post_tag","embeddable":true,"href":"https:\/\/info.sadowne.pl\/index.php?rest_route=%2Fwp%2Fv2%2Ftags&post=25786"}],"curies":[{"name":"wp","href":"https:\/\/api.w.org\/{rel}","templated":true}]}}