{"id":25814,"date":"2022-03-28T14:27:31","date_gmt":"2022-03-28T12:27:31","guid":{"rendered":"http:\/\/info.sadowne.pl\/?p=25814"},"modified":"2022-03-28T14:27:31","modified_gmt":"2022-03-28T12:27:31","slug":"kronika-strazacka-21-27-marca-2022","status":"publish","type":"post","link":"https:\/\/info.sadowne.pl\/?p=25814","title":{"rendered":"Kronika stra\u017cacka 21 \u2013 27 marca 2022"},"content":{"rendered":"<p><strong><a href=\"http:\/\/info.sadowne.pl\/wp-content\/uploads\/2013\/07\/straz3.jpg\"><img loading=\"lazy\" decoding=\"async\" class=\"alignleft size-thumbnail wp-image-2625\" src=\"http:\/\/info.sadowne.pl\/wp-content\/uploads\/2013\/07\/straz3-180x130.jpg\" alt=\"\" width=\"180\" height=\"130\" \/><\/a>W<\/strong> <strong>okresie<\/strong> <strong>od<\/strong><strong> 21 &#8211; 27.03.2022 <\/strong><strong>na<\/strong> <strong>terenie<\/strong> <strong>powiatu<\/strong> <strong>w\u0119growskiego<\/strong> <strong>zanotowano: <\/strong><strong>38 <\/strong><strong>zdarze\u0144,<\/strong> <strong>przy<\/strong> <strong>kt\u00f3rych<\/strong> <strong>interweniowa\u0142y<\/strong> <strong>jednostki<\/strong> <strong>ochrony<\/strong> <strong>przeciwpo\u017carowej, w tym:<\/strong><strong> 30 po\u017car\u00f3w i 8 miejscowych zagro\u017ce\u0144.<\/strong><!--more--><\/p>\n<p><strong>21.03.2022 \u2013 Wrotn\u00f3w, gm. Miedzna \u2013 Po\u017car na plantacji \u015bwierk\u00f3w.<\/strong><\/p>\n<p>Po doje\u017adzie na miejsce zdarzenia zast\u0119pu OSP Wrotn\u00f3w, stra\u017cacy stwierdzili, \u017ce pali si\u0119 \u015bci\u00f3\u0142ka le\u015bna i \u015bci\u0119te \u015bwierki na plantacji \u015bwierk\u00f3w stanowi\u0105cej w\u0142asno\u015b\u0107 prywatn\u0105. Dzia\u0142ania zast\u0119pu polega\u0142y na zabezpieczeniu miejsca zdarzenia i podaniu dw\u00f3ch pr\u0105d\u00f3w wody w natarciu na po\u017car. W trakcie tych dzia\u0142a\u0144 na miejsce dotar\u0142y zast\u0119py JRG i OSP Miedzna, kt\u00f3re wspar\u0142y prowadzone dzia\u0142ania. Doprowadzi\u0142o to do lokalizacji po\u017caru. Nast\u0119pnie teren po\u017caru przelano wod\u0105, co doprowadzi\u0142o do jego ugaszenia.<\/p>\n<p>Przypuszczalna przyczyna: zapr\u00f3szenie ognia. Udzia\u0142: 3 zast\u0119py \u2013 14 stra\u017cak\u00f3w.<\/p>\n<p><strong>21.03.2022 <\/strong>\u2013 <strong>Barch\u00f3w, gm.<\/strong> <strong>\u0141och\u00f3w \u2013 Poszukiwania osoby.<\/strong><\/p>\n<p>Do SKKP wp\u0142yn\u0119\u0142a pro\u015bba Policji o pomoc w poszukiwaniach m\u0119\u017cczyzny, kt\u00f3ry wyszed\u0142 z domu w godzinach popo\u0142udniowych i oddali\u0142 si\u0119 z w niewiadomym kierunku. W tym celu zadysponowano cztery zast\u0119py OSP. \u00a0Poszukiwania mia\u0142y obj\u0105\u0107 teren przyleg\u0142y do miejsca zamieszkania oraz tereny w wzd\u0142u\u017c tor\u00f3w mi\u0119dzy rzek\u0105 Liwiec a miastem \u0141och\u00f3w. U\u017cyte do poszukiwa\u0144 by\u0142y drony z jednostki OSP D\u0119be Wielkie (powiat Mi\u0144ski). W trakcie dzia\u0142a\u0144 z u\u017cyciem drona zosta\u0142 przeszukany obszar o powierzchni 30 ha. Sprawdzono przez stra\u017cak\u00f3w 3 miejsca wskazane przez drony. Dzia\u0142ania nie przynios\u0142y rezultatu, a poszukiwania zosta\u0142y wstrzymane do rana na polecenie koordynatora z ramienia Policji. Dzia\u0142ania JOP zosta\u0142y zako\u0144czone, zast\u0119py wr\u00f3ci\u0142y do bazy. W dniu nast\u0119pnym w trakcie wznowienia poszukiwa\u0144, Policja przekaza\u0142a informacj\u0119, \u017ce m\u0119\u017cczyzna si\u0119 odnalaz\u0142. Udzia\u0142: 6 zast\u0119p\u00f3w \u2013 31 stra\u017cak\u00f3w.<\/p>\n<p><strong>25.03.2022 <\/strong>\u2013 <strong>Starawie\u015b, gm. Liw \u2013 Wypadek drogowy.<\/strong><strong>\u00a0<\/strong><\/p>\n<p>Po przybyciu na miejsce zdarzenia zast\u0119p\u00f3w JRG, stra\u017cacy stwierdzili, \u017ce kolizji uleg\u0142o 3 pojazdy osobowe, dwie osoby zosta\u0142y poszkodowane w wyniku zderzenia i skar\u017c\u0105 si\u0119 na b\u00f3l g\u0142owy, reszta os\u00f3b bior\u0105cych udzia\u0142 w zdarzeniu nie uskar\u017ca si\u0119 na \u017cadne dolegliwo\u015bci, droga cz\u0119\u015bciowo zablokowana. Dzia\u0142ania zast\u0119pu polega\u0142y na zabezpieczeniu miejsca zdarzenia, od\u0142\u0105czeniu akumulator\u00f3w w pojazdach samochodowych, udzieleniu kwalifikowanej pomocy przedmedycznej poszkodowanym. W poje\u017adzie Skoda Fabia podr\u00f3\u017cowa\u0142a dw\u00f3jka dzieci, kt\u00f3re z zezna\u0144 kieruj\u0105cej matki nie ponios\u0142y \u017cadnych obra\u017ce\u0144 i nie potrzebowa\u0142y pomocy medycznej. Na miejscu przyby\u0142y ZRM (lokalizacja medyczna), kt\u00f3rym zostali przekazani poszkodowani.<\/p>\n<p>Przypuszczalna przyczyna: niezachowanie zasad bezpiecze\u0144stwa w ruchu drogowym. Udzia\u0142: 3 zast\u0119py \u2013 13 stra\u017cak\u00f3w.<\/p>\n<p><strong>22.03.2022 <\/strong>\u2013 <strong>Zieleniec, gm.<\/strong> <strong>Sadowne \u2013 Po\u017car lasu.<\/strong><\/p>\n<p>Po przeprowadzeniu rozpoznania i po uzyskaniu informacji od le\u015bniczego stwierdzi\u0142, \u017ce pali si\u0119 oko\u0142o 8 ha u\u017cytku ekologicznego na podmok\u0142ym terenie. Ze wzgl\u0119du na silny wiatr oraz trudne warunki terenowe po\u017car rozprzestrzenia\u0142 si\u0119. Przyby\u0142e dodatkowe zast\u0119py OSP wspar\u0142y dzia\u0142ania ju\u017c prowadzone oraz prowadzi\u0142y dowo\u017cenie wody z sieci wodoci\u0105gowej, z hydrant\u00f3w oddalonych od po\u017caru ok. 2 km z miejscowo\u015bci Mrozowa Wola oraz Sadowne. Na miejsce po\u017caru przylecia\u0142 samolot ga\u015bniczy, kt\u00f3ry dokona\u0142 dw\u00f3ch zrzut\u00f3w wody. Dzia\u0142ania te przyczyni\u0142y si\u0119 do zlokalizowania po\u017caru. W dalszej cz\u0119\u015bci dzia\u0142a\u0144 dogaszono pojedyncze zarzewia, a ca\u0142y teren zosta\u0142 przelany wod\u0105. Z uwagi na du\u017cy obszar dzia\u0142a\u0144 (oko\u0142o 10 ha)i silny porywisty wiatr na miejscu dzia\u0142a\u0144 pozosta\u0142y 4 zast\u0119py OSP w celu dozorowania pogorzeliska. Pozosta\u0142e zast\u0119py powr\u00f3ci\u0142y do bazy.<\/p>\n<p>Przypuszczalna przyczyna: zapr\u00f3szenie ognia. Udzia\u0142: 12 zast\u0119p\u00f3w \u2013 62 stra\u017cak\u00f3w.<\/p>\n<p><strong>KP PSP W\u0119gr\u00f3w<\/strong><\/p>\n","protected":false},"excerpt":{"rendered":"<p>W okresie od 21 &#8211; 27.03.2022 na terenie powiatu w\u0119growskiego zanotowano: 38 zdarze\u0144, przy kt\u00f3rych interweniowa\u0142y jednostki ochrony przeciwpo\u017carowej, w tym: 30 po\u017car\u00f3w i 8 miejscowych zagro\u017ce\u0144.<\/p>\n","protected":false},"author":1,"featured_media":0,"comment_status":"closed","ping_status":"closed","sticky":false,"template":"","format":"standard","meta":{"footnotes":""},"categories":[5,4,267],"tags":[491,643],"class_list":["post-25814","post","type-post","status-publish","format-standard","hentry","category-newsy","category-policja-straz-pozarna-pogotowie-ratunkowe","category-straz-pozarna-policja-straz-pozarna-pogotowie-ratunkowe","tag-komenda-powiatowa-panstwowej-strazy-pozarnej-w-wegrowie","tag-kronika-strazacka"],"views":1891,"_links":{"self":[{"href":"https:\/\/info.sadowne.pl\/index.php?rest_route=\/wp\/v2\/posts\/25814","targetHints":{"allow":["GET"]}}],"collection":[{"href":"https:\/\/info.sadowne.pl\/index.php?rest_route=\/wp\/v2\/posts"}],"about":[{"href":"https:\/\/info.sadowne.pl\/index.php?rest_route=\/wp\/v2\/types\/post"}],"author":[{"embeddable":true,"href":"https:\/\/info.sadowne.pl\/index.php?rest_route=\/wp\/v2\/users\/1"}],"replies":[{"embeddable":true,"href":"https:\/\/info.sadowne.pl\/index.php?rest_route=%2Fwp%2Fv2%2Fcomments&post=25814"}],"version-history":[{"count":1,"href":"https:\/\/info.sadowne.pl\/index.php?rest_route=\/wp\/v2\/posts\/25814\/revisions"}],"predecessor-version":[{"id":25815,"href":"https:\/\/info.sadowne.pl\/index.php?rest_route=\/wp\/v2\/posts\/25814\/revisions\/25815"}],"wp:attachment":[{"href":"https:\/\/info.sadowne.pl\/index.php?rest_route=%2Fwp%2Fv2%2Fmedia&parent=25814"}],"wp:term":[{"taxonomy":"category","embeddable":true,"href":"https:\/\/info.sadowne.pl\/index.php?rest_route=%2Fwp%2Fv2%2Fcategories&post=25814"},{"taxonomy":"post_tag","embeddable":true,"href":"https:\/\/info.sadowne.pl\/index.php?rest_route=%2Fwp%2Fv2%2Ftags&post=25814"}],"curies":[{"name":"wp","href":"https:\/\/api.w.org\/{rel}","templated":true}]}}