{"id":25828,"date":"2022-04-04T12:39:36","date_gmt":"2022-04-04T10:39:36","guid":{"rendered":"http:\/\/info.sadowne.pl\/?p=25828"},"modified":"2022-04-04T12:39:36","modified_gmt":"2022-04-04T10:39:36","slug":"kronika-strazacka-27-03-03-04-2022","status":"publish","type":"post","link":"https:\/\/info.sadowne.pl\/?p=25828","title":{"rendered":"Kronika stra\u017cacka 27.03 \u2013 03.04.2022"},"content":{"rendered":"<p><strong><a href=\"http:\/\/info.sadowne.pl\/wp-content\/uploads\/2013\/07\/straz3.jpg\"><img loading=\"lazy\" decoding=\"async\" class=\"alignleft size-thumbnail wp-image-2625\" src=\"http:\/\/info.sadowne.pl\/wp-content\/uploads\/2013\/07\/straz3-180x130.jpg\" alt=\"\" width=\"180\" height=\"130\" \/><\/a>W<\/strong> <strong>okresie<\/strong><strong> 27.03 &#8211; 03.04.2022 <\/strong><strong>na<\/strong> <strong>terenie<\/strong> <strong>powiatu<\/strong> <strong>w\u0119growskiego<\/strong> <strong>zanotowano <\/strong><strong>49 <\/strong><strong>zdarze\u0144,<\/strong> <strong>przy<\/strong> <strong>kt\u00f3rych<\/strong> <strong>interweniowa\u0142y<\/strong> <strong>jednostki<\/strong> <strong>ochrony<\/strong> <strong>przeciwpo\u017carowej, w tym:<\/strong><strong> 13 po\u017car\u00f3w, 35 miejscowych zagro\u017ce\u0144 i 1 alarm fa\u0142szywy.<\/strong><strong>\u00a0<\/strong><!--more--><\/p>\n<p><strong>27.03.2022 \u2013 Witanki, gm. Liw \u2013 Wypadek samochodu osobowego.<\/strong><\/p>\n<p>Po dotarciu na miejsce zdarzenia stra\u017cacy stwierdzili, \u017ce samoch\u00f3d osobowy dachowa\u0142 i znajduje si\u0119 na ko\u0142ach poza drog\u0105. Osoba jad\u0105ca znajdowa\u0142a si\u0119 na zewn\u0105trz pojazdu (przytomna), nie by\u0142o innych s\u0142u\u017cb. Dzia\u0142ania zast\u0119pu polega\u0142y na zabezpieczeniu miejsca zdarzenia oraz udzieleniu poszkodowanemu kwalifikowanej pierwszej pomocy. Po przybyciu ZRM i policji, dalsze dzia\u0142ania stra\u017cak\u00f3w polega\u0142y na zabezpieczaniu miejsca zdarzenia, od\u0142\u0105czeniu akumulatora.<\/p>\n<p>W DZIA\u0141ANIACH RATOWNICZYCH UDZIA\u0141 BRA\u0141O: 3 zast\u0119py, 13 ratownik\u00f3w.<\/p>\n<p><strong>29.03.2022- Jarnice, gm. Liw &#8211; Po\u017car budynku mieszkalnego.<\/strong><\/p>\n<p>Dy\u017curny Stanowiska Kierowania PSP w W\u0119growie zadysponowa\u0142 dwa zast\u0119py z JRG W\u0119gr\u00f3w oraz zast\u0119p z OSP Liw i OSP W\u0119gr\u00f3w. Po dotarciu na miejsce zdarzenia, stra\u017cacy stwierdzili, \u017ce pali si\u0119 budynek mieszkalny, murowany, kryty blach\u0105, po\u017car w fazie rozwini\u0119tej w oko\u0142o jednej czwartej budynku, w pozosta\u0142ej cz\u0119\u015bci bardzo du\u017ce zadymienie, k\u0142\u0119by dymu wydostaj\u0105 si\u0119 spod dachu. S\u0105siedzi pr\u00f3bowali gasi\u0107 po\u017car przy pomocy ga\u015bnic proszkowych &#8211; nieskutecznie. Z informacji przekazanych przez s\u0105siad\u00f3w wynika\u0142o, \u017ce w \u015brodku najprawdopodobniej znajduj\u0105 si\u0119 dwie osoby. Dzia\u0142ania zast\u0119p\u00f3w polega\u0142y na zabezpieczeniu miejsca zdarzenia, od\u0142\u0105czeniu energii elektrycznej i w pierwszej fazie podaniu dw\u00f3ch pr\u0105d\u00f3w wody w natarciu na pal\u0105cy si\u0119 budynek. Jednocze\u015bnie rota zabezpieczona w aparaty ochrony dr\u00f3g oddechowych wesz\u0142a do \u015brodka, skutecznie gasz\u0105c po\u017car w pomieszczeniach obj\u0119tych p\u0142omieniami. Stra\u017cacy wchodz\u0105c tym wej\u015bciem do budynku i przechodz\u0105c z sieni do przedpokoju natrafili w przej\u015bciu na zw\u0119glone cia\u0142o kobiety le\u017c\u0105cej na pod\u0142odze. \u00a0Nast\u0119pnie w pokoju \u00a0odnaleziono cia\u0142o m\u0119\u017cczyzny. Z budynku wyniesiono dwie butle gazowe 11kg propan-butan, kt\u00f3re znajdowa\u0142y si\u0119 w pomieszczeniu kuchni obj\u0119tym po\u017carem. Po wyniesieniu butle sch\u0142adzano pr\u0105dem wody. Po ugaszeniu po\u017caru miejsce przekazano policji do dalszego post\u0119powania.<\/p>\n<p><strong>31.03.2022 \u2013 Sadole\u015b, gm. Sadowne \u2013 Wypadek samochodu osobowego.<\/strong><\/p>\n<p>Samoch\u00f3d osobowy jad\u0105cy z miejscowo\u015bci Sadole\u015b do Sadownego uderzy\u0142 ze znaczn\u0105 pr\u0119dko\u015bci\u0105 w drzewo. Kieruj\u0105cy pojazdem z obra\u017ceniami g\u0142owy znajduje si\u0119 w poje\u017adzie, przytomny. B\u0119d\u0105cy na miejscu ratownicy medyczni zaopatruj\u0105 rannego. Dzia\u0142ania stra\u017cak\u00f3w polega\u0142y na zabezpieczeniu miejsca zdarzenia, od\u0142\u0105czeniu akumulatora i pomocy Policji w zabezpieczeniu ruchu drogowego. Poszkodowany zosta\u0142 przetransportowany karetk\u0105 do najbli\u017cszego szpitala w Ostrowi Mazowieckiej.<\/p>\n<p>W DZIA\u0141ANIACH RATOWNICZYCH UDZIA\u0141 BRA\u0141: 1 zast\u0119p, 6 ratownik\u00f3w.<\/p>\n<p><strong>01.04.2022<\/strong> \u2013 <strong>Pniewnik, gm. Korytnica \u2013 Wypadek samochodu osobowego.<\/strong><\/p>\n<p>Po doje\u017adzie zast\u0119p\u00f3w stra\u017cy po\u017carnej po rozpoznaniu stwierdza, \u017ce samoch\u00f3d osobowy marki Citroen C4 znajduje si\u0119 w rowie, osoba niepe\u0142nosprawna w \u015brodku na miejscu pasa\u017cera, przytomna, nie stwierdzono obra\u017ce\u0144. Brak kierowcy. Dzia\u0142ania zast\u0119p\u00f3w polega\u0142y na zabezpieczeniu miejsca zdarzenia poprzez zamkniecie drogi w obydwu kierunkach, o\u015bwietleniu terenu akcji. Osob\u0119 poszkodowan\u0105 znajduj\u0105cej si\u0119 w \u015brodku, ewakuowano z pojazdu oraz zabezpieczono przed utrat\u0105 ciep\u0142a do czasu przekazania ZRM. Kierowca powr\u00f3ci\u0142 na miejsce zdarzenia, nie stwierdzono widocznych obra\u017ce\u0144. Nast\u0119pnie zosta\u0142 otwarty wahad\u0142owo jeden pas ruchu, ZRM zabra\u0142 poszkodowan\u0105 do szpitala.<\/p>\n<p>W DZIA\u0141ANIACH RATOWNICZYCH UDZIA\u0141 BRA\u0141O: 2 zast\u0119py, 12 ratownik\u00f3w.<\/p>\n<p><strong>W dniu 02 kwietnia na terenie powiatu wyst\u0105pi\u0142 silny opad \u015bniegu, kt\u00f3ry uszkodzi\u0142 wiele drzew przy szlakach komunikacyjnych, w tym czasie podj\u0119to 25 interwencji do usuwania powalonych drzew.<\/strong><\/p>\n<p><strong>KP PSP W\u0119gr\u00f3w<\/strong><\/p>\n","protected":false},"excerpt":{"rendered":"<p>W okresie 27.03 &#8211; 03.04.2022 na terenie powiatu w\u0119growskiego zanotowano 49 zdarze\u0144, przy kt\u00f3rych interweniowa\u0142y jednostki ochrony przeciwpo\u017carowej, w tym: 13 po\u017car\u00f3w, 35 miejscowych zagro\u017ce\u0144 i 1 alarm fa\u0142szywy.\u00a0<\/p>\n","protected":false},"author":1,"featured_media":0,"comment_status":"closed","ping_status":"closed","sticky":false,"template":"","format":"standard","meta":{"footnotes":""},"categories":[5,4,267],"tags":[491,643],"class_list":["post-25828","post","type-post","status-publish","format-standard","hentry","category-newsy","category-policja-straz-pozarna-pogotowie-ratunkowe","category-straz-pozarna-policja-straz-pozarna-pogotowie-ratunkowe","tag-komenda-powiatowa-panstwowej-strazy-pozarnej-w-wegrowie","tag-kronika-strazacka"],"views":2157,"_links":{"self":[{"href":"https:\/\/info.sadowne.pl\/index.php?rest_route=\/wp\/v2\/posts\/25828","targetHints":{"allow":["GET"]}}],"collection":[{"href":"https:\/\/info.sadowne.pl\/index.php?rest_route=\/wp\/v2\/posts"}],"about":[{"href":"https:\/\/info.sadowne.pl\/index.php?rest_route=\/wp\/v2\/types\/post"}],"author":[{"embeddable":true,"href":"https:\/\/info.sadowne.pl\/index.php?rest_route=\/wp\/v2\/users\/1"}],"replies":[{"embeddable":true,"href":"https:\/\/info.sadowne.pl\/index.php?rest_route=%2Fwp%2Fv2%2Fcomments&post=25828"}],"version-history":[{"count":1,"href":"https:\/\/info.sadowne.pl\/index.php?rest_route=\/wp\/v2\/posts\/25828\/revisions"}],"predecessor-version":[{"id":25829,"href":"https:\/\/info.sadowne.pl\/index.php?rest_route=\/wp\/v2\/posts\/25828\/revisions\/25829"}],"wp:attachment":[{"href":"https:\/\/info.sadowne.pl\/index.php?rest_route=%2Fwp%2Fv2%2Fmedia&parent=25828"}],"wp:term":[{"taxonomy":"category","embeddable":true,"href":"https:\/\/info.sadowne.pl\/index.php?rest_route=%2Fwp%2Fv2%2Fcategories&post=25828"},{"taxonomy":"post_tag","embeddable":true,"href":"https:\/\/info.sadowne.pl\/index.php?rest_route=%2Fwp%2Fv2%2Ftags&post=25828"}],"curies":[{"name":"wp","href":"https:\/\/api.w.org\/{rel}","templated":true}]}}