{"id":25852,"date":"2022-04-09T16:16:19","date_gmt":"2022-04-09T14:16:19","guid":{"rendered":"http:\/\/info.sadowne.pl\/?p=25852"},"modified":"2022-04-09T16:16:19","modified_gmt":"2022-04-09T14:16:19","slug":"wiersz-z-okienka-poeci-naszych-czasow","status":"publish","type":"post","link":"https:\/\/info.sadowne.pl\/?p=25852","title":{"rendered":"Wiersz z okienka &#8222;Poeci naszych czas\u00f3w&#8221;"},"content":{"rendered":"<p><a href=\"http:\/\/info.sadowne.pl\/wp-content\/uploads\/2022\/04\/2022.04.09.1.jpg\" target=\"_blank\" rel=\"noopener\"><img loading=\"lazy\" decoding=\"async\" class=\"alignleft wp-image-25853 size-thumbnail\" src=\"http:\/\/info.sadowne.pl\/wp-content\/uploads\/2022\/04\/2022.04.09.1-180x130.jpg\" alt=\"\" width=\"180\" height=\"130\" \/><\/a><\/p>\n<p><strong>Trzeci wiersz <\/strong><strong>Karola Wojteczka \u2013 absolwenta LO w Sadownem rocznik 2006.<\/strong><!--more--><\/p>\n<p style=\"text-align: center;\">*<\/p>\n<p style=\"text-align: center;\">*<\/p>\n<p style=\"text-align: center;\">*<\/p>\n<p style=\"text-align: center;\">*<\/p>\n<p style=\"text-align: center;\">*<\/p>\n<p style=\"text-align: center;\"><strong>Poeci naszych czas\u00f3w<\/strong><\/p>\n<p style=\"text-align: center;\">*<\/p>\n<p style=\"text-align: center;\">Szydz\u0105c z tych prawide\u0142, kt\u00f3re fundamentem<\/p>\n<p style=\"text-align: center;\">i w\u0142asne zbywaj\u0105c uczucia sarkazmem,<\/p>\n<p style=\"text-align: center;\">do\u0142\u0105czamy do tych, co w grze niepoj\u0119tej<\/p>\n<p style=\"text-align: center;\">na z\u0142\u0105 pami\u0119\u0107 regu\u0142 w\u0142o\u017c\u0105 dobr\u0105 mask\u0119.<\/p>\n<p style=\"text-align: center;\">*<\/p>\n<p style=\"text-align: center;\">Wyst\u0105piwszy piersi\u0105 przeciw niewidocznym,<\/p>\n<p style=\"text-align: center;\">dajem dow\u00f3d m\u0119stwa, siecz\u0105c przestrze\u0144 martw\u0105,<\/p>\n<p style=\"text-align: center;\">nazwawszy odwag\u0105 bunt wobec warto\u015bci<\/p>\n<p style=\"text-align: center;\">-sztuczny, pokazowy bunt dziecka przed matk\u0105.<\/p>\n<p style=\"text-align: center;\">*<\/p>\n<p style=\"text-align: center;\">Obce nam formu\u0142y od wiek\u00f3w szeptane,<\/p>\n<p style=\"text-align: center;\">gdy sw\u00f3j j\u0119zyk plamim przez wulgarny ha\u0142as<\/p>\n<p style=\"text-align: center;\">i nie znamy s\u0142owa, kt\u00f3re powiedziane,<\/p>\n<p style=\"text-align: center;\">do\u015b\u0107 by blu\u017ani\u0107 mog\u0142o, by ca\u0142y \u0142ad skala\u0107.<\/p>\n<p style=\"text-align: center;\">*<\/p>\n<p style=\"text-align: center;\">Skuszeni Mammona marzeniem diabelskim<\/p>\n<p style=\"text-align: center;\">za \u015bmiech si\u0119 skrywamy przed pustk\u0105 l\u0119kliwie,<\/p>\n<p style=\"text-align: center;\">odwag\u0105 zwa\u0107 chcemy pewno\u015b\u0107 braku zemsty,<\/p>\n<p style=\"text-align: center;\">chc\u0105c wierzy\u0107, \u017ce g\u0142o\u015bniej oznacza prawdziwiej.<\/p>\n<p style=\"text-align: center;\">*<\/p>\n<p style=\"text-align: center;\">Je\u015bli wi\u0119c si\u0119 godzim z w\u0142asnej pychy tryumfem<\/p>\n<p style=\"text-align: center;\">-mru\u017c\u0105c oko, sta\u0144my przed w\u0142asnym jestestwem<\/p>\n<p style=\"text-align: center;\">i z u\u015bmiechem damy, tej z Musee du Louvre<\/p>\n<p style=\"text-align: center;\">miejmy \u015bmia\u0142o\u015b\u0107 nazwa\u0107 sw\u0105 sztuk\u0119 kurestwem.<\/p>\n","protected":false},"excerpt":{"rendered":"<p>Trzeci wiersz Karola Wojteczka \u2013 absolwenta LO w Sadownem rocznik 2006.<\/p>\n","protected":false},"author":1,"featured_media":0,"comment_status":"closed","ping_status":"closed","sticky":false,"template":"","format":"standard","meta":{"footnotes":""},"categories":[5,48,6,108],"tags":[3727,3669,3750],"class_list":["post-25852","post","type-post","status-publish","format-standard","hentry","category-newsy","category-kacik-literacki","category-kultura-rozrywka-edukacja","category-okienko-poetyckie","tag-karol-wojteczek","tag-okienko-poetyckie","tag-wiersz-poeci-naszych-czasow"],"views":2317,"_links":{"self":[{"href":"https:\/\/info.sadowne.pl\/index.php?rest_route=\/wp\/v2\/posts\/25852","targetHints":{"allow":["GET"]}}],"collection":[{"href":"https:\/\/info.sadowne.pl\/index.php?rest_route=\/wp\/v2\/posts"}],"about":[{"href":"https:\/\/info.sadowne.pl\/index.php?rest_route=\/wp\/v2\/types\/post"}],"author":[{"embeddable":true,"href":"https:\/\/info.sadowne.pl\/index.php?rest_route=\/wp\/v2\/users\/1"}],"replies":[{"embeddable":true,"href":"https:\/\/info.sadowne.pl\/index.php?rest_route=%2Fwp%2Fv2%2Fcomments&post=25852"}],"version-history":[{"count":1,"href":"https:\/\/info.sadowne.pl\/index.php?rest_route=\/wp\/v2\/posts\/25852\/revisions"}],"predecessor-version":[{"id":25854,"href":"https:\/\/info.sadowne.pl\/index.php?rest_route=\/wp\/v2\/posts\/25852\/revisions\/25854"}],"wp:attachment":[{"href":"https:\/\/info.sadowne.pl\/index.php?rest_route=%2Fwp%2Fv2%2Fmedia&parent=25852"}],"wp:term":[{"taxonomy":"category","embeddable":true,"href":"https:\/\/info.sadowne.pl\/index.php?rest_route=%2Fwp%2Fv2%2Fcategories&post=25852"},{"taxonomy":"post_tag","embeddable":true,"href":"https:\/\/info.sadowne.pl\/index.php?rest_route=%2Fwp%2Fv2%2Ftags&post=25852"}],"curies":[{"name":"wp","href":"https:\/\/api.w.org\/{rel}","templated":true}]}}