{"id":25857,"date":"2022-04-11T17:39:47","date_gmt":"2022-04-11T15:39:47","guid":{"rendered":"http:\/\/info.sadowne.pl\/?p=25857"},"modified":"2022-04-11T17:39:47","modified_gmt":"2022-04-11T15:39:47","slug":"kronika-strazacka-04-10-04-2022","status":"publish","type":"post","link":"https:\/\/info.sadowne.pl\/?p=25857","title":{"rendered":"Kronika stra\u017cacka 04 \u2013 10.04.2022"},"content":{"rendered":"<p><strong><a href=\"http:\/\/info.sadowne.pl\/wp-content\/uploads\/2013\/07\/straz3.jpg\"><img loading=\"lazy\" decoding=\"async\" class=\"alignleft size-thumbnail wp-image-2625\" src=\"http:\/\/info.sadowne.pl\/wp-content\/uploads\/2013\/07\/straz3-180x130.jpg\" alt=\"\" width=\"180\" height=\"130\" \/><\/a>W<\/strong> <strong>okresie<\/strong> <strong>od<\/strong><strong> 04.04 10.04.2022 <\/strong><strong>na<\/strong> <strong>terenie<\/strong> <strong>powiatu<\/strong> <strong>w\u0119growskiego<\/strong> <strong>zanotowano: <\/strong><strong>10 <\/strong><strong>zdarze\u0144,<\/strong> <strong>przy<\/strong> <strong>kt\u00f3rych<\/strong> <strong>interweniowa\u0142y<\/strong> <strong>jednostki<\/strong> <strong>ochrony<\/strong> <strong>przeciwpo\u017carowej, w tym:<\/strong><strong> 1 po\u017car, 7 miejscowych zagro\u017ce\u0144 i 2 alarmy fa\u0142szywe.<\/strong><!--more--><\/p>\n<p><strong>07.04.2022 \u2013 W\u0119gr\u00f3w, ul. Gda\u0144ska \u2013 Wypadek samochodowy.<\/strong><\/p>\n<p>Do zdarzenia zadysponowano dwa zast\u0119py JRG W\u0119gr\u00f3w oraz OSP W\u0119gr\u00f3w. Po doje\u017adzie na miejsce zdarzenia zast\u0119p\u00f3w JRG stra\u017cacy stwierdzili, \u017ce na drodze krajowej 62 dosz\u0142o do zderzenia samochodu ci\u0119\u017carowego z osobowym (uderzenie pojazdu ci\u0119\u017carowego w ty\u0142 pojazdu osobowego), w samochodzie osobowym znajduje si\u0119 kieruj\u0105ca pojazdem. ZRM udziela pomocy poszkodowanej. Dzia\u0142ania zast\u0119p\u00f3w polega\u0142y na zabezpieczeniu miejsca zdarzenia, od\u0142\u0105czeniu klem akumulatora oraz kierowaniu ruchem drogowym. Po odje\u017adzie ZRM z miejsca zdarzenia zast\u0119py JRG zako\u0144czy\u0142 dzia\u0142ania i wr\u00f3ci\u0142 do bazy. Na miejscu na pro\u015bb\u0119 policji zosta\u0142 zast\u0119p OSP w celu pomocy w zabezpieczeniu miejsca zdarzenia oraz kierowaniu ruchem drogowym.<\/p>\n<p>W DZIA\u0141ANIACH RATOWNICZYCH UDZIA\u0141 BRA\u0141O: 3 zast\u0119py, 9 ratownik\u00f3w.<\/p>\n<p><strong>07.04.2022<\/strong> \u2013 <strong>Oci\u0119te, gm. Sadowne \u2013 Po\u017car r\u0119baka.<\/strong><\/p>\n<p>Po przybyciu na miejsce zdarzenia zast\u0119p\u00f3w OSP Sadowne i JRG Posterunek Ostr\u00f3wek, stra\u017cacy stwierdzili, \u017ce pali si\u0119 przemys\u0142owy r\u0119bak do drewna. Podano dwa pr\u0105dy wody w natarciu, co doprowadzi\u0142o do zlokalizowania i ugaszenia po\u017caru.<\/p>\n<p>W DZIA\u0141ANIACH RATOWNICZYCH UDZIA\u0141 BRA\u0141O: 2 zast\u0119py, 10 ratownik\u00f3w.<strong>\u00a0<\/strong><\/p>\n<p><strong>08.04.2022 \u2013 Stary Dw\u00f3r, gm. Wierzbno \u2013 Zerwany dach stodo\u0142y.<\/strong><\/p>\n<p>Stra\u017cacy z OSP Wierzbno po przybyciu na miejsce zdarzenia potwierdzili, \u017ce wiatr uszkodzi\u0142 cz\u0119\u015bciowo dach stodo\u0142y. Po sprawieniu drabin przeno\u015bnych ratownicy usun\u0119li zagra\u017caj\u0105ce upadkiem elementy dachu. Nast\u0119pnie przy pomocy elektronarz\u0119dzi zabezpieczyli pozosta\u0142\u0105 cz\u0119\u015b\u0107 dachu przed zerwaniem. Na tym dzia\u0142ania zako\u0144czono.<\/p>\n<p>W DZIA\u0141ANIACH RATOWNICZYCH UDZIA\u0141 BRA\u0141O: 1 zast\u0119p, 6 ratownik\u00f3w.<\/p>\n<p><strong>KP PSP W\u0119gr\u00f3w<\/strong><\/p>\n","protected":false},"excerpt":{"rendered":"<p>W okresie od 04.04 10.04.2022 na terenie powiatu w\u0119growskiego zanotowano: 10 zdarze\u0144, przy kt\u00f3rych interweniowa\u0142y jednostki ochrony przeciwpo\u017carowej, w tym: 1 po\u017car, 7 miejscowych zagro\u017ce\u0144 i 2 alarmy fa\u0142szywe.<\/p>\n","protected":false},"author":1,"featured_media":0,"comment_status":"closed","ping_status":"closed","sticky":false,"template":"","format":"standard","meta":{"footnotes":""},"categories":[5,4,267],"tags":[491,643],"class_list":["post-25857","post","type-post","status-publish","format-standard","hentry","category-newsy","category-policja-straz-pozarna-pogotowie-ratunkowe","category-straz-pozarna-policja-straz-pozarna-pogotowie-ratunkowe","tag-komenda-powiatowa-panstwowej-strazy-pozarnej-w-wegrowie","tag-kronika-strazacka"],"views":2273,"_links":{"self":[{"href":"https:\/\/info.sadowne.pl\/index.php?rest_route=\/wp\/v2\/posts\/25857","targetHints":{"allow":["GET"]}}],"collection":[{"href":"https:\/\/info.sadowne.pl\/index.php?rest_route=\/wp\/v2\/posts"}],"about":[{"href":"https:\/\/info.sadowne.pl\/index.php?rest_route=\/wp\/v2\/types\/post"}],"author":[{"embeddable":true,"href":"https:\/\/info.sadowne.pl\/index.php?rest_route=\/wp\/v2\/users\/1"}],"replies":[{"embeddable":true,"href":"https:\/\/info.sadowne.pl\/index.php?rest_route=%2Fwp%2Fv2%2Fcomments&post=25857"}],"version-history":[{"count":1,"href":"https:\/\/info.sadowne.pl\/index.php?rest_route=\/wp\/v2\/posts\/25857\/revisions"}],"predecessor-version":[{"id":25858,"href":"https:\/\/info.sadowne.pl\/index.php?rest_route=\/wp\/v2\/posts\/25857\/revisions\/25858"}],"wp:attachment":[{"href":"https:\/\/info.sadowne.pl\/index.php?rest_route=%2Fwp%2Fv2%2Fmedia&parent=25857"}],"wp:term":[{"taxonomy":"category","embeddable":true,"href":"https:\/\/info.sadowne.pl\/index.php?rest_route=%2Fwp%2Fv2%2Fcategories&post=25857"},{"taxonomy":"post_tag","embeddable":true,"href":"https:\/\/info.sadowne.pl\/index.php?rest_route=%2Fwp%2Fv2%2Ftags&post=25857"}],"curies":[{"name":"wp","href":"https:\/\/api.w.org\/{rel}","templated":true}]}}