{"id":25891,"date":"2022-04-14T13:16:02","date_gmt":"2022-04-14T11:16:02","guid":{"rendered":"http:\/\/info.sadowne.pl\/?p=25891"},"modified":"2022-04-14T13:16:02","modified_gmt":"2022-04-14T11:16:02","slug":"katynska-golgota","status":"publish","type":"post","link":"https:\/\/info.sadowne.pl\/?p=25891","title":{"rendered":"\u201eKaty\u0144ska Golgota\u201d"},"content":{"rendered":"<p><strong><em><a href=\"http:\/\/info.sadowne.pl\/wp-content\/uploads\/2022\/04\/2022.04.14.2.jpg\" target=\"_blank\" rel=\"noopener\"><img loading=\"lazy\" decoding=\"async\" class=\"alignleft wp-image-25892 size-thumbnail\" src=\"http:\/\/info.sadowne.pl\/wp-content\/uploads\/2022\/04\/2022.04.14.2-180x130.jpg\" alt=\"\" width=\"180\" height=\"130\" \/><\/a>Zaprawd\u0119 godnym i sprawiedliwym<\/em><\/strong><em>, <\/em><strong><em>s\u0142usznym i zbawiennym jest<\/em><\/strong><em>, <\/em><strong><em>\u017ceby cz\u0142owiek<\/em><\/strong><em> <strong>w<\/strong><\/em><strong><em> \u017cyciu onym<\/em><em> s<\/em><em>prawiedliwym<\/em><\/strong><em> <strong>by<\/strong><\/em><strong><em>\u0142 i godnym<\/em><\/strong> &#8211; Edward Stachura \u201cPrefacja\u201d.<!--more--><\/p>\n<p><strong><em>Krzy\u017c, kt\u00f3ry sta\u0142 si\u0119 bram\u0105&#8230;<\/em><\/strong><\/p>\n<p>13 kwietnia, w 82. rocznic\u0119 zbrodni katy\u0144skiej, dzieci i m\u0142odzie\u017c Szko\u0142y Podstawowej im. b\u0142. ks. Edwarda Grzyma\u0142y w Sadownem upami\u0119tnili to wydarzenie uroczyst\u0105 akademi\u0105 pt.<em> \u201cKaty\u0144ska Golgota\u201d<\/em>. Uroczysto\u015b\u0107 t\u0119 swoj\u0105 obecno\u015bci\u0105 zaszczycili zaproszeni go\u015bcie: ks. proboszcz Antoni Kunicki, zast\u0119pca w\u00f3jta p. Marcin Gr\u0119da, skarbnik Gminy Sadowne p. Anna Rukat, dyrektor GOK-u w Sadownem p. Ewa Pi\u00f3rkowska, przewodnicz\u0105ca RR p. Bo\u017cena Rostek i inni rodzice.<\/p>\n<p>Wszystkich zgromadzonych w sali gimnastycznej szko\u0142y powita\u0142a dyrektor Ma\u0142gorzata Koro\u015b, po czym\u00a0 w przem\u00f3wieniu nawi\u0105za\u0142a do zbrodni katy\u0144skiej, przedstawiaj\u0105c jej zarys historyczny. Nast\u0119pnie g\u0142os zabrali uczniowie szko\u0142y, kt\u00f3rzy &#8211; pod opiek\u0105 Pani D. Ga\u0142\u0105zki, K. Kie\u0142ka, A. Popowskiej-Filipiak i H. Dymickiej &#8211; przygotowali tematyczny do uroczysto\u015bci monta\u017c s\u0142owno &#8211; muzyczny.<\/p>\n<p>Podczas wyst\u0119pu mogli\u015bmy podziwia\u0107 talenty ponad 30. uczni\u00f3w, m.in.: wra\u017cliwo\u015b\u0107 na s\u0142owo Kingi Koro\u015b oraz wokale Klary Rostek (ucz. kl.\u201c0\u201d), Ani Ga\u0142\u0105zki, Natalii Rolek, Weroniki Styczy\u0144skiej i Kasi Bujalskiej. Dziewczynom akompaniowa\u0142 wirtuoz pianina elektronicznego &#8211; Mateusz Sty\u015b.<\/p>\n<p>Fragmenty Pisma \u015awi\u0119tego, poezja, teksty piosenek i oprawa sceniczna zaproponowa\u0142y odczytanie sensu cierpienia poleg\u0142ych m.in. w Katyniu, Ostaszkowie, Smole\u0144sku, Miednoje, Starobielsku, Charkowie oraz ich rodzin w kontek\u015bcie m\u0119cze\u0144stwa i \u015bmierci Chrystusa. M\u0142odzi aktorzy mocno zaakcentowali prawd\u0119, \u017ce krzy\u017c, kt\u00f3ry jako ludzie wiary d\u017awigamy, prowadzi do zbawienia, do \u017cycia w wolno\u015bci. Uroczysto\u015b\u0107 zako\u0144czy\u0142a si\u0119 przes\u0142aniem, by w codziennych wyborach odrzuci\u0107 wszelkie uprzedzenia, zawsze stawa\u0107 w obronie warto\u015bci i nigdy nie kierowa\u0107 si\u0119 nienawi\u015bci\u0105.<\/p>\n<p>Okaza\u0142o si\u0119, \u017ce tre\u015b\u0107 i forma przekazu by\u0142y bliskie sercu widz\u00f3w. Po wielu policzkach pop\u0142yn\u0119\u0142y \u0142zy, a przedstawiaj\u0105cy, dzieci i m\u0142odzie\u017c, stali si\u0119 \u201cinni\u201d w oczach swych rodzic\u00f3w, nauczycieli i koleg\u00f3w &#8211; dojrzalsi. Braw i podziwu dla wyst\u0119puj\u0105cych by\u0142o bardzo wiele.<\/p>\n<p><strong>Ma\u0142gorzat Koro\u015b, Dorota Ga\u0142\u0105zka<\/strong><\/p>\n<p><span style=\"color: #0000ff;\"><a style=\"color: #0000ff;\" href=\"https:\/\/photos.app.goo.gl\/RWMesJHs1RQncVjj9\" target=\"_blank\" rel=\"noopener\"><strong>Zdj\u0119cia w galerii Google&gt;&gt;&gt;<\/strong><\/a><\/span><\/p>\n","protected":false},"excerpt":{"rendered":"<p>Zaprawd\u0119 godnym i sprawiedliwym, s\u0142usznym i zbawiennym jest, \u017ceby cz\u0142owiek w \u017cyciu onym sprawiedliwym by\u0142 i godnym &#8211; Edward Stachura \u201cPrefacja\u201d.<\/p>\n","protected":false},"author":1,"featured_media":0,"comment_status":"closed","ping_status":"closed","sticky":false,"template":"","format":"standard","meta":{"footnotes":""},"categories":[5,1752,84],"tags":[3756,3755,2576,3131,16],"class_list":["post-25891","post","type-post","status-publish","format-standard","hentry","category-newsy","category-edukacja","category-szkola-podstawowa-im-cz-wycecha","tag-katynska-golgota","tag-82-rocznica-zbrodni-katynskiej","tag-dorota-galazka","tag-malgorzata-koros","tag-szkola-podstawowa-w-sadownem"],"views":2020,"_links":{"self":[{"href":"https:\/\/info.sadowne.pl\/index.php?rest_route=\/wp\/v2\/posts\/25891","targetHints":{"allow":["GET"]}}],"collection":[{"href":"https:\/\/info.sadowne.pl\/index.php?rest_route=\/wp\/v2\/posts"}],"about":[{"href":"https:\/\/info.sadowne.pl\/index.php?rest_route=\/wp\/v2\/types\/post"}],"author":[{"embeddable":true,"href":"https:\/\/info.sadowne.pl\/index.php?rest_route=\/wp\/v2\/users\/1"}],"replies":[{"embeddable":true,"href":"https:\/\/info.sadowne.pl\/index.php?rest_route=%2Fwp%2Fv2%2Fcomments&post=25891"}],"version-history":[{"count":1,"href":"https:\/\/info.sadowne.pl\/index.php?rest_route=\/wp\/v2\/posts\/25891\/revisions"}],"predecessor-version":[{"id":25893,"href":"https:\/\/info.sadowne.pl\/index.php?rest_route=\/wp\/v2\/posts\/25891\/revisions\/25893"}],"wp:attachment":[{"href":"https:\/\/info.sadowne.pl\/index.php?rest_route=%2Fwp%2Fv2%2Fmedia&parent=25891"}],"wp:term":[{"taxonomy":"category","embeddable":true,"href":"https:\/\/info.sadowne.pl\/index.php?rest_route=%2Fwp%2Fv2%2Fcategories&post=25891"},{"taxonomy":"post_tag","embeddable":true,"href":"https:\/\/info.sadowne.pl\/index.php?rest_route=%2Fwp%2Fv2%2Ftags&post=25891"}],"curies":[{"name":"wp","href":"https:\/\/api.w.org\/{rel}","templated":true}]}}