{"id":25897,"date":"2022-04-15T14:00:26","date_gmt":"2022-04-15T12:00:26","guid":{"rendered":"http:\/\/info.sadowne.pl\/?p=25897"},"modified":"2022-04-15T14:13:21","modified_gmt":"2022-04-15T12:13:21","slug":"jeszcze-raz-o-branszczyku-i-ostrowi","status":"publish","type":"post","link":"https:\/\/info.sadowne.pl\/?p=25897","title":{"rendered":"Jeszcze raz o Bra\u0144szczyku i Ostrowi,"},"content":{"rendered":"<p><strong><a href=\"http:\/\/info.sadowne.pl\/wp-content\/uploads\/2022\/04\/Brok78.jpg\" target=\"_blank\" rel=\"noopener\"><img loading=\"lazy\" decoding=\"async\" class=\"alignleft wp-image-25898 size-thumbnail\" src=\"http:\/\/info.sadowne.pl\/wp-content\/uploads\/2022\/04\/Brok78-180x130.jpg\" alt=\"\" width=\"180\" height=\"130\" \/><\/a>\u2026a tak\u017ce o Broku i \u201edziadowskim morzu\u201d.<\/strong><strong>\u00a0<\/strong><!--more--><\/p>\n<p>Ostatnio, s\u0142owami proboszcza bra\u0144szczykowskiego ks. Bonifacego Ostrzykowskiego opowiadali\u015bmy o jego parafii w po\u0142owie wieku XIX. Nale\u017cy doda\u0107, i\u017c ksi\u0105dz ten by\u0142 osob\u0105 wielce zas\u0142u\u017con\u0105 i znan\u0105 ze swej patriotycznej postawy podczas powstania listopadowego, o czym kilkakrotnie wspomina\u0142a prasa sto\u0142eczna. Wypada sprawdzi\u0107 jakie zmiany zasz\u0142y w Bra\u0144szczyku w ci\u0105gu drugiej po\u0142\u00f3wki rzeczonego stulecia. Miejscowo\u015b\u0107 zastajemy w stanie kwitn\u0105cym, rozwija si\u0119 drobny przemys\u0142, ludzie \u017cyj\u0105 dostatnio, cz\u0119sto nawet w domach murowanych, a i grosza na kszta\u0142cenie swych dziatek nie \u017ca\u0142uj\u0105.<\/p>\n<p>Kontynuujemy tak\u017ce publikacj\u0119 list\u00f3w z Ostrowi Mazowieckiej. Cennymi uwagami na temat \u017cycia w mie\u015bcie i okolicy dzieli\u0142 si\u0119 z nami uprzednio obywatel podpisany, jako \u201eParafianin\u201d. Dzisiaj list mieszka\u0144ca, kt\u00f3ry sygnuje swoj\u0105 episto\u0142\u0119 pseudonimem \u201eSw\u00f3j\u201d. Pan Sw\u00f3j ciekawie pisze o \u017cyciu gospodarczym, spo\u0142ecznym, a nawet teatralnym swej miejscowo\u015bci. Jego uwagi tycz\u0105ce bujnego \u017cycia scenicznego naszej lokalnej metropolii uzna\u0142 za konieczne sprostowa\u0107 po tygodniu d\u017centelmen podaj\u0105cy si\u0119 za Kastaczy\u0144skiego.<\/p>\n<p><strong>Wi\u0119cej na stronie <span style=\"color: #0000ff;\"><a style=\"color: #0000ff;\" href=\"https:\/\/madzelan.cba.pl\/jeszcze-raz-o-branszczyku-i-ostrowi-a-takze-o-broku-i-dziadowskim-morzu\/\" target=\"_blank\" rel=\"noopener\">https:\/\/madzelan.cba.pl\/jeszcze-raz-o-branszczyku-i-ostrowi-a-takze-o-broku-i-dziadowskim-morzu\/<\/a><\/span><\/strong><\/p>\n","protected":false},"excerpt":{"rendered":"<p>\u2026a tak\u017ce o Broku i \u201edziadowskim morzu\u201d.\u00a0<\/p>\n","protected":false},"author":1,"featured_media":0,"comment_status":"closed","ping_status":"closed","sticky":false,"template":"","format":"standard","meta":{"footnotes":""},"categories":[5,3436,31],"tags":[3758,3004,2956,3759],"class_list":["post-25897","post","type-post","status-publish","format-standard","hentry","category-newsy","category-opowiesci-historie-legendy-brokowskie-i-nie-tylko","category-historia-gminy","tag-branszczyk","tag-jerzy-madzelan","tag-opowiesci-historie-legendy-brokowskie-i-nie-tylko","tag-ostrow-mazowiecka"],"views":1903,"_links":{"self":[{"href":"https:\/\/info.sadowne.pl\/index.php?rest_route=\/wp\/v2\/posts\/25897","targetHints":{"allow":["GET"]}}],"collection":[{"href":"https:\/\/info.sadowne.pl\/index.php?rest_route=\/wp\/v2\/posts"}],"about":[{"href":"https:\/\/info.sadowne.pl\/index.php?rest_route=\/wp\/v2\/types\/post"}],"author":[{"embeddable":true,"href":"https:\/\/info.sadowne.pl\/index.php?rest_route=\/wp\/v2\/users\/1"}],"replies":[{"embeddable":true,"href":"https:\/\/info.sadowne.pl\/index.php?rest_route=%2Fwp%2Fv2%2Fcomments&post=25897"}],"version-history":[{"count":1,"href":"https:\/\/info.sadowne.pl\/index.php?rest_route=\/wp\/v2\/posts\/25897\/revisions"}],"predecessor-version":[{"id":25899,"href":"https:\/\/info.sadowne.pl\/index.php?rest_route=\/wp\/v2\/posts\/25897\/revisions\/25899"}],"wp:attachment":[{"href":"https:\/\/info.sadowne.pl\/index.php?rest_route=%2Fwp%2Fv2%2Fmedia&parent=25897"}],"wp:term":[{"taxonomy":"category","embeddable":true,"href":"https:\/\/info.sadowne.pl\/index.php?rest_route=%2Fwp%2Fv2%2Fcategories&post=25897"},{"taxonomy":"post_tag","embeddable":true,"href":"https:\/\/info.sadowne.pl\/index.php?rest_route=%2Fwp%2Fv2%2Ftags&post=25897"}],"curies":[{"name":"wp","href":"https:\/\/api.w.org\/{rel}","templated":true}]}}