{"id":25955,"date":"2022-05-06T10:33:09","date_gmt":"2022-05-06T08:33:09","guid":{"rendered":"http:\/\/info.sadowne.pl\/?p=25955"},"modified":"2022-05-06T10:33:09","modified_gmt":"2022-05-06T08:33:09","slug":"swieto-konstytucji-3-maja-w-grabinach","status":"publish","type":"post","link":"https:\/\/info.sadowne.pl\/?p=25955","title":{"rendered":"\u015awi\u0119to Konstytucji 3 Maja w Grabinach"},"content":{"rendered":"<p><strong><a href=\"http:\/\/info.sadowne.pl\/wp-content\/uploads\/2022\/05\/2022.05.06.1.jpg\" target=\"_blank\" rel=\"noopener\"><img loading=\"lazy\" decoding=\"async\" class=\"alignleft wp-image-25956 size-thumbnail\" src=\"http:\/\/info.sadowne.pl\/wp-content\/uploads\/2022\/05\/2022.05.06.1-180x130.jpg\" alt=\"\" width=\"180\" height=\"130\" \/><\/a>W dniu 5 maja obchodzili\u015bmy w naszym Przedszkolu \u015awi\u0119to Uchwalenia<\/strong><strong> Konstytucji 3 Maja.<\/strong><!--more--><\/p>\n<p>Z tej okazji przedszkolaki przygotowa\u0142y kr\u00f3tki wyst\u0119p, kt\u00f3rego g\u0142\u00f3wnym celem by\u0142o nie tylko upami\u0119tnienie rocznicy uchwalenia Konstytucji, ale tak\u017ce rozwijanie poczucia przynale\u017cno\u015bci narodowej u naszych ma\u0142ych Patriot\u00f3w.<\/p>\n<p>W tym wa\u017cnym dniu Dzieci prezentowa\u0142y si\u0119 niezwykle uroczy\u015bcie, tym samym prezentuj\u0105c pi\u0119kno naszej Ojczyzny.\u00a0 Przedszkolaki recytowa\u0142y wiersze i za\u015bpiewa\u0142y piosenk\u0119 o naszej Ojczy\u017anie. Wykona\u0142y r\u00f3wnie\u017c prace plastyczne o tematyce zwi\u0105zanej ze \u015bwi\u0119tem 3 maja.<\/p>\n<p><strong>Wi\u0119cej na stronie<\/strong> <span style=\"color: #0000ff;\"><strong><a style=\"color: #0000ff;\" href=\"https:\/\/photos.app.goo.gl\/uVYN4BjB1P1Ndptg6\" target=\"_blank\" rel=\"noopener\">https:\/\/photos.app.goo.gl\/uVYN4BjB1P1Ndptg6<\/a><\/strong><\/span><\/p>\n<p><strong>Tekst\/foto:<\/strong> Przedszkole Grabiny<\/p>\n","protected":false},"excerpt":{"rendered":"<p>W dniu 5 maja obchodzili\u015bmy w naszym Przedszkolu \u015awi\u0119to Uchwalenia Konstytucji 3 Maja.<\/p>\n","protected":false},"author":1,"featured_media":0,"comment_status":"closed","ping_status":"closed","sticky":false,"template":"","format":"standard","meta":{"footnotes":""},"categories":[5,1752,1120],"tags":[3664,3771,2289],"class_list":["post-25955","post","type-post","status-publish","format-standard","hentry","category-newsy","category-edukacja","category-zespol-szkolno-przedszkolny-w-grabinach","tag-przedszkole-w-grabinach","tag-swieto-konstytucji-3-maja-w-grabinach","tag-zespol-szkolno-przedszkolny-w-grabinach"],"views":2184,"_links":{"self":[{"href":"https:\/\/info.sadowne.pl\/index.php?rest_route=\/wp\/v2\/posts\/25955","targetHints":{"allow":["GET"]}}],"collection":[{"href":"https:\/\/info.sadowne.pl\/index.php?rest_route=\/wp\/v2\/posts"}],"about":[{"href":"https:\/\/info.sadowne.pl\/index.php?rest_route=\/wp\/v2\/types\/post"}],"author":[{"embeddable":true,"href":"https:\/\/info.sadowne.pl\/index.php?rest_route=\/wp\/v2\/users\/1"}],"replies":[{"embeddable":true,"href":"https:\/\/info.sadowne.pl\/index.php?rest_route=%2Fwp%2Fv2%2Fcomments&post=25955"}],"version-history":[{"count":1,"href":"https:\/\/info.sadowne.pl\/index.php?rest_route=\/wp\/v2\/posts\/25955\/revisions"}],"predecessor-version":[{"id":25957,"href":"https:\/\/info.sadowne.pl\/index.php?rest_route=\/wp\/v2\/posts\/25955\/revisions\/25957"}],"wp:attachment":[{"href":"https:\/\/info.sadowne.pl\/index.php?rest_route=%2Fwp%2Fv2%2Fmedia&parent=25955"}],"wp:term":[{"taxonomy":"category","embeddable":true,"href":"https:\/\/info.sadowne.pl\/index.php?rest_route=%2Fwp%2Fv2%2Fcategories&post=25955"},{"taxonomy":"post_tag","embeddable":true,"href":"https:\/\/info.sadowne.pl\/index.php?rest_route=%2Fwp%2Fv2%2Ftags&post=25955"}],"curies":[{"name":"wp","href":"https:\/\/api.w.org\/{rel}","templated":true}]}}