{"id":25967,"date":"2022-05-10T13:57:35","date_gmt":"2022-05-10T11:57:35","guid":{"rendered":"http:\/\/info.sadowne.pl\/?p=25967"},"modified":"2022-05-10T13:57:35","modified_gmt":"2022-05-10T11:57:35","slug":"kronika-strazacka-02-08-05-2022","status":"publish","type":"post","link":"https:\/\/info.sadowne.pl\/?p=25967","title":{"rendered":"Kronika stra\u017cacka 02 &#8211; 08.05.2022"},"content":{"rendered":"<p><strong><a href=\"http:\/\/info.sadowne.pl\/wp-content\/uploads\/2013\/07\/straz3.jpg\"><img loading=\"lazy\" decoding=\"async\" class=\"alignleft size-thumbnail wp-image-2625\" src=\"http:\/\/info.sadowne.pl\/wp-content\/uploads\/2013\/07\/straz3-180x130.jpg\" alt=\"\" width=\"180\" height=\"130\" \/><\/a>W<\/strong><strong> okresie<\/strong><strong> od<\/strong><strong> 02 &#8211; 08.05.2022 na<\/strong><strong> terenie<\/strong><strong> powiatu<\/strong><strong> w\u0119growskiego<\/strong><strong> zanotowano: <\/strong><strong>10 zdarze\u0144,<\/strong><strong> przy<\/strong><strong> kt\u00f3rych<\/strong><strong> interweniowa\u0142y<\/strong><strong> jednostki<\/strong><strong> ochrony<\/strong><strong> przeciwpo\u017carowej, w tym:<\/strong><strong> 5 po\u017car\u00f3w i 5 miejscowych zagro\u017ce\u0144.<\/strong><strong>\u00a0<\/strong><!--more--><\/p>\n<p><strong>04.05.2022 \u2013 P\u0142atkownica DK nr 50 \u2013 dachowanie samochodu osobowego.<\/strong><\/p>\n<p>W miejscowo\u015bci P\u0142atkownica, na wysoko\u015bci 276.8 km DK 50, samoch\u00f3d osobowy marki BMW znajduje si\u0119 w ca\u0142o\u015bci poza drog\u0105, po dachowaniu i uderzeniu w drzewo. Pojazdem tym podr\u00f3\u017cowa\u0142y dwie osoby, kt\u00f3rzy opu\u015bcili pojazd samodzielnie przed przybyciem s\u0142u\u017cb. W wyniku zdarzenia poszkodowana zosta\u0142a jedna osoba. Dzia\u0142ania zast\u0119p\u00f3w polega\u0142y na zabezpieczeniu miejsca zdarzenia i udzieleniu kwalifikowanej pierwszej pomocy poszkodowanemu kierowcy pojazdu. Uleg\u0142o zniszczeniu lub spaleniu: Samoch\u00f3d osobowy BMW 1 &#8211; w ca\u0142o\u015bci.<\/p>\n<p>W DZIA\u0141ANIACH RATOWNICZYCH UDZIA\u0141 BRA\u0141O: 2 zast\u0119py stra\u017cy, 10 ratownik\u00f3w<\/p>\n<p><strong>Ponadto w podanym okresie czasu JOP usuwa\u0142y niewielkie po\u017cary traw w p\u00f3\u0142nocnej cz\u0119\u015bci powiatu. <\/strong><\/p>\n<p><strong>KP PSP W\u0119gr\u00f3w<\/strong><\/p>\n","protected":false},"excerpt":{"rendered":"<p>W okresie od 02 &#8211; 08.05.2022 na terenie powiatu w\u0119growskiego zanotowano: 10 zdarze\u0144, przy kt\u00f3rych interweniowa\u0142y jednostki ochrony przeciwpo\u017carowej, w tym: 5 po\u017car\u00f3w i 5 miejscowych zagro\u017ce\u0144.\u00a0<\/p>\n","protected":false},"author":1,"featured_media":0,"comment_status":"closed","ping_status":"closed","sticky":false,"template":"","format":"standard","meta":{"footnotes":""},"categories":[5,4,267],"tags":[491,643],"class_list":["post-25967","post","type-post","status-publish","format-standard","hentry","category-newsy","category-policja-straz-pozarna-pogotowie-ratunkowe","category-straz-pozarna-policja-straz-pozarna-pogotowie-ratunkowe","tag-komenda-powiatowa-panstwowej-strazy-pozarnej-w-wegrowie","tag-kronika-strazacka"],"views":1836,"_links":{"self":[{"href":"https:\/\/info.sadowne.pl\/index.php?rest_route=\/wp\/v2\/posts\/25967","targetHints":{"allow":["GET"]}}],"collection":[{"href":"https:\/\/info.sadowne.pl\/index.php?rest_route=\/wp\/v2\/posts"}],"about":[{"href":"https:\/\/info.sadowne.pl\/index.php?rest_route=\/wp\/v2\/types\/post"}],"author":[{"embeddable":true,"href":"https:\/\/info.sadowne.pl\/index.php?rest_route=\/wp\/v2\/users\/1"}],"replies":[{"embeddable":true,"href":"https:\/\/info.sadowne.pl\/index.php?rest_route=%2Fwp%2Fv2%2Fcomments&post=25967"}],"version-history":[{"count":1,"href":"https:\/\/info.sadowne.pl\/index.php?rest_route=\/wp\/v2\/posts\/25967\/revisions"}],"predecessor-version":[{"id":25968,"href":"https:\/\/info.sadowne.pl\/index.php?rest_route=\/wp\/v2\/posts\/25967\/revisions\/25968"}],"wp:attachment":[{"href":"https:\/\/info.sadowne.pl\/index.php?rest_route=%2Fwp%2Fv2%2Fmedia&parent=25967"}],"wp:term":[{"taxonomy":"category","embeddable":true,"href":"https:\/\/info.sadowne.pl\/index.php?rest_route=%2Fwp%2Fv2%2Fcategories&post=25967"},{"taxonomy":"post_tag","embeddable":true,"href":"https:\/\/info.sadowne.pl\/index.php?rest_route=%2Fwp%2Fv2%2Ftags&post=25967"}],"curies":[{"name":"wp","href":"https:\/\/api.w.org\/{rel}","templated":true}]}}