{"id":25985,"date":"2022-05-16T14:13:01","date_gmt":"2022-05-16T12:13:01","guid":{"rendered":"http:\/\/info.sadowne.pl\/?p=25985"},"modified":"2022-05-16T14:13:01","modified_gmt":"2022-05-16T12:13:01","slug":"kronika-strazacka-09-15-maja-2022","status":"publish","type":"post","link":"https:\/\/info.sadowne.pl\/?p=25985","title":{"rendered":"Kronika stra\u017cacka 09 \u2013 15 maja 2022"},"content":{"rendered":"<p><strong><a href=\"http:\/\/info.sadowne.pl\/wp-content\/uploads\/2013\/07\/straz3.jpg\"><img loading=\"lazy\" decoding=\"async\" class=\"alignleft size-thumbnail wp-image-2625\" src=\"http:\/\/info.sadowne.pl\/wp-content\/uploads\/2013\/07\/straz3-180x130.jpg\" alt=\"\" width=\"180\" height=\"130\" \/><\/a>W<\/strong> <strong>okresie<\/strong><strong> 09 &#8211; 15.05.2022 <\/strong><strong>na<\/strong> <strong>terenie<\/strong> <strong>powiatu<\/strong> <strong>w\u0119growskiego<\/strong> <strong>zanotowano:<\/strong><strong> 15 <\/strong><strong>zdarze\u0144,<\/strong> <strong>przy<\/strong> <strong>kt\u00f3rych<\/strong> <strong>interweniowa\u0142y<\/strong> <strong>jednostki<\/strong> <strong>ochrony<\/strong> <strong>przeciwpo\u017carowej, w tym:<\/strong><strong> 5 po\u017car\u00f3w i 10 miejscowych zagro\u017ce\u0144.<\/strong><strong>\u00a0<\/strong><!--more--><\/p>\n<p><strong>09.05.2022 \u2013 Sadowne \u2013 Wypadek samochodu osobowego.<\/strong><\/p>\n<p>Do SKKP w W\u0119growie wp\u0142yn\u0119\u0142a informacja ,,JAD\u0104C W KIERUNKU CMENTARZA. SAMOCH\u00d3D WBI\u0141 SI\u0118 W P\u0141OT. JEDNA OSOBA WYSZ\u0141A, DRUGA JEST W SAMOCHODZIE&#8221;. Do zdarzenia zosta\u0142y zadysponowane zast\u0119py JRG W\u0119gr\u00f3w GBA (posterunek) i SLRt oraz GBA OSP Sadowne. Po doje\u017adzie na miejsce zdarzenia zast\u0119pu OSP Sadowne, stra\u017cacy stwierdzili, \u017ce samoch\u00f3d osobowy Seat Leon wypad\u0142 z drogi i uderzy\u0142 w ogrodzenie. Pojazdem podr\u00f3\u017cowa\u0142y dwie osoby, kt\u00f3re samodzielnie opu\u015bci\u0142y pojazd przed przybyciem s\u0142u\u017cb. Dzia\u0142ania zast\u0119pu polega\u0142y na zabezpieczeniu miejsca zdarzenia i udzieleniu kwalifikowanej pierwszej pomocy jednej osobie. Przyby\u0142y na miejsce ZRM przetransportowa\u0142 do szpitala jedn\u0105 osob\u0119. Na miejscu pozosta\u0142 zast\u0119p OSP na pro\u015bb\u0119 policji w pomocy przy o\u015bwietleniu i zabezpieczeniu miejsca zdarzenia podczas prowadzenia czynno\u015bci dochodzeniowych.<\/p>\n<p>W DZIA\u0141ANIACH RATOWNICZYCH UDZIA\u0141 BRA\u0141O: 2 zast\u0119py, 8 ratownik\u00f3w.<\/p>\n<p><strong>10.05.2022<\/strong> \u2013 <strong>Baczki, gm. \u0141och\u00f3w \u2013 Wypadek samochodu osobowego.<\/strong><\/p>\n<p>Po dotarciu na miejsce zdarzenia zast\u0119pu z OSP \u0141och\u00f3w, stra\u017cacy stwierdzili, \u017ce na miejscu dosz\u0142o do zderzenia samochodu osobowego marki RENAULT CLIO z samochodem ci\u0119\u017carowym marki DAF XF. Kieruj\u0105ca samochodem osobowym znajduje si\u0119 pod opiek\u0105 ZRM. Dzia\u0142ania zast\u0119p\u00f3w polega\u0142y na zabezpieczeniu miejsca akcji, od\u0142\u0105czeniu akumulator\u00f3w w pojazdach i pomocy Policji w kierowaniu ruchem. Kieruj\u0105ca pojazdem osobowym po przebadaniu przez ratownik\u00f3w ZRM pozosta\u0142a na miejscu zdarzenia w celu z\u0142o\u017cenia wyja\u015bnie\u0144 Policji.<\/p>\n<p>W DZIA\u0141ANIACH RATOWNICZYCH UDZIA\u0141 BRA\u0141O: 3 zast\u0119py, 12 ratownik\u00f3w.<\/p>\n<p><strong>12.05.2022<\/strong> \u2013 <strong>W\u0119gr\u00f3w \u2013 <\/strong><strong>Zapl\u0105tany w siatk\u0119 ogrodzeniow\u0105 bocian<\/strong><strong>.<\/strong><\/p>\n<p>KP PSP otrzyma\u0142o zg\u0142oszenie od pracownik\u00f3w Przedsi\u0119biorstwa Gospodarki Komunalnej w W\u0119growie o zapl\u0105tanym w siatk\u0119 ogrodzeniow\u0105 bocianie przy punkcie selektywnej zbi\u00f3rki odpad\u00f3w. Przyby\u0142y na miejsce zast\u0119p JRG PSP uwolni\u0142 ptaka z opl\u0105tanej siatki, przenios\u0142a na poblisk\u0105 \u0142\u0105k\u0119 gdzie wypu\u015bci\u0142a na wolno\u015b\u0107. Po kr\u00f3tkiej chwili bocian odlecia\u0142. Na tym dzia\u0142ania zako\u0144czono.<\/p>\n<p>W DZIA\u0141ANIACH RATOWNICZYCH UDZIA\u0141 BRA\u0141O: 6 zast\u0119p\u00f3w, 30 ratownik\u00f3w.<\/p>\n<p><strong>KP PSP W\u0119gr\u00f3w<\/strong><\/p>\n","protected":false},"excerpt":{"rendered":"<p>W okresie 09 &#8211; 15.05.2022 na terenie powiatu w\u0119growskiego zanotowano: 15 zdarze\u0144, przy kt\u00f3rych interweniowa\u0142y jednostki ochrony przeciwpo\u017carowej, w tym: 5 po\u017car\u00f3w i 10 miejscowych zagro\u017ce\u0144.\u00a0<\/p>\n","protected":false},"author":1,"featured_media":0,"comment_status":"closed","ping_status":"closed","sticky":false,"template":"","format":"standard","meta":{"footnotes":""},"categories":[5,4,267],"tags":[491,643],"class_list":["post-25985","post","type-post","status-publish","format-standard","hentry","category-newsy","category-policja-straz-pozarna-pogotowie-ratunkowe","category-straz-pozarna-policja-straz-pozarna-pogotowie-ratunkowe","tag-komenda-powiatowa-panstwowej-strazy-pozarnej-w-wegrowie","tag-kronika-strazacka"],"views":2353,"_links":{"self":[{"href":"https:\/\/info.sadowne.pl\/index.php?rest_route=\/wp\/v2\/posts\/25985","targetHints":{"allow":["GET"]}}],"collection":[{"href":"https:\/\/info.sadowne.pl\/index.php?rest_route=\/wp\/v2\/posts"}],"about":[{"href":"https:\/\/info.sadowne.pl\/index.php?rest_route=\/wp\/v2\/types\/post"}],"author":[{"embeddable":true,"href":"https:\/\/info.sadowne.pl\/index.php?rest_route=\/wp\/v2\/users\/1"}],"replies":[{"embeddable":true,"href":"https:\/\/info.sadowne.pl\/index.php?rest_route=%2Fwp%2Fv2%2Fcomments&post=25985"}],"version-history":[{"count":1,"href":"https:\/\/info.sadowne.pl\/index.php?rest_route=\/wp\/v2\/posts\/25985\/revisions"}],"predecessor-version":[{"id":25986,"href":"https:\/\/info.sadowne.pl\/index.php?rest_route=\/wp\/v2\/posts\/25985\/revisions\/25986"}],"wp:attachment":[{"href":"https:\/\/info.sadowne.pl\/index.php?rest_route=%2Fwp%2Fv2%2Fmedia&parent=25985"}],"wp:term":[{"taxonomy":"category","embeddable":true,"href":"https:\/\/info.sadowne.pl\/index.php?rest_route=%2Fwp%2Fv2%2Fcategories&post=25985"},{"taxonomy":"post_tag","embeddable":true,"href":"https:\/\/info.sadowne.pl\/index.php?rest_route=%2Fwp%2Fv2%2Ftags&post=25985"}],"curies":[{"name":"wp","href":"https:\/\/api.w.org\/{rel}","templated":true}]}}