{"id":26032,"date":"2022-05-27T10:17:48","date_gmt":"2022-05-27T08:17:48","guid":{"rendered":"http:\/\/info.sadowne.pl\/?p=26032"},"modified":"2022-05-27T10:17:48","modified_gmt":"2022-05-27T08:17:48","slug":"harcerski-rajd-wisla","status":"publish","type":"post","link":"https:\/\/info.sadowne.pl\/?p=26032","title":{"rendered":"Harcerski Rajd \u201eWis\u0142a\u201d"},"content":{"rendered":"<p><strong><a href=\"http:\/\/info.sadowne.pl\/wp-content\/uploads\/2022\/05\/zhp.jpg\" target=\"_blank\" rel=\"noopener\"><img loading=\"lazy\" decoding=\"async\" class=\"alignleft wp-image-26033 size-thumbnail\" src=\"http:\/\/info.sadowne.pl\/wp-content\/uploads\/2022\/05\/zhp-180x130.jpg\" alt=\"\" width=\"180\" height=\"130\" \/><\/a>W ostatni majowy weekend Gmina Sadowne stanie si\u0119 miejscem harcerskiej rywalizacji w ramach jednej z tras 45. Og\u00f3lnopolskiego Harcerskiego Rajdu \u201eWis\u0142a\u201d organizowanego przez Chor\u0105giew Mazowieck\u0105 ZHP.<\/strong><!--more--><\/p>\n<p>W dniach 28-29 maja harcerze wezm\u0105 udzia\u0142 w trasie harcerskiej ratowniczej przygotowanej przez Hufiec ZHP \u201eDoliny Liwca\u201d w W\u0119growie. Zosta\u0142a przygotowana dla harcerzy, kt\u00f3rzy chc\u0105 poszerzy\u0107 i zdoby\u0107 nowe umiej\u0119tno\u015bci oraz praktyk\u0119 z zakresu ratownictwa medycznego. Uczestnicy wezm\u0105 udzia\u0142 w\u00a0ca\u0142odziennej grze, a tak\u017ce w\u0119dr\u00f3wce po\u0142\u0105czonej z zadaniami z zakresu pierwszej pomocy oraz\u00a0technik harcerskich.<\/p>\n<p>Rajd rozpoczynamy 28 maja pokazem ratownictwa medycznego w wykonaniu ratownik\u00f3w i student\u00f3w ratownictwa medycznego UPH w Siedlcach oraz \u0107wiczeniami harcerzy i stra\u017cy po\u017carnych OSP i PSP. W dniu 29 maja harcerze b\u0119d\u0105 rywalizowa\u0107 na przygotowanej dla nich trasie rajdu.<\/p>\n<p>Og\u00f3lnopolski Harcerski Rajd \u201eWis\u0142a\u201d to jedna z najwi\u0119kszych imprez na\u00a0Mazowszu. Rajd skierowany jest do dzieci i m\u0142odzie\u017cy z wojew\u00f3dztwa mazowieckiego. W tym roku organizatorzy zapraszaj\u0105 na sze\u015b\u0107 tras, kt\u00f3re zosta\u0142y przygotowane dla uczestnik\u00f3w w r\u00f3\u017cnym wieku, st\u0105d te\u017c r\u00f3\u017cny poziom ich trudno\u015bci. Do rywalizacji stan\u0105 zuchy, harcerze, harcerze starsi, w\u0119drownicy, instruktorzy i\u00a0starszyzna. W\u0119druj\u0105c, b\u0119d\u0105 nie tylko poznawa\u0107 pi\u0119kno rodzimej przyrody, podziwia\u0107 kr\u00f3low\u0105 polskich rzek, ale tak\u017ce wykonywa\u0107 zadania z zakresu harcerskich specjalno\u015bci oraz poznawa\u0107 najwa\u017cniejsze postacie polskiej historii.<\/p>\n<p>Honorowy Patronat nad wydarzeniem obj\u0105\u0142 Marsza\u0142ek Wojew\u00f3dztwa Mazowieckiego Adam Struzik, a\u00a0patronat nad tras\u0105 \u2013 Starosta W\u0119growski oraz W\u00f3jt Gminy Sadowne.<\/p>\n<p>&#8212;&#8212;&#8212;&#8212;&#8212;<\/p>\n<p>Chor\u0105giew Mazowiecka Zwi\u0105zku Harcerstwa Polskiego jest terenow\u0105 jednostk\u0105 organizacyjn\u0105 ZHP i skupia ponad pi\u0119\u0107 tys. zuch\u00f3w, harcerzy i instruktor\u00f3w z terenu wojew\u00f3dztwa mazowieckiego z wy\u0142\u0105czeniem Warszawy i\u00a0okolicznych powiat\u00f3w.<\/p>\n<p>Historia Chor\u0105gwi si\u0119ga po\u0142owy lat dwudziestych ubieg\u0142ego wieku, a tradycje ruchu harcerskiego na Mazowszu si\u0119gaj\u0105 czas\u00f3w zaboru rosyjskiego. W czasie okupacji hitlerowskiej Chor\u0105giew Mazowiecka kontynuowa\u0142a swoj\u0105 dzia\u0142alno\u015b\u0107 w ramach Szarych Szereg\u00f3w &#8211; konspiracyjnego ZHP, pod kryptonimem \u201eUl Puszcza\u201d, obejmuj\u0105c swym obszarem tereny Mazowsza, kt\u00f3re znalaz\u0142y si\u0119 w granicach Generalnego Gubernatorstwa. Jawn\u0105 dzia\u0142alno\u015b\u0107 Chor\u0105giew Mazowiecka Zwi\u0105zku Harcerstwa Polskiego wznowi\u0142a w roku 1945 r, a po okresie stalinowskim, odrodzi\u0142a si\u0119 w 1956 roku. W 1975 roku, w zwi\u0105zku ze zmian\u0105 podzia\u0142u administracyjnego kraju Chor\u0105giew Mazowiecka zosta\u0142a i podzielona na chor\u0105gwie: Ciechanowsk\u0105, Ostro\u0142\u0119ck\u0105, P\u0142ock\u0105, Siedleck\u0105 i Radomsk\u0105. Reaktywacja Chor\u0105gwi Mazowieckiej nast\u0105pi\u0142a w marcu 1992 r.<\/p>\n<p>Bohaterem Chor\u0105gwi jest W\u0142adys\u0142aw Broniewski, urodzony w P\u0142ocku wybitny polski poeta i t\u0142umacz, jeden z\u00a0za\u0142o\u017cycieli pierwszego p\u0142ockiego zast\u0119pu skautowego, \u017co\u0142nierz Legion\u00f3w Polskich, oficer Wojska Polskiego odznaczony krzy\u017cem Virtuti Militari i\u00a0Krzy\u017cem Walecznych za walki w wonie 1920 roku, kapitan II Korpusu Polskiego gen. Andresa.<\/p>\n<p>Siedziba Chor\u0105gwi mie\u015bci si\u0119 w P\u0142ocku w Stanicy Harcerskiej im. Geni Majdeckiej.<\/p>\n<p><strong>Osoba do kontaktu:<\/strong><\/p>\n<p><strong>phm. Marcin Ilczuk, tel. 668425444<\/strong><\/p>\n<p>&nbsp;<\/p>\n","protected":false},"excerpt":{"rendered":"<p>W ostatni majowy weekend Gmina Sadowne stanie si\u0119 miejscem harcerskiej rywalizacji w ramach jednej z tras 45. Og\u00f3lnopolskiego Harcerskiego Rajdu \u201eWis\u0142a\u201d organizowanego przez Chor\u0105giew Mazowieck\u0105 ZHP.<\/p>\n","protected":false},"author":1,"featured_media":0,"comment_status":"closed","ping_status":"closed","sticky":false,"template":"","format":"standard","meta":{"footnotes":""},"categories":[5,1670,1752],"tags":[3784,3785,1797],"class_list":["post-26032","post","type-post","status-publish","format-standard","hentry","category-newsy","category-druzyna-harcerska-wloczykije","category-edukacja","tag-45-ogolnopolskiego-harcerskiego-rajdu-wisla","tag-choragiew-mazowiecka-zhp","tag-marcin-ilczuk"],"views":2179,"_links":{"self":[{"href":"https:\/\/info.sadowne.pl\/index.php?rest_route=\/wp\/v2\/posts\/26032","targetHints":{"allow":["GET"]}}],"collection":[{"href":"https:\/\/info.sadowne.pl\/index.php?rest_route=\/wp\/v2\/posts"}],"about":[{"href":"https:\/\/info.sadowne.pl\/index.php?rest_route=\/wp\/v2\/types\/post"}],"author":[{"embeddable":true,"href":"https:\/\/info.sadowne.pl\/index.php?rest_route=\/wp\/v2\/users\/1"}],"replies":[{"embeddable":true,"href":"https:\/\/info.sadowne.pl\/index.php?rest_route=%2Fwp%2Fv2%2Fcomments&post=26032"}],"version-history":[{"count":1,"href":"https:\/\/info.sadowne.pl\/index.php?rest_route=\/wp\/v2\/posts\/26032\/revisions"}],"predecessor-version":[{"id":26034,"href":"https:\/\/info.sadowne.pl\/index.php?rest_route=\/wp\/v2\/posts\/26032\/revisions\/26034"}],"wp:attachment":[{"href":"https:\/\/info.sadowne.pl\/index.php?rest_route=%2Fwp%2Fv2%2Fmedia&parent=26032"}],"wp:term":[{"taxonomy":"category","embeddable":true,"href":"https:\/\/info.sadowne.pl\/index.php?rest_route=%2Fwp%2Fv2%2Fcategories&post=26032"},{"taxonomy":"post_tag","embeddable":true,"href":"https:\/\/info.sadowne.pl\/index.php?rest_route=%2Fwp%2Fv2%2Ftags&post=26032"}],"curies":[{"name":"wp","href":"https:\/\/api.w.org\/{rel}","templated":true}]}}