{"id":26062,"date":"2022-06-08T16:59:01","date_gmt":"2022-06-08T14:59:01","guid":{"rendered":"http:\/\/info.sadowne.pl\/?p=26062"},"modified":"2022-06-10T18:58:18","modified_gmt":"2022-06-10T16:58:18","slug":"zaproszenie-4","status":"publish","type":"post","link":"https:\/\/info.sadowne.pl\/?p=26062","title":{"rendered":"ZAPROSZENIE"},"content":{"rendered":"<p><strong><a href=\"http:\/\/info.sadowne.pl\/wp-content\/uploads\/2022\/06\/2022.06.08.1.jpg\"><img loading=\"lazy\" decoding=\"async\" class=\"alignleft size-thumbnail wp-image-26063\" src=\"http:\/\/info.sadowne.pl\/wp-content\/uploads\/2022\/06\/2022.06.08.1-180x130.jpg\" alt=\"\" width=\"180\" height=\"130\" \/><\/a>Starosta W\u0119growski Ewa Besztak i Przewodnicz\u0105cy Rady Powiatu Leszek Redosz zapraszaj\u0105 na Dni Powiatu W\u0119growskiego.<\/strong><!--more--><\/p>\n<p><a href=\"http:\/\/info.sadowne.pl\/wp-content\/uploads\/2022\/06\/2022.06.08.1.jpg\"><img loading=\"lazy\" decoding=\"async\" class=\"aligncenter size-full wp-image-26063\" src=\"http:\/\/info.sadowne.pl\/wp-content\/uploads\/2022\/06\/2022.06.08.1.jpg\" alt=\"\" width=\"605\" height=\"847\" srcset=\"https:\/\/info.sadowne.pl\/wp-content\/uploads\/2022\/06\/2022.06.08.1.jpg 605w, https:\/\/info.sadowne.pl\/wp-content\/uploads\/2022\/06\/2022.06.08.1-214x300.jpg 214w\" sizes=\"auto, (max-width: 605px) 100vw, 605px\" \/><\/a><\/p>\n<p><a href=\"http:\/\/info.sadowne.pl\/wp-content\/uploads\/2022\/06\/2022.06.08.3.jpg\"><img loading=\"lazy\" decoding=\"async\" class=\"aligncenter size-full wp-image-26089\" src=\"http:\/\/info.sadowne.pl\/wp-content\/uploads\/2022\/06\/2022.06.08.3.jpg\" alt=\"\" width=\"608\" height=\"853\" srcset=\"https:\/\/info.sadowne.pl\/wp-content\/uploads\/2022\/06\/2022.06.08.3.jpg 608w, https:\/\/info.sadowne.pl\/wp-content\/uploads\/2022\/06\/2022.06.08.3-214x300.jpg 214w\" sizes=\"auto, (max-width: 608px) 100vw, 608px\" \/><\/a><\/p>\n<p><a href=\"http:\/\/info.sadowne.pl\/wp-content\/uploads\/2022\/06\/2022.06.08.2.jpg\"><img loading=\"lazy\" decoding=\"async\" class=\"aligncenter size-full wp-image-26091\" src=\"http:\/\/info.sadowne.pl\/wp-content\/uploads\/2022\/06\/2022.06.08.2.jpg\" alt=\"\" width=\"607\" height=\"859\" srcset=\"https:\/\/info.sadowne.pl\/wp-content\/uploads\/2022\/06\/2022.06.08.2.jpg 607w, https:\/\/info.sadowne.pl\/wp-content\/uploads\/2022\/06\/2022.06.08.2-212x300.jpg 212w\" sizes=\"auto, (max-width: 607px) 100vw, 607px\" \/><\/a><\/p>\n","protected":false},"excerpt":{"rendered":"<p>Starosta W\u0119growski Ewa Besztak i Przewodnicz\u0105cy Rady Powiatu Leszek Redosz zapraszaj\u0105 na Dni Powiatu W\u0119growskiego.<\/p>\n","protected":false},"author":1,"featured_media":0,"comment_status":"closed","ping_status":"closed","sticky":false,"template":"","format":"standard","meta":{"footnotes":""},"categories":[5,1,2495],"tags":[3788,198],"class_list":["post-26062","post","type-post","status-publish","format-standard","hentry","category-newsy","category-inne","category-nasi-sasiedzi","tag-dni-powiatu-wegrowskiego","tag-starostwo-powiatowe-w-wegrowie"],"views":2401,"_links":{"self":[{"href":"https:\/\/info.sadowne.pl\/index.php?rest_route=\/wp\/v2\/posts\/26062","targetHints":{"allow":["GET"]}}],"collection":[{"href":"https:\/\/info.sadowne.pl\/index.php?rest_route=\/wp\/v2\/posts"}],"about":[{"href":"https:\/\/info.sadowne.pl\/index.php?rest_route=\/wp\/v2\/types\/post"}],"author":[{"embeddable":true,"href":"https:\/\/info.sadowne.pl\/index.php?rest_route=\/wp\/v2\/users\/1"}],"replies":[{"embeddable":true,"href":"https:\/\/info.sadowne.pl\/index.php?rest_route=%2Fwp%2Fv2%2Fcomments&post=26062"}],"version-history":[{"count":3,"href":"https:\/\/info.sadowne.pl\/index.php?rest_route=\/wp\/v2\/posts\/26062\/revisions"}],"predecessor-version":[{"id":26092,"href":"https:\/\/info.sadowne.pl\/index.php?rest_route=\/wp\/v2\/posts\/26062\/revisions\/26092"}],"wp:attachment":[{"href":"https:\/\/info.sadowne.pl\/index.php?rest_route=%2Fwp%2Fv2%2Fmedia&parent=26062"}],"wp:term":[{"taxonomy":"category","embeddable":true,"href":"https:\/\/info.sadowne.pl\/index.php?rest_route=%2Fwp%2Fv2%2Fcategories&post=26062"},{"taxonomy":"post_tag","embeddable":true,"href":"https:\/\/info.sadowne.pl\/index.php?rest_route=%2Fwp%2Fv2%2Ftags&post=26062"}],"curies":[{"name":"wp","href":"https:\/\/api.w.org\/{rel}","templated":true}]}}