{"id":26065,"date":"2022-06-09T14:52:01","date_gmt":"2022-06-09T12:52:01","guid":{"rendered":"http:\/\/info.sadowne.pl\/?p=26065"},"modified":"2022-06-09T14:52:01","modified_gmt":"2022-06-09T12:52:01","slug":"o-szlachetnych-wlascicielach-majatku-branszczyk","status":"publish","type":"post","link":"https:\/\/info.sadowne.pl\/?p=26065","title":{"rendered":"O szlachetnych w\u0142a\u015bcicielach maj\u0105tku Bra\u0144szczyk,"},"content":{"rendered":"<p><strong><a href=\"http:\/\/info.sadowne.pl\/wp-content\/uploads\/2022\/06\/Brok84.jpg\" target=\"_blank\" rel=\"noopener\"><img loading=\"lazy\" decoding=\"async\" class=\"alignleft wp-image-26066 size-thumbnail\" src=\"http:\/\/info.sadowne.pl\/wp-content\/uploads\/2022\/06\/Brok84-180x130.jpg\" alt=\"\" width=\"180\" height=\"130\" \/><\/a>\u2026o sprzeda\u017cy brokowskiej fabryki i o cenionym malarzu spotkanym w Kamie\u0144czyku.<\/strong><!--more--><\/p>\n<p>Dzisiaj pras\u00f3wka u\u0142o\u017cona za spraw\u0105 naszych czytelnik\u00f3w. Mo\u017cna rzec, \u017ce to historyczny koncert \u017cycze\u0144. Kilka tygodni temu pisali\u015bmy o Adolfie Rudzkim, kt\u00f3ry wzorowo gospodarowa\u0142 bra\u0144szczykowskimi dobrami. Mieszka\u0144cy okolicy zasypali nas pytaniami dotycz\u0105cymi sposobu, w jaki \u00f3w jegomo\u015b\u0107 naby\u0142 ten maj\u0105tek i co si\u0119 dalej z owym Rudzkim sta\u0142o. Szukaj\u0105c odpowiedzi na te pytania, natkn\u0119li\u015bmy si\u0119 na artyku\u0142 o poprzedniej dziedziczce Bra\u0144szczyka, zacnej wielce damie Tekli Rapackiej. Mieli\u015bmy zamie\u015bci\u0107 tylko skr\u00f3t tego\u017c artyku\u0142u, ale \u017ce rzeczona dama okaza\u0142a si\u0119 osob\u0105 niezwyk\u0142\u0105, to cytujemy ca\u0142o\u015b\u0107.<\/p>\n<p>Tekla Rapacka przeznaczy\u0142a sw\u0105 zawrotn\u0105 fortun\u0119 na cele dobroczynne, czyni\u0105c to w spos\u00f3b niezwykle \u015bmia\u0142y i przemy\u015blany. \u015amia\u0142y, bo dokona\u0142a tego jeszcze za \u017cycia, a przemy\u015blany, gdy\u017c nie rozda\u0142a ot tak pieni\u0119dzy, ale stworzy\u0142a charytatywne fundusze wieczyste (rodzaj charytatywnego perpetuum mobile). G\u0142\u00f3wny o\u0142tarz ko\u015bcio\u0142a w Bra\u0144szczyku do dzi\u015b podobno zdobi ufundowany w roku 1840 przez ma\u0142\u017ce\u0144stwo Wincentego i Tekl\u0119 Rapackich obraz Matki Boskiej Cz\u0119stochowskiej.<\/p>\n<p><strong>Wi\u0119cej na stronie <span style=\"color: #0000ff;\"><a style=\"color: #0000ff;\" href=\"https:\/\/madzelan.cba.pl\/o-szlachetnych-wlascicielach-majatku-branszczyk-o-sprzedazy-brokowskiej-fabryki-i-o-cenionym-malarzu-spotkanym-w-kamienczyku\/\" target=\"_blank\" rel=\"noopener\">https:\/\/madzelan.cba.pl\/o-szlachetnych-wlascicielach-majatku-branszczyk-o-sprzedazy-brokowskiej-fabryki-i-o-cenionym-malarzu-spotkanym-w-kamienczyku\/<\/a><\/span><\/strong><\/p>\n","protected":false},"excerpt":{"rendered":"<p>\u2026o sprzeda\u017cy brokowskiej fabryki i o cenionym malarzu spotkanym w Kamie\u0144czyku.<\/p>\n","protected":false},"author":1,"featured_media":0,"comment_status":"closed","ping_status":"closed","sticky":false,"template":"","format":"standard","meta":{"footnotes":""},"categories":[5,3436,31],"tags":[3758,101,3004,3681,2956],"class_list":["post-26065","post","type-post","status-publish","format-standard","hentry","category-newsy","category-opowiesci-historie-legendy-brokowskie-i-nie-tylko","category-historia-gminy","tag-branszczyk","tag-historia-gminy-sadowne","tag-jerzy-madzelan","tag-kamienczyk","tag-opowiesci-historie-legendy-brokowskie-i-nie-tylko"],"views":2197,"_links":{"self":[{"href":"https:\/\/info.sadowne.pl\/index.php?rest_route=\/wp\/v2\/posts\/26065","targetHints":{"allow":["GET"]}}],"collection":[{"href":"https:\/\/info.sadowne.pl\/index.php?rest_route=\/wp\/v2\/posts"}],"about":[{"href":"https:\/\/info.sadowne.pl\/index.php?rest_route=\/wp\/v2\/types\/post"}],"author":[{"embeddable":true,"href":"https:\/\/info.sadowne.pl\/index.php?rest_route=\/wp\/v2\/users\/1"}],"replies":[{"embeddable":true,"href":"https:\/\/info.sadowne.pl\/index.php?rest_route=%2Fwp%2Fv2%2Fcomments&post=26065"}],"version-history":[{"count":1,"href":"https:\/\/info.sadowne.pl\/index.php?rest_route=\/wp\/v2\/posts\/26065\/revisions"}],"predecessor-version":[{"id":26067,"href":"https:\/\/info.sadowne.pl\/index.php?rest_route=\/wp\/v2\/posts\/26065\/revisions\/26067"}],"wp:attachment":[{"href":"https:\/\/info.sadowne.pl\/index.php?rest_route=%2Fwp%2Fv2%2Fmedia&parent=26065"}],"wp:term":[{"taxonomy":"category","embeddable":true,"href":"https:\/\/info.sadowne.pl\/index.php?rest_route=%2Fwp%2Fv2%2Fcategories&post=26065"},{"taxonomy":"post_tag","embeddable":true,"href":"https:\/\/info.sadowne.pl\/index.php?rest_route=%2Fwp%2Fv2%2Ftags&post=26065"}],"curies":[{"name":"wp","href":"https:\/\/api.w.org\/{rel}","templated":true}]}}