{"id":26093,"date":"2022-06-10T20:39:52","date_gmt":"2022-06-10T18:39:52","guid":{"rendered":"http:\/\/info.sadowne.pl\/?p=26093"},"modified":"2022-06-10T20:39:52","modified_gmt":"2022-06-10T18:39:52","slug":"uroczysta-sesja-rady-powiatu-wegrowskiego","status":"publish","type":"post","link":"https:\/\/info.sadowne.pl\/?p=26093","title":{"rendered":"Uroczysta sesja Rady Powiatu W\u0119growskiego"},"content":{"rendered":"<p><a href=\"http:\/\/info.sadowne.pl\/wp-content\/uploads\/2022\/06\/2022.06.10.1.jpg\" target=\"_blank\" rel=\"noopener\"><img loading=\"lazy\" decoding=\"async\" class=\"alignleft wp-image-26094 size-thumbnail\" src=\"http:\/\/info.sadowne.pl\/wp-content\/uploads\/2022\/06\/2022.06.10.1-180x130.jpg\" alt=\"\" width=\"180\" height=\"130\" \/><\/a><\/p>\n<p><strong>10 czerwca w Centrum Dialogu Kultur, mieszcz\u0105cym si\u0119 w w\u0119growskim budynku poklasztornym ojc\u00f3w franciszkan\u00f3w reformat\u00f3w, odby\u0142a si\u0119 uroczysta LIII sesja Rady Powiatu W\u0119growskiego.<\/strong><!--more--><\/p>\n<p>Uroczysta, gdy\u017c rozpoczyna obchody zaplanowanych po raz pierwszy Dni Powiatu W\u0119growskiego. Postanowiono r\u00f3wnie\u017c, \u017ce odb\u0119dzie si\u0119 ona w wirydarzu klasztornym, w kt\u00f3rym kilka dni wcze\u015bniej odby\u0142a si\u0119 te\u017c uroczysto\u015b\u0107 zako\u0144czenia rewitalizacji klasztoru w ramach projektu \u201eBli\u017aniacze Klasztory, W\u0119gr\u00f3w i Rawa Ruska\u201d i powo\u0142ano Centrum Dialogu Kultur.<\/p>\n<p>Sesj\u0119 otworzy\u0142 Przewodnicz\u0105cy Rady Powiatu\u00a0Leszek Redosz, a nast\u0119pnie Starosta\u00a0W\u0119growski Ewa Besztak<strong>\u00a0<\/strong>przedstawi\u0142a wyniki ostatnich lat pracy samorz\u0105du powiatowego, jego plany na przysz\u0142o\u015b\u0107, a tak\u017ce podzi\u0119kowa\u0142a gminnym samorz\u0105dom za wsp\u00f3\u0142prac\u0119, a obecnym parlamentarzystom za wsparcie w uzyskiwaniu rz\u0105dowych funduszy na realizacj\u0119 inwestycji powiatowych.<\/p>\n<p>Podczas sesji g\u0142os zabierali r\u00f3wnie\u017c zaproszeni go\u015bcie, m.in. Senator Maria Koc, Pos\u0142owie: Maciej G\u00f3rski<strong>\u00a0<\/strong>i Daniel Milewski, Radna Sejmiku Wojew\u00f3dztwa Mazowieckiego Joanna Bala oraz Dyrektor siedleckiej delegatury Kuratorium O\u015bwiaty Adam Skup.<\/p>\n<p>Po wyst\u0105pieniach Starosta Ewa Besztak, Przewodnicz\u0105cy Rady Powiatu Leszek Redosz i Wiceprzewodnicz\u0105ca Rady Brygida G\u00f3rniaczyk wr\u0119czyli pier\u015bcieni e i tytu\u0142y \u201eZas\u0142u\u017cony dla Powiatu W\u0119growskiego\u201d. Otrzymali je: Wies\u0142aw Ratajski\u00a0(w jego imieniu wyr\u00f3\u017cnienie odebra\u0142a c\u00f3rka), ks. kan. Romuald Kosk, Wanda Kosi\u0144ska, Ma\u0142gorzata Pep\u0142owska, Zbigniew Pacz\u00f3ski, Robert Kupisz oraz nieobecny podczas uroczysto\u015bci \u2013 Mateusz Morawiecki.<\/p>\n<p>Pani Starosta wr\u0119czy\u0142a r\u00f3wnie\u017c podzi\u0119kowanie (w formie dyplomu) w\u00f3jtom i burmistrzom powiatu w\u0119growskiego, przedstawicielom plac\u00f3wek i instytucji, kt\u00f3re swego czasu w\u0142\u0105czy\u0142y si\u0119 w walk\u0119 z covid-19, a teraz nios\u0105 pomoc Ukrainie. Podzi\u0119kowania otrzymali tak\u017ce przedstawiciele medi\u00f3w wsp\u00f3\u0142pracuj\u0105cy z Powiatem W\u0119growskim (w\u015br\u00f3d nich tak\u017ce Info Sadowne).<\/p>\n<p>Przedstawiciele samorz\u0105d\u00f3w uczniowskich szk\u00f3\u0142 z powiatu w\u0119growskiego odczytali i wr\u0119czyli akt nadania tytu\u0142u \u201ePrzyjaciel M\u0142odzie\u017cy\u201d Senator\u00a0Marii Koc. \u00a0Podzi\u0119kowanie od m\u0142odzie\u017cy otrzyma\u0142 r\u00f3wnie\u017c samorz\u0105d powiatu w\u0119growskiego na czele ze Starost\u0105\u00a0Ew\u0105 Besztak.<\/p>\n<p>Na zako\u0144czenie uroczystej sesji w kr\u00f3tkim programie artystycznym zaprezentowa\u0142y si\u0119 wokalistki: Maja Szczepanik\u00a0i\u00a0Anastazja \u017bo\u0142nierzak z I LO im Adama Mickiewicza w W\u0119growie.<\/p>\n<p>Organizatorzy Dni Powiatu W\u0119growskiego zapraszaj\u0105 na kolejne imprezy powiatowe. Ju\u017c 11 czerwca na Rynku Mariackim w W\u0119growie od godz. 12 zacznie dzia\u0142a\u0107 strefa targowa K\u00f3\u0142 Gospody\u0144 Wiejskich oraz stoiska promocyjne firm i instytucji, a tak\u017ce przygotowano wiele atrakcji dla dzieci. O godz. 15 rozpoczn\u0105 si\u0119 wyst\u0119py sceniczne m\u0142odzie\u017cy szk\u00f3\u0142 ponadpodstawowej oraz lokalnych artyst\u00f3w. A o godz. 19 rozpocznie si\u0119 koncert Zespo\u0142u\u00a0BOYS. W kolejnych dniach odb\u0119d\u0105 si\u0119 koncerty: Marka Piekarczyka i ch\u00f3ru, baletu, solist\u00f3w Orkiestry Symfonicznej Reprezentacyjnego Zespo\u0142u Artystycznego Wojska Polskiego.<\/p>\n<p><strong>Zdj\u0119cia w galerii Google &#8211; <span style=\"color: #0000ff;\"><a style=\"color: #0000ff;\" href=\"https:\/\/photos.app.goo.gl\/2FJLAZsPnZT5sTmM8\" target=\"_blank\" rel=\"noopener\">https:\/\/photos.app.goo.gl\/2FJLAZsPnZT5sTmM8<\/a><\/span><\/strong><\/p>\n<p><strong>LIII Sesja Rady Powiatu W\u0119growskiego by\u0142a te\u017c transmitowana na stronie <span style=\"color: #0000ff;\"><a style=\"color: #0000ff;\" href=\"https:\/\/www.youtube.com\/watch?v=cIgY4zBvQrI\" target=\"_blank\" rel=\"noopener\">https:\/\/www.youtube.com\/watch?v=cIgY4zBvQrI<\/a><\/span>.<\/strong><\/p>\n<p><strong>Tekst\/foto: <\/strong>S\u0142awek Chyli\u0144ski<\/p>\n<p><strong>\u0179r\u00f3d\u0142o:<\/strong> <a href=\"http:\/\/www.tygodniksiedlecki.com\" target=\"_blank\" rel=\"noopener\">www.tygodniksiedlecki.com<\/a><\/p>\n","protected":false},"excerpt":{"rendered":"<p>10 czerwca w Centrum Dialogu Kultur, mieszcz\u0105cym si\u0119 w w\u0119growskim budynku poklasztornym ojc\u00f3w franciszkan\u00f3w reformat\u00f3w, odby\u0142a si\u0119 uroczysta LIII sesja Rady Powiatu W\u0119growskiego.<\/p>\n","protected":false},"author":1,"featured_media":0,"comment_status":"closed","ping_status":"closed","sticky":false,"template":"","format":"standard","meta":{"footnotes":""},"categories":[5,1,2495],"tags":[3788,3791,3792,395,946,1043,198],"class_list":["post-26093","post","type-post","status-publish","format-standard","hentry","category-newsy","category-inne","category-nasi-sasiedzi","tag-dni-powiatu-wegrowskiego","tag-ewa-besztak","tag-leszek-redosz","tag-marek-renik","tag-maria-koc","tag-rada-powiatu-wegrowskiego","tag-starostwo-powiatowe-w-wegrowie"],"views":2127,"_links":{"self":[{"href":"https:\/\/info.sadowne.pl\/index.php?rest_route=\/wp\/v2\/posts\/26093","targetHints":{"allow":["GET"]}}],"collection":[{"href":"https:\/\/info.sadowne.pl\/index.php?rest_route=\/wp\/v2\/posts"}],"about":[{"href":"https:\/\/info.sadowne.pl\/index.php?rest_route=\/wp\/v2\/types\/post"}],"author":[{"embeddable":true,"href":"https:\/\/info.sadowne.pl\/index.php?rest_route=\/wp\/v2\/users\/1"}],"replies":[{"embeddable":true,"href":"https:\/\/info.sadowne.pl\/index.php?rest_route=%2Fwp%2Fv2%2Fcomments&post=26093"}],"version-history":[{"count":1,"href":"https:\/\/info.sadowne.pl\/index.php?rest_route=\/wp\/v2\/posts\/26093\/revisions"}],"predecessor-version":[{"id":26095,"href":"https:\/\/info.sadowne.pl\/index.php?rest_route=\/wp\/v2\/posts\/26093\/revisions\/26095"}],"wp:attachment":[{"href":"https:\/\/info.sadowne.pl\/index.php?rest_route=%2Fwp%2Fv2%2Fmedia&parent=26093"}],"wp:term":[{"taxonomy":"category","embeddable":true,"href":"https:\/\/info.sadowne.pl\/index.php?rest_route=%2Fwp%2Fv2%2Fcategories&post=26093"},{"taxonomy":"post_tag","embeddable":true,"href":"https:\/\/info.sadowne.pl\/index.php?rest_route=%2Fwp%2Fv2%2Ftags&post=26093"}],"curies":[{"name":"wp","href":"https:\/\/api.w.org\/{rel}","templated":true}]}}