{"id":26096,"date":"2022-06-11T14:30:15","date_gmt":"2022-06-11T12:30:15","guid":{"rendered":"http:\/\/info.sadowne.pl\/?p=26096"},"modified":"2022-06-11T14:30:15","modified_gmt":"2022-06-11T12:30:15","slug":"drugi-dzien-swieta-powiatu","status":"publish","type":"post","link":"https:\/\/info.sadowne.pl\/?p=26096","title":{"rendered":"Drugi dzie\u0144 \u015awi\u0119ta Powiatu"},"content":{"rendered":"<p><a href=\"http:\/\/info.sadowne.pl\/wp-content\/uploads\/2022\/06\/2022.06.11.1.jpg\" target=\"_blank\" rel=\"noopener\"><img loading=\"lazy\" decoding=\"async\" class=\"alignleft wp-image-26097 size-thumbnail\" src=\"http:\/\/info.sadowne.pl\/wp-content\/uploads\/2022\/06\/2022.06.11.1-180x130.jpg\" alt=\"\" width=\"180\" height=\"130\" \/><\/a><\/p>\n<p><strong>W po\u0142udnie 11 czerwca na Rynku Mariackim w W\u0119growie wystartowa\u0142a impreza kontynuuj\u0105ca Dni Powiatu W\u0119growskiego.<\/strong><!--more--><\/p>\n<p>Jak zaplanowano, tak si\u0119 sta\u0142o. 11 czerwca to drugi dzie\u0144 \u015awi\u0119ta Powiatu W\u0119growskiego i dzi\u0119ki uprzejmo\u015bci Burmistrza Miasta W\u0119growa p. Paw\u0142a Marcheli impreza mo\u017ce odbywa\u0107 si\u0119 na Rynku Mariackim w W\u0119growie. Tu w po\u0142udnie uruchomiono stref\u0119 targow\u0105 k\u00f3\u0142 gospody\u0144 wiejskich powiatu w\u0119growskiego oraz stoiska promocyjne firm i instytucji turystycznych Doliny Liwca, a tak\u017ce s\u0142u\u017cb mundurowych. Uruchomiono te\u017c weso\u0142e miasteczko dla dzieci.<\/p>\n<p>Gospodynie prezentuj\u0105 swoje wyroby kulinarne, prowadz\u0105 te\u017c ich sprzeda\u017c, a jest w czym wybiera\u0107. Polecam \u2013 wszystko bardzo smaczne i wykonane prawie na oczach kupuj\u0105cych. Uczestnik\u00f3w imprezy przybywa, na scenie na razie prezentacje stoisk, a ju\u017c wkr\u00f3tce \u2013 wyst\u0119py artystyczne m\u0142odzie\u017cy szk\u00f3\u0142 ponadpodstawowych. Na godz. 19.00 zaplanowano wyst\u0119p gwiazdy wieczoru \u2013 Zespo\u0142u BOYS. Impreza potrwa do godz. 21.00.<\/p>\n<p>Zach\u0119cam do wzi\u0119cia udzia\u0142u w tej imprezie i kolejnych, kt\u00f3re przygotowa\u0142 dla nas Powiat W\u0119growski.<\/p>\n<p><span style=\"color: #0000ff;\"><a style=\"color: #0000ff;\" href=\"https:\/\/photos.app.goo.gl\/8RPCrezJYTtB9eUr8\" target=\"_blank\" rel=\"noopener\"><strong>Zdj\u0119cia w galerii Google&gt;&gt;&gt;<\/strong><\/a><\/span><\/p>\n<p><strong>Tekst\/foto:<\/strong> S\u0142awek Chyli\u0144ski<\/p>\n","protected":false},"excerpt":{"rendered":"<p>W po\u0142udnie 11 czerwca na Rynku Mariackim w W\u0119growie wystartowa\u0142a impreza kontynuuj\u0105ca Dni Powiatu W\u0119growskiego.<\/p>\n","protected":false},"author":1,"featured_media":0,"comment_status":"closed","ping_status":"closed","sticky":false,"template":"","format":"standard","meta":{"footnotes":""},"categories":[5,1,2495],"tags":[3788,198],"class_list":["post-26096","post","type-post","status-publish","format-standard","hentry","category-newsy","category-inne","category-nasi-sasiedzi","tag-dni-powiatu-wegrowskiego","tag-starostwo-powiatowe-w-wegrowie"],"views":2273,"_links":{"self":[{"href":"https:\/\/info.sadowne.pl\/index.php?rest_route=\/wp\/v2\/posts\/26096","targetHints":{"allow":["GET"]}}],"collection":[{"href":"https:\/\/info.sadowne.pl\/index.php?rest_route=\/wp\/v2\/posts"}],"about":[{"href":"https:\/\/info.sadowne.pl\/index.php?rest_route=\/wp\/v2\/types\/post"}],"author":[{"embeddable":true,"href":"https:\/\/info.sadowne.pl\/index.php?rest_route=\/wp\/v2\/users\/1"}],"replies":[{"embeddable":true,"href":"https:\/\/info.sadowne.pl\/index.php?rest_route=%2Fwp%2Fv2%2Fcomments&post=26096"}],"version-history":[{"count":1,"href":"https:\/\/info.sadowne.pl\/index.php?rest_route=\/wp\/v2\/posts\/26096\/revisions"}],"predecessor-version":[{"id":26098,"href":"https:\/\/info.sadowne.pl\/index.php?rest_route=\/wp\/v2\/posts\/26096\/revisions\/26098"}],"wp:attachment":[{"href":"https:\/\/info.sadowne.pl\/index.php?rest_route=%2Fwp%2Fv2%2Fmedia&parent=26096"}],"wp:term":[{"taxonomy":"category","embeddable":true,"href":"https:\/\/info.sadowne.pl\/index.php?rest_route=%2Fwp%2Fv2%2Fcategories&post=26096"},{"taxonomy":"post_tag","embeddable":true,"href":"https:\/\/info.sadowne.pl\/index.php?rest_route=%2Fwp%2Fv2%2Ftags&post=26096"}],"curies":[{"name":"wp","href":"https:\/\/api.w.org\/{rel}","templated":true}]}}