{"id":26107,"date":"2022-06-13T11:36:12","date_gmt":"2022-06-13T09:36:12","guid":{"rendered":"http:\/\/info.sadowne.pl\/?p=26107"},"modified":"2022-06-13T11:36:12","modified_gmt":"2022-06-13T09:36:12","slug":"kronika-strazacka-06-12-czerwca-2022","status":"publish","type":"post","link":"https:\/\/info.sadowne.pl\/?p=26107","title":{"rendered":"Kronika stra\u017cacka 06 \u2013 12 czerwca 2022"},"content":{"rendered":"<p><strong><a href=\"http:\/\/info.sadowne.pl\/wp-content\/uploads\/2013\/07\/straz3.jpg\"><img loading=\"lazy\" decoding=\"async\" class=\"alignleft size-thumbnail wp-image-2625\" src=\"http:\/\/info.sadowne.pl\/wp-content\/uploads\/2013\/07\/straz3-180x130.jpg\" alt=\"\" width=\"180\" height=\"130\" \/><\/a>W<\/strong><strong> okresie<\/strong><strong> 06 &#8211; 12.06.2022 na<\/strong><strong> terenie<\/strong><strong> powiatu<\/strong><strong> w\u0119growskiego<\/strong><strong> zanotowano: <\/strong><strong>17 zdarze\u0144,<\/strong><strong> przy<\/strong><strong> kt\u00f3rych<\/strong><strong> interweniowa\u0142y<\/strong><strong> jednostki<\/strong><strong> ochrony<\/strong><strong> przeciwpo\u017carowej, w tym:<\/strong><strong> 9 po\u017car\u00f3w, 8 miejscowych zagro\u017ce\u0144 i 0 alarm\u00f3w fa\u0142szywych.<\/strong><strong>\u00a0<\/strong><!--more--><\/p>\n<p><strong>06.06.2022 \u2013 Kalinowiec, gm. \u0141och\u00f3w \u2013 zderzenie dw\u00f3ch samochod\u00f3w osobowych<\/strong><strong>.<\/strong><strong>\u00a0\u00a0\u00a0\u00a0\u00a0\u00a0\u00a0\u00a0\u00a0\u00a0\u00a0 <\/strong><\/p>\n<p>W godzinach popo\u0142udniowych dosz\u0142o do wypadku drogowego z udzia\u0142em dw\u00f3ch pojazd\u00f3w. N miejscu zgin\u0119\u0142a jedna osoba, a dwie zosta\u0142y przewiezione do szpitala. DK 62 w miejscu zdarzenia by\u0142a nieprzejezdna, a ruch drogowy kierowano na objazdy drogami lokalnymi.<\/p>\n<p>W DZIA\u0141ANIACH RATOWNICZYCH UDZIA\u0141 BRA\u0141O: PSP 4 zast\u0119py, 9 ratownik\u00f3w, OSP 2 zast\u0119py, 14 ratownik\u00f3w.<strong>\u00a0\u00a0\u00a0\u00a0\u00a0\u00a0\u00a0\u00a0\u00a0\u00a0\u00a0\u00a0\u00a0\u00a0\u00a0\u00a0\u00a0\u00a0\u00a0\u00a0\u00a0 <\/strong><\/p>\n<p><strong>09.06.2022 <\/strong>\u2013 <strong>Z\u0142otki, gm. Sadowne \u2013 las.<\/strong><strong>\u00a0 \u00a0 \u00a0 \u00a0 \u00a0 \u00a0<\/strong><\/p>\n<p>W godzinach popo\u0142udniowych mia\u0142 miejsce po\u017car lasu. Po\u017car ugaszono trzema pr\u0105dami wody.\u00a0 Spaleniu uleg\u0142o oko\u0142o 0,5 ha lasu. Przyczyna: Podpalenie.<\/p>\n<p>W DZIA\u0141ANIACH RATOWNICZYCH UDZIA\u0141 BRA\u0141O: PSP &#8211; 1 zast\u0119p, OSP 3 Zast\u0119py.<\/p>\n<p><strong>12.06.2022 \u2013 Miedzna \u2013 po\u017car samochodu po kolizji.<\/strong><\/p>\n<p>W godzinach popo\u0142udniowych mia\u0142 miejsce po\u017car samochodu osobowego w wyniku kolizji drogowej. W zdarzeniu poszkodowana zosta\u0142a jedna osoba.<\/p>\n<p>W DZIA\u0141ANIACH RATOWNICZYCH UDZIA\u0141 BRA\u0141O: PSP 2 zast\u0119py, OSP 1 zast\u0119p.<\/p>\n<p><strong>KP PSP W\u0119gr\u00f3w<\/strong><\/p>\n<p><strong>\u00a0<\/strong><\/p>\n","protected":false},"excerpt":{"rendered":"<p>W okresie 06 &#8211; 12.06.2022 na terenie powiatu w\u0119growskiego zanotowano: 17 zdarze\u0144, przy kt\u00f3rych interweniowa\u0142y jednostki ochrony przeciwpo\u017carowej, w tym: 9 po\u017car\u00f3w, 8 miejscowych zagro\u017ce\u0144 i 0 alarm\u00f3w fa\u0142szywych.\u00a0<\/p>\n","protected":false},"author":1,"featured_media":0,"comment_status":"closed","ping_status":"closed","sticky":false,"template":"","format":"standard","meta":{"footnotes":""},"categories":[5,4,267],"tags":[491,643],"class_list":["post-26107","post","type-post","status-publish","format-standard","hentry","category-newsy","category-policja-straz-pozarna-pogotowie-ratunkowe","category-straz-pozarna-policja-straz-pozarna-pogotowie-ratunkowe","tag-komenda-powiatowa-panstwowej-strazy-pozarnej-w-wegrowie","tag-kronika-strazacka"],"views":1894,"_links":{"self":[{"href":"https:\/\/info.sadowne.pl\/index.php?rest_route=\/wp\/v2\/posts\/26107","targetHints":{"allow":["GET"]}}],"collection":[{"href":"https:\/\/info.sadowne.pl\/index.php?rest_route=\/wp\/v2\/posts"}],"about":[{"href":"https:\/\/info.sadowne.pl\/index.php?rest_route=\/wp\/v2\/types\/post"}],"author":[{"embeddable":true,"href":"https:\/\/info.sadowne.pl\/index.php?rest_route=\/wp\/v2\/users\/1"}],"replies":[{"embeddable":true,"href":"https:\/\/info.sadowne.pl\/index.php?rest_route=%2Fwp%2Fv2%2Fcomments&post=26107"}],"version-history":[{"count":1,"href":"https:\/\/info.sadowne.pl\/index.php?rest_route=\/wp\/v2\/posts\/26107\/revisions"}],"predecessor-version":[{"id":26108,"href":"https:\/\/info.sadowne.pl\/index.php?rest_route=\/wp\/v2\/posts\/26107\/revisions\/26108"}],"wp:attachment":[{"href":"https:\/\/info.sadowne.pl\/index.php?rest_route=%2Fwp%2Fv2%2Fmedia&parent=26107"}],"wp:term":[{"taxonomy":"category","embeddable":true,"href":"https:\/\/info.sadowne.pl\/index.php?rest_route=%2Fwp%2Fv2%2Fcategories&post=26107"},{"taxonomy":"post_tag","embeddable":true,"href":"https:\/\/info.sadowne.pl\/index.php?rest_route=%2Fwp%2Fv2%2Ftags&post=26107"}],"curies":[{"name":"wp","href":"https:\/\/api.w.org\/{rel}","templated":true}]}}