{"id":26119,"date":"2022-06-15T16:47:35","date_gmt":"2022-06-15T14:47:35","guid":{"rendered":"http:\/\/info.sadowne.pl\/?p=26119"},"modified":"2022-06-15T16:47:50","modified_gmt":"2022-06-15T14:47:50","slug":"zosia-perzan-na-podium-w-warnie","status":"publish","type":"post","link":"https:\/\/info.sadowne.pl\/?p=26119","title":{"rendered":"Zosia Perzan na podium w Warnie!"},"content":{"rendered":"<p><strong><a href=\"http:\/\/info.sadowne.pl\/wp-content\/uploads\/2022\/06\/2022.06.15.1.jpeg\"><img loading=\"lazy\" decoding=\"async\" class=\"alignleft size-thumbnail wp-image-26120\" src=\"http:\/\/info.sadowne.pl\/wp-content\/uploads\/2022\/06\/2022.06.15.1-180x130.jpeg\" alt=\"\" width=\"180\" height=\"130\" \/><\/a>W dniach 11-12 czerwca 2022 r. w Warnie w Bu\u0142garii odby\u0142y si\u0119 35 wagowe Mistrzostwa Europy Karate Kyokushin senior\u00f3w oraz Mistrzostwa Europy Junior\u00f3w. <\/strong><!--more--><\/p>\n<p>Zofia Perzan, reprezentuj\u0105ca Polsk\u0119 oraz Brokowski Klub Karate Kyokushinkai, wywalczy\u0142a br\u0105zowy medal \u00a0w kategorii juniorek 16-17 lat do 60 kg.<\/p>\n<p>Zosia opisuje sw\u00f3j start:<\/p>\n<p><em>11.06.2022 w Varnie wystartowa\u0142am na Mistrzostwach Europy. Ci\u0119\u017ckie przygotowania przynios\u0142y owoc, czyli br\u0105z w kat. Juniorek -60kg. Pierwsz\u0105 walk\u0119 wygra\u0142am przed czasem, poprzez &#8221;ippon&#8221;.<\/em><\/p>\n<p><em>Drug\u0105 przegra\u0142am z reprezentantk\u0105 Francji poprzez wskazanie s\u0119dzi\u00f3w. Ciesz\u0119 si\u0119, \u017ce mog\u0142am wzi\u0105\u0107 udzia\u0142 w tak du\u017cym przedsi\u0119wzi\u0119ciu i zdoby\u0107 medal na Mistrzostwach Europy. Oczywi\u015bcie zostaje niedosyt po przegranej walce i motywacja na nast\u0119pne starty.<\/em><\/p>\n<p><strong>Gratulujemy!<\/strong><\/p>\n\n\t\t<style type=\"text\/css\">\n\t\t\t#gallery-1 {\n\t\t\t\tmargin: auto;\n\t\t\t}\n\t\t\t#gallery-1 .gallery-item {\n\t\t\t\tfloat: left;\n\t\t\t\tmargin-top: 10px;\n\t\t\t\ttext-align: center;\n\t\t\t\twidth: 33%;\n\t\t\t}\n\t\t\t#gallery-1 img {\n\t\t\t\tborder: 2px solid #cfcfcf;\n\t\t\t}\n\t\t\t#gallery-1 .gallery-caption {\n\t\t\t\tmargin-left: 0;\n\t\t\t}\n\t\t\t\/* see gallery_shortcode() in wp-includes\/media.php *\/\n\t\t<\/style>\n\t\t<div id='gallery-1' class='gallery galleryid-26119 gallery-columns-3 gallery-size-thumbnail'><dl class='gallery-item'>\n\t\t\t<dt class='gallery-icon portrait'>\n\t\t\t\t<a href='https:\/\/info.sadowne.pl\/?attachment_id=26120'><img loading=\"lazy\" decoding=\"async\" width=\"180\" height=\"130\" src=\"https:\/\/info.sadowne.pl\/wp-content\/uploads\/2022\/06\/2022.06.15.1-180x130.jpeg\" class=\"attachment-thumbnail size-thumbnail\" alt=\"\" \/><\/a>\n\t\t\t<\/dt><\/dl><dl class='gallery-item'>\n\t\t\t<dt class='gallery-icon landscape'>\n\t\t\t\t<a href='https:\/\/info.sadowne.pl\/?attachment_id=26121'><img loading=\"lazy\" decoding=\"async\" width=\"180\" height=\"130\" src=\"https:\/\/info.sadowne.pl\/wp-content\/uploads\/2022\/06\/2022.06.15.2-180x130.jpeg\" class=\"attachment-thumbnail size-thumbnail\" alt=\"\" \/><\/a>\n\t\t\t<\/dt><\/dl><dl class='gallery-item'>\n\t\t\t<dt class='gallery-icon portrait'>\n\t\t\t\t<a href='https:\/\/info.sadowne.pl\/?attachment_id=26122'><img loading=\"lazy\" decoding=\"async\" width=\"180\" height=\"130\" src=\"https:\/\/info.sadowne.pl\/wp-content\/uploads\/2022\/06\/2022.06.15.3-180x130.jpg\" class=\"attachment-thumbnail size-thumbnail\" alt=\"\" \/><\/a>\n\t\t\t<\/dt><\/dl><br style=\"clear: both\" \/>\n\t\t<\/div>\n\n<p><strong>Tekst\/foto:<\/strong> Zbigniew W\u00f3jcicki<\/p>\n","protected":false},"excerpt":{"rendered":"<p>W dniach 11-12 czerwca 2022 r. w Warnie w Bu\u0142garii odby\u0142y si\u0119 35 wagowe Mistrzostwa Europy Karate Kyokushin senior\u00f3w oraz Mistrzostwa Europy Junior\u00f3w.<\/p>\n","protected":false},"author":1,"featured_media":0,"comment_status":"closed","ping_status":"closed","sticky":false,"template":"","format":"standard","meta":{"footnotes":""},"categories":[5,2029,7],"tags":[794,3799,2030,3332],"class_list":["post-26119","post","type-post","status-publish","format-standard","hentry","category-newsy","category-karate","category-sport","tag-brokowski-klub-karate-kyokushinkai","tag-mistrzostwa-europy-karate-kyokushin-w-warnie","tag-zbigniew-wojcicki","tag-zofia-perzan"],"views":2093,"_links":{"self":[{"href":"https:\/\/info.sadowne.pl\/index.php?rest_route=\/wp\/v2\/posts\/26119","targetHints":{"allow":["GET"]}}],"collection":[{"href":"https:\/\/info.sadowne.pl\/index.php?rest_route=\/wp\/v2\/posts"}],"about":[{"href":"https:\/\/info.sadowne.pl\/index.php?rest_route=\/wp\/v2\/types\/post"}],"author":[{"embeddable":true,"href":"https:\/\/info.sadowne.pl\/index.php?rest_route=\/wp\/v2\/users\/1"}],"replies":[{"embeddable":true,"href":"https:\/\/info.sadowne.pl\/index.php?rest_route=%2Fwp%2Fv2%2Fcomments&post=26119"}],"version-history":[{"count":2,"href":"https:\/\/info.sadowne.pl\/index.php?rest_route=\/wp\/v2\/posts\/26119\/revisions"}],"predecessor-version":[{"id":26124,"href":"https:\/\/info.sadowne.pl\/index.php?rest_route=\/wp\/v2\/posts\/26119\/revisions\/26124"}],"wp:attachment":[{"href":"https:\/\/info.sadowne.pl\/index.php?rest_route=%2Fwp%2Fv2%2Fmedia&parent=26119"}],"wp:term":[{"taxonomy":"category","embeddable":true,"href":"https:\/\/info.sadowne.pl\/index.php?rest_route=%2Fwp%2Fv2%2Fcategories&post=26119"},{"taxonomy":"post_tag","embeddable":true,"href":"https:\/\/info.sadowne.pl\/index.php?rest_route=%2Fwp%2Fv2%2Ftags&post=26119"}],"curies":[{"name":"wp","href":"https:\/\/api.w.org\/{rel}","templated":true}]}}