{"id":26132,"date":"2022-06-22T19:32:09","date_gmt":"2022-06-22T17:32:09","guid":{"rendered":"http:\/\/info.sadowne.pl\/?p=26132"},"modified":"2022-06-22T19:32:09","modified_gmt":"2022-06-22T17:32:09","slug":"bylo-troche-placzu","status":"publish","type":"post","link":"https:\/\/info.sadowne.pl\/?p=26132","title":{"rendered":"By\u0142o troch\u0119 p\u0142aczu\u2026"},"content":{"rendered":"<p><a href=\"http:\/\/info.sadowne.pl\/wp-content\/uploads\/2022\/06\/2022.06.22.1.jpg\" target=\"_blank\" rel=\"noopener\"><img loading=\"lazy\" decoding=\"async\" class=\"alignleft wp-image-26133 size-thumbnail\" src=\"http:\/\/info.sadowne.pl\/wp-content\/uploads\/2022\/06\/2022.06.22.1-180x130.jpg\" alt=\"\" width=\"180\" height=\"130\" \/><\/a><\/p>\n<p><strong>Kolejny rocznik opu\u015bci\u0142 Szko\u0142\u0119 Podstawow\u0105 im. b\u0142. ksi\u0119dza Edwarda Grzyma\u0142y w Sadownem.<\/strong><!--more--><\/p>\n<p>22 czerwca w Gminnej Hali Sportowej w Sadownem uroczy\u015bcie po\u017cegnano tegorocznych absolwent\u00f3w miejscowej Szko\u0142y Podstawowej. 44. uczni\u00f3w klas \u00f3smych po odebraniu w pi\u0105tek \u015bwiadectw \u201eruszy w \u015bwiat\u201d, by kontynuowa\u0107 swoj\u0105 karier\u0119 edukacyjn\u0105.<\/p>\n<p>By\u0142o to oficjalne po\u017cegnanie, a wi\u0119c te\u017c konieczno\u015b\u0107 wprowadzenia sztandaru i od\u015bpiewanie hymnu pa\u0144stwowego. Nast\u0105pi\u0142o r\u00f3wnie\u017c powitanie zaproszonych go\u015bci oraz uczestnik\u00f3w spotkania przez gospodyni\u0119 obiektu Dyrektor Szko\u0142y p. Ma\u0142gorzat\u0119 Koro\u015b. W imieniu swoim i go\u015bci g\u0142os zabra\u0142 W\u00f3jt Gminy Sadowne p. Waldemar Cyran oraz Proboszcz Parafii Sadowne ks. Antoni Kunicki.<\/p>\n<p>Go\u015bcie, wsp\u00f3lnie z p. Dyrektor Szko\u0142y oraz wychowawcami klas \u00f3smych: p. Hann\u0105 Dymick\u0105 i S\u0142awomirem Akonomem, a tak\u017ce nauczycielami, wr\u0119czyli uczniom i ich rodzicom dyplomy, podzi\u0119kowania, nagrody za nauk\u0119, dzia\u0142alno\u015b\u0107 m.in. kulturaln\u0105, sportow\u0105\u2026 na rzecz szko\u0142y i poza ni\u0105. Przekazano te\u017c sztandar szko\u0142y nowemu pocztowi sztandarowemu.<\/p>\n<p>Po cz\u0119\u015bci oficjalnej odby\u0142a si\u0119 cz\u0119\u015b\u0107 artystyczna, kt\u00f3r\u0105 przygotowali \u00f3smoklasi\u015bci i uczniowie klas si\u00f3dmych. Rozpocz\u0105\u0142 j\u0105 tradycyjny polonez\u2026 a zako\u0144czy\u0142y symboliczne, czasami wy\u0142\u0105cznie indywidualne, po\u017cegnania kwiatkami, dobrym s\u0142owem i\u2026 uronion\u0105 \u0142z\u0105. Nauczyciele, go\u015bcie i rodzice zako\u0144czyli spotkanie kaw\u0105 i dobrym ciastem, a nasi absolwenci \u2013 dyskotek\u0105, zapewne nie do bia\u0142ego rana.<\/p>\n<p>Ko\u0144czymy s\u0142owami p. Dyrektor Ma\u0142gorzaty Koro\u015b skierowanymi do \u00f3smoklasist\u00f3w: \u201eNie m\u00f3wimy \u017cegnajcie, ale do zobaczenia\u201d.<\/p>\n<p><span style=\"color: #0000ff;\"><a style=\"color: #0000ff;\" href=\"https:\/\/photos.app.goo.gl\/8sNMgYS8jUKBE2997\" target=\"_blank\" rel=\"noopener\"><strong>Zdj\u0119cia w galerii Google&gt;&gt;&gt;<\/strong><\/a><\/span><\/p>\n<p><span style=\"color: #0000ff;\"><a style=\"color: #0000ff;\" href=\"https:\/\/youtu.be\/Wr0SDzBBby8\" target=\"_blank\" rel=\"noopener\"><strong>Zobacz te\u017c film&gt;&gt;&gt;<\/strong><\/a><\/span><\/p>\n<p><strong>Tekst\/foto:<\/strong> S\u0142awek Chyli\u0144ski<\/p>\n","protected":false},"excerpt":{"rendered":"<p>Kolejny rocznik opu\u015bci\u0142 Szko\u0142\u0119 Podstawow\u0105 im. b\u0142. ksi\u0119dza Edwarda Grzyma\u0142y w Sadownem.<\/p>\n","protected":false},"author":1,"featured_media":0,"comment_status":"closed","ping_status":"closed","sticky":false,"template":"","format":"standard","meta":{"footnotes":""},"categories":[5,1752,84],"tags":[3131,3126,16],"class_list":["post-26132","post","type-post","status-publish","format-standard","hentry","category-newsy","category-edukacja","category-szkola-podstawowa-im-cz-wycecha","tag-malgorzata-koros","tag-pozegnanie-osmoklasistow","tag-szkola-podstawowa-w-sadownem"],"views":2811,"_links":{"self":[{"href":"https:\/\/info.sadowne.pl\/index.php?rest_route=\/wp\/v2\/posts\/26132","targetHints":{"allow":["GET"]}}],"collection":[{"href":"https:\/\/info.sadowne.pl\/index.php?rest_route=\/wp\/v2\/posts"}],"about":[{"href":"https:\/\/info.sadowne.pl\/index.php?rest_route=\/wp\/v2\/types\/post"}],"author":[{"embeddable":true,"href":"https:\/\/info.sadowne.pl\/index.php?rest_route=\/wp\/v2\/users\/1"}],"replies":[{"embeddable":true,"href":"https:\/\/info.sadowne.pl\/index.php?rest_route=%2Fwp%2Fv2%2Fcomments&post=26132"}],"version-history":[{"count":1,"href":"https:\/\/info.sadowne.pl\/index.php?rest_route=\/wp\/v2\/posts\/26132\/revisions"}],"predecessor-version":[{"id":26134,"href":"https:\/\/info.sadowne.pl\/index.php?rest_route=\/wp\/v2\/posts\/26132\/revisions\/26134"}],"wp:attachment":[{"href":"https:\/\/info.sadowne.pl\/index.php?rest_route=%2Fwp%2Fv2%2Fmedia&parent=26132"}],"wp:term":[{"taxonomy":"category","embeddable":true,"href":"https:\/\/info.sadowne.pl\/index.php?rest_route=%2Fwp%2Fv2%2Fcategories&post=26132"},{"taxonomy":"post_tag","embeddable":true,"href":"https:\/\/info.sadowne.pl\/index.php?rest_route=%2Fwp%2Fv2%2Ftags&post=26132"}],"curies":[{"name":"wp","href":"https:\/\/api.w.org\/{rel}","templated":true}]}}