{"id":2615,"date":"2013-07-28T20:52:00","date_gmt":"2013-07-28T18:52:00","guid":{"rendered":"http:\/\/www.infosadowne.boo.pl\/?p=2615"},"modified":"2020-04-24T20:13:44","modified_gmt":"2020-04-24T18:13:44","slug":"festyn-wakacyjny-2013","status":"publish","type":"post","link":"https:\/\/info.sadowne.pl\/?p=2615","title":{"rendered":"Festyn Wakacyjny 2013"},"content":{"rendered":"<p style=\"text-align: justify;\"><strong><img loading=\"lazy\" decoding=\"async\" class=\"alignleft size-thumbnail wp-image-2616\" src=\"http:\/\/www.info.sadowne.pl\/wp-content\/uploads\/2013\/07\/2013.07.28-180x130.jpg\" alt=\"2013.07.28\" width=\"180\" height=\"130\" \/>W niedzielne przedpo\u0142udnie (28 lipca) na boisku szkolnym w Sadownem rozgorza\u0142a walka pomi\u0119dzy rodzinnymi dru\u017cynami \u2013 rozpocz\u0119\u0142a si\u0119 Spartakiada Rodzinna, pierwszy etap Festynu Wakacyjnego.<\/strong> <!--more-->Taczka, kartofel, worek, but gumowy i beret, to akcesoria, kt\u00f3re wykorzystano do oceny rywalizuj\u0105cych dru\u017cyn. Poszczeg\u00f3lne konkurencje skrupulatnie oceniane by\u0142y przez \u201enajwy\u017csz\u0105\u201d komisj\u0119, a o zwyci\u0119stwie decydowa\u0142y u\u0142amki sekund i milimetry. Jak si\u0119 okaza\u0142o, najlepsz\u0105 by\u0142a rodzina Rydzewskich, a na kolejnych miejscach uplasowa\u0142y si\u0119 rodziny: Roszak\u00f3w i Wojtyr\u00f3w. Gratulujemy zapa\u0142u i sukces\u00f3w!<\/p>\n<p style=\"text-align: justify;\">O godz. 13.00 tegoroczny Festyn Wakacyjny rozpocz\u0119\u0142a p. Dyrektor Gminnego O\u015brodka Kultury w Sadownem Ewa Pi\u00f3rkowska oraz W\u00f3jt Gminy Sadowne p. Zdzis\u0142aw Tracz \u2013 organizatorzy Festynu. Ju\u017c na wst\u0119pie nagrodzono finalist\u00f3w Konkursu Fotograficznego \u201eRok w obiektywie \u2013 wiosna\u201d: Justyn\u0119 Gryglas, Klaudi\u0119 Rostek i Piotra Akonoma. Nagrody otrzyma\u0142y r\u00f3wnie\u017c rodziny \u2013 finali\u015bci przedpo\u0142udniowej Spartakiady Rodzinnej.<\/p>\n<p style=\"text-align: justify;\">Przeprowadzono r\u00f3wnie\u017c konkurs wiedzy o regionie, kt\u00f3ry polega\u0142 na wype\u0142nieniu testu, a do kt\u00f3rego zg\u0142osi\u0142o si\u0119 16-tu uczestnik\u00f3w w dw\u00f3ch kategoriach wiekowych (do lat 12 i powy\u017cej). W kategorii do lat 12 najlepsz\u0105 okaza\u0142a si\u0119 Gabrysia K\u0142oczko, II miejsce zaj\u0105\u0142 Jan Stanis\u0142awczyk, a III \u2013 r\u00f3wnorz\u0119dne miejsce przypad\u0142o Milenie K\u0142oczko i Miko\u0142ajowi Gasto\u0142owi. W kategorii wiekowej powy\u017cej 12 lat sklasyfikowano dwie osoby: miejsce I &#8211; Klaudia Rostek, natomiast II \u2013 Bartosz Urbankowski. Ponadto w konkursie uczestniczyli: Bartek Przybylski, Wiktor Niewiadomski, Julia Zawadzka, Szymon Pi\u00f3rkowski, Dawid Kami\u0144ski, Karolina \u017baczek, Kacper Dominiak, Arkadiusz Kami\u0144ski, \u0141ukasz Gede i Jan Rostek. Wszyscy uczestnicy konkursu wykazali si\u0119 du\u017c\u0105 wiedz\u0105 o regionie.<\/p>\n<p style=\"text-align: justify;\">Przybyli na ten Festyn widzowie, po oficjalnym powitaniu, mogli nacieszy\u0107 swoje oczy i uszy \u2013 folklorem i muzyk\u0105 ludow\u0105, a tak\u017ce dyskotekow\u0105. Na scenie pokaza\u0142y si\u0119 zespo\u0142y ludowe: \u201eJarz\u0119bina\u201d z Broku i \u201eSadowianki\u201d z Sadownego oraz zespo\u0142y muzyczne: \u201ePin Up Girls\u201d, \u201eOko\u201d i \u201eVizza\u201d, a dzieci zabawiane by\u0142y przez Klauna Kluseczk\u0119 oraz zesp\u00f3\u0142 &#8222;Dee Dee &amp; Tonio&#8221;, serwuj\u0105cy piosenki specjalnie dla tej widowni.<\/p>\n<p style=\"text-align: justify;\">Opr\u00f3cz oprawy kulturalnej, zadbano te\u017c o atrakcje kulinarne i promocj\u0119 lokalnej tw\u00f3rczo\u015bci ludowej oraz gastronomicznej. Liczne stoiska serwowa\u0142y napoje, lody, r\u0119kodzie\u0142o artystyczne oraz atrakcyjne zabawy na najm\u0142odszej gawiedzi.<\/p>\n<p style=\"text-align: justify;\">Pomimo, \u017ce pogoda dopisa\u0142a nam a\u017c ponadto &#8211; by\u0142 du\u017cy upa\u0142, widzowie docierali systematycznie na miejsce kumulacji sadowie\u0144skich atrakcji folklorystycznych. A dzia\u0142o si\u0119, oj dzia\u0142o. Cieszymy si\u0119, \u017ce w okresie kulturowego \u201esezonu og\u00f3rkowego\u201d nie zapomniano o mieszka\u0144cach naszej Gminy i odwiedzaj\u0105cych nas wczasowiczach. Mamy nadziej\u0119, \u017ce Festyn Wakacyjny stanie si\u0119 tradycj\u0105 Sadownego, a zw\u0142aszcza, \u017ce \u2013 jak przypomnia\u0142 W\u00f3jt Gminy Sadowne p. Zdzis\u0142aw Tracz \u2013 w przysz\u0142ym roku b\u0119dziemy obchodzi\u0107 500-lecie powstania Sadownego.<\/p>\n<p style=\"text-align: justify;\">Oj chyba za rok to b\u0119dzie si\u0119 dzia\u0142o \u2013 zapraszamy ju\u017c teraz.<\/p>\n<p><a href=\"https:\/\/photos.app.goo.gl\/nhD2ZATsBe8QqX8XA\" target=\"_blank\" rel=\"noopener noreferrer\"><strong>Zdj\u0119cia w galerii Google&gt;&gt;&gt;<\/strong><\/a><\/p>\n<p><strong>Tekst\/foto:<\/strong> S\u0142awek Chyli\u0144ski<\/p>\n<p>&nbsp;<\/p>\n","protected":false},"excerpt":{"rendered":"<p>W niedzielne przedpo\u0142udnie (28 lipca) na boisku szkolnym w Sadownem rozgorza\u0142a walka pomi\u0119dzy rodzinnymi dru\u017cynami \u2013 rozpocz\u0119\u0142a si\u0119 Spartakiada Rodzinna, pierwszy etap Festynu Wakacyjnego.<\/p>\n","protected":false},"author":1,"featured_media":0,"comment_status":"open","ping_status":"open","sticky":false,"template":"","format":"standard","meta":{"footnotes":""},"categories":[5,91,6],"tags":[309,169,142],"class_list":["post-2615","post","type-post","status-publish","format-standard","hentry","category-newsy","category-gminny-osrodek-kultury","category-kultura-rozrywka-edukacja","tag-festyn-wakacyjny-w-sadownem","tag-gminny-osrodek-kultury-w-sadownem","tag-urzad-gminy-sadowne"],"views":3582,"_links":{"self":[{"href":"https:\/\/info.sadowne.pl\/index.php?rest_route=\/wp\/v2\/posts\/2615","targetHints":{"allow":["GET"]}}],"collection":[{"href":"https:\/\/info.sadowne.pl\/index.php?rest_route=\/wp\/v2\/posts"}],"about":[{"href":"https:\/\/info.sadowne.pl\/index.php?rest_route=\/wp\/v2\/types\/post"}],"author":[{"embeddable":true,"href":"https:\/\/info.sadowne.pl\/index.php?rest_route=\/wp\/v2\/users\/1"}],"replies":[{"embeddable":true,"href":"https:\/\/info.sadowne.pl\/index.php?rest_route=%2Fwp%2Fv2%2Fcomments&post=2615"}],"version-history":[{"count":6,"href":"https:\/\/info.sadowne.pl\/index.php?rest_route=\/wp\/v2\/posts\/2615\/revisions"}],"predecessor-version":[{"id":23362,"href":"https:\/\/info.sadowne.pl\/index.php?rest_route=\/wp\/v2\/posts\/2615\/revisions\/23362"}],"wp:attachment":[{"href":"https:\/\/info.sadowne.pl\/index.php?rest_route=%2Fwp%2Fv2%2Fmedia&parent=2615"}],"wp:term":[{"taxonomy":"category","embeddable":true,"href":"https:\/\/info.sadowne.pl\/index.php?rest_route=%2Fwp%2Fv2%2Fcategories&post=2615"},{"taxonomy":"post_tag","embeddable":true,"href":"https:\/\/info.sadowne.pl\/index.php?rest_route=%2Fwp%2Fv2%2Ftags&post=2615"}],"curies":[{"name":"wp","href":"https:\/\/api.w.org\/{rel}","templated":true}]}}