{"id":26152,"date":"2022-06-30T11:44:19","date_gmt":"2022-06-30T09:44:19","guid":{"rendered":"http:\/\/info.sadowne.pl\/?p=26152"},"modified":"2022-06-30T11:44:19","modified_gmt":"2022-06-30T09:44:19","slug":"o-brokowiaku-ktory","status":"publish","type":"post","link":"https:\/\/info.sadowne.pl\/?p=26152","title":{"rendered":"O BROKOWIAKU, KT\u00d3RY\u2026"},"content":{"rendered":"<p><strong><a href=\"http:\/\/info.sadowne.pl\/wp-content\/uploads\/2022\/06\/Brok86.jpg\" target=\"_blank\" rel=\"noopener\"><img loading=\"lazy\" decoding=\"async\" class=\"alignleft wp-image-26153 size-thumbnail\" src=\"http:\/\/info.sadowne.pl\/wp-content\/uploads\/2022\/06\/Brok86-180x130.jpg\" alt=\"\" width=\"180\" height=\"130\" \/><\/a>SWOJE SZTUKI W TEATRACH NA MAHATTANIE WYSTAWIA\u0141.<\/strong><!--more--><\/p>\n<p>Zwykle, gdy jest si\u0119 malcem, to czas sp\u0119dza si\u0119 beztrosko przy rodzicach lub na zabawach z rodze\u0144stwem i r\u00f3wie\u015bnikami. Tak jednak nie by\u0142o w przypadku \u017cydowskich maluch\u00f3w, kt\u00f3re ju\u017c cztery, a czasami nawet trzy lata po narodzinach rozpoczyna\u0142y sw\u0105 edukacj\u0119. Ortodoksyjni rodzice nie dowierzali bowiem, \u017ce podw\u00f3rko mo\u017ce czegokolwiek dobrego ich potomka nauczy\u0107, wi\u0119c powierzali jego wychowanie me\u0142amedowi w chederze. Me\u0142amedowi czasami pomaga\u0142 edukator zwany behelferem, od kt\u00f3rego to s\u0142owa pochodzi pono\u0107 polski wyraz \u201ebelfer\u201d. \u017bydowski ch\u0142opiec edukowa\u0142 si\u0119 w tej uczelni do pierwszego dnia po swych trzynastych urodzinach, bo to wtedy odbywa\u0142 si\u0119 obrz\u0119d zwany bar micw\u0105. Od tego momentu m\u0142odzieniec by\u0142 odpowiedzialny za swe czyny przed Bogiem i bra\u0142 pe\u0142ny udzia\u0142 w uroczysto\u015bciach religijnych w synagodze.<\/p>\n<p>Nie wiem, czy urodzony 7 czerwca 1893 r. w sztetlu Brok bohater tej opowie\u015bci Nahum Stutchkoff (w\u00f3wczas jeszcze Nuchim Sztuczka, lub Nokhem Stutshko\u00a0w jidysz) trafi\u0142 do miejscowego chederu, gdy mia\u0142 lat trzy czy cztery?<\/p>\n<p><strong>Wi\u0119cej na stronie <span style=\"color: #0000ff;\"><a style=\"color: #0000ff;\" href=\"https:\/\/madzelan.cba.pl\/o-brokowiaku-ktory-swoje-sztuki-w-teatrach-na-mahattanie-wystawial\/\" target=\"_blank\" rel=\"noopener\">https:\/\/madzelan.cba.pl\/o-brokowiaku-ktory-swoje-sztuki-w-teatrach-na-mahattanie-wystawial\/<\/a><\/span><\/strong><\/p>\n","protected":false},"excerpt":{"rendered":"<p>SWOJE SZTUKI W TEATRACH NA MAHATTANIE WYSTAWIA\u0141.<\/p>\n","protected":false},"author":1,"featured_media":0,"comment_status":"closed","ping_status":"closed","sticky":false,"template":"","format":"standard","meta":{"footnotes":""},"categories":[5,3436,31],"tags":[3004,2956],"class_list":["post-26152","post","type-post","status-publish","format-standard","hentry","category-newsy","category-opowiesci-historie-legendy-brokowskie-i-nie-tylko","category-historia-gminy","tag-jerzy-madzelan","tag-opowiesci-historie-legendy-brokowskie-i-nie-tylko"],"views":1722,"_links":{"self":[{"href":"https:\/\/info.sadowne.pl\/index.php?rest_route=\/wp\/v2\/posts\/26152","targetHints":{"allow":["GET"]}}],"collection":[{"href":"https:\/\/info.sadowne.pl\/index.php?rest_route=\/wp\/v2\/posts"}],"about":[{"href":"https:\/\/info.sadowne.pl\/index.php?rest_route=\/wp\/v2\/types\/post"}],"author":[{"embeddable":true,"href":"https:\/\/info.sadowne.pl\/index.php?rest_route=\/wp\/v2\/users\/1"}],"replies":[{"embeddable":true,"href":"https:\/\/info.sadowne.pl\/index.php?rest_route=%2Fwp%2Fv2%2Fcomments&post=26152"}],"version-history":[{"count":1,"href":"https:\/\/info.sadowne.pl\/index.php?rest_route=\/wp\/v2\/posts\/26152\/revisions"}],"predecessor-version":[{"id":26154,"href":"https:\/\/info.sadowne.pl\/index.php?rest_route=\/wp\/v2\/posts\/26152\/revisions\/26154"}],"wp:attachment":[{"href":"https:\/\/info.sadowne.pl\/index.php?rest_route=%2Fwp%2Fv2%2Fmedia&parent=26152"}],"wp:term":[{"taxonomy":"category","embeddable":true,"href":"https:\/\/info.sadowne.pl\/index.php?rest_route=%2Fwp%2Fv2%2Fcategories&post=26152"},{"taxonomy":"post_tag","embeddable":true,"href":"https:\/\/info.sadowne.pl\/index.php?rest_route=%2Fwp%2Fv2%2Ftags&post=26152"}],"curies":[{"name":"wp","href":"https:\/\/api.w.org\/{rel}","templated":true}]}}