{"id":26187,"date":"2022-07-07T17:23:26","date_gmt":"2022-07-07T15:23:26","guid":{"rendered":"http:\/\/info.sadowne.pl\/?p=26187"},"modified":"2022-07-07T17:23:26","modified_gmt":"2022-07-07T15:23:26","slug":"o-wizycie-biskupa-w-branszczyku-i-dlugosiodle","status":"publish","type":"post","link":"https:\/\/info.sadowne.pl\/?p=26187","title":{"rendered":"O wizycie biskupa w Bra\u0144szczyku i D\u0142ugosiodle,"},"content":{"rendered":"<p><strong><a href=\"http:\/\/info.sadowne.pl\/wp-content\/uploads\/2022\/07\/Brok87.jpg\" target=\"_blank\" rel=\"noopener\"><img loading=\"lazy\" decoding=\"async\" class=\"alignleft wp-image-26188 size-thumbnail\" src=\"http:\/\/info.sadowne.pl\/wp-content\/uploads\/2022\/07\/Brok87-180x130.jpg\" alt=\"\" width=\"180\" height=\"130\" \/><\/a>\u2026o wra\u017ceniach pewnego woja\u017cera z rajdu po naszej okolicy, a tak\u017ce siej\u0105ca \u015bmier\u0107 k\u0142onica i straszna kronika wypadk\u00f3w.<\/strong><!--more--><\/p>\n<p>Czytelnicy czekaj\u0105 z pewno\u015bci\u0105 ze zniecierpliwieniem, aby m\u00f3c dalej peregrynowa\u0107 po okolicznych parafiach wraz z biskupem p\u0142ockim Micha\u0142em Nowodworskim. Nast\u0119pnym po Por\u0119bie przystankiem hierarchy by\u0142 Bra\u0144szczyk, do kt\u00f3rego przyby\u0142 2 pa\u017adziernika 1894 r. Ju\u017c wielokrotnie zamieszczali\u015bmy archiwalne materia\u0142y prasowe o tamtejszym ko\u015bciele, a dzisiaj kolejna porcja cennych informacji. Po opuszczeniu tej sympatycznej nadbu\u017ca\u0144skiej miejscowo\u015bci towarzyszymy pasterzowi p\u0142ockiej diecezji w podr\u00f3\u017cy do D\u0142ugosiod\u0142a. Przy okazji odkryli\u015bmy, \u017ce miejscowo\u015b\u0107 ta odleg\u0142a jest od Broku o mniej ni\u017c 30 kilometr\u00f3w, tote\u017c niniejszym uroczy\u015bcie og\u0142aszamy, \u017ce w\u0142\u0105czamy j\u0105 w sk\u0142ad brokowskiego wszech\u015bwiata. Cieszy to nas, tym bardziej, \u017ce w parafii D\u0142ugosiod\u0142o zachowa\u0142y si\u0119 ksi\u0119gi metrykalne jeszcze z roku 1634 i ju\u017c w tych najstarszych odnajdujemy mieszkanki i mieszka\u0144c\u00f3w Broku, kt\u00f3rzy w D\u0142ugosiodle odnajdowali sw\u0105 drug\u0105 po\u0142\u00f3wk\u0119, a tak\u017ce \u015bwiadkowali i bywali rodzicami chrzestnymi. By\u0142 po\u015br\u00f3d nich niejaki Stanis\u0142aw Rybka z Broku, wi\u0119c niewykluczone, \u017ce to w\u0142a\u015bnie od niego nazw\u0119 sw\u0105 wzi\u0105\u0142 prastary brokowski lokal gastronomiczny\u00a0<em>Bar pod Rybk\u0105<\/em>, ale aby ten fakt niezbicie potwierdzi\u0107, nale\u017ca\u0142oby przeprowadzi\u0107 mozolne archiwalne kwerendy i \u017cmudne prace wykopaliskowe.<\/p>\n<p><strong>Wi\u0119cej na stronie<\/strong> <span style=\"color: #0000ff;\"><strong><a style=\"color: #0000ff;\" href=\"https:\/\/madzelan.cba.pl\/o-wizycie-biskupa-w-branszczyku-i-dlugosiodle-o-wrazeniach-pewnego-wojazera-z-rajdu-po-naszej-okolicy-a-takze-siejaca-smierc-klonica-i-straszna-kronika-wypadkow\/\" target=\"_blank\" rel=\"noopener\">https:\/\/madzelan.cba.pl\/o-wizycie-biskupa-w-branszczyku-i-dlugosiodle-o-wrazeniach-pewnego-wojazera-z-rajdu-po-naszej-okolicy-a-takze-siejaca-smierc-klonica-i-straszna-kronika-wypadkow\/<\/a><\/strong><\/span><\/p>\n","protected":false},"excerpt":{"rendered":"<p>\u2026o wra\u017ceniach pewnego woja\u017cera z rajdu po naszej okolicy, a tak\u017ce siej\u0105ca \u015bmier\u0107 k\u0142onica i straszna kronika wypadk\u00f3w.<\/p>\n","protected":false},"author":1,"featured_media":0,"comment_status":"closed","ping_status":"closed","sticky":false,"template":"","format":"standard","meta":{"footnotes":""},"categories":[5,3436,31],"tags":[3758,745,3805,3004,2956],"class_list":["post-26187","post","type-post","status-publish","format-standard","hentry","category-newsy","category-opowiesci-historie-legendy-brokowskie-i-nie-tylko","category-historia-gminy","tag-branszczyk","tag-brok","tag-dlugosiodlo","tag-jerzy-madzelan","tag-opowiesci-historie-legendy-brokowskie-i-nie-tylko"],"views":1843,"_links":{"self":[{"href":"https:\/\/info.sadowne.pl\/index.php?rest_route=\/wp\/v2\/posts\/26187","targetHints":{"allow":["GET"]}}],"collection":[{"href":"https:\/\/info.sadowne.pl\/index.php?rest_route=\/wp\/v2\/posts"}],"about":[{"href":"https:\/\/info.sadowne.pl\/index.php?rest_route=\/wp\/v2\/types\/post"}],"author":[{"embeddable":true,"href":"https:\/\/info.sadowne.pl\/index.php?rest_route=\/wp\/v2\/users\/1"}],"replies":[{"embeddable":true,"href":"https:\/\/info.sadowne.pl\/index.php?rest_route=%2Fwp%2Fv2%2Fcomments&post=26187"}],"version-history":[{"count":1,"href":"https:\/\/info.sadowne.pl\/index.php?rest_route=\/wp\/v2\/posts\/26187\/revisions"}],"predecessor-version":[{"id":26189,"href":"https:\/\/info.sadowne.pl\/index.php?rest_route=\/wp\/v2\/posts\/26187\/revisions\/26189"}],"wp:attachment":[{"href":"https:\/\/info.sadowne.pl\/index.php?rest_route=%2Fwp%2Fv2%2Fmedia&parent=26187"}],"wp:term":[{"taxonomy":"category","embeddable":true,"href":"https:\/\/info.sadowne.pl\/index.php?rest_route=%2Fwp%2Fv2%2Fcategories&post=26187"},{"taxonomy":"post_tag","embeddable":true,"href":"https:\/\/info.sadowne.pl\/index.php?rest_route=%2Fwp%2Fv2%2Ftags&post=26187"}],"curies":[{"name":"wp","href":"https:\/\/api.w.org\/{rel}","templated":true}]}}