{"id":26191,"date":"2022-07-12T19:24:28","date_gmt":"2022-07-12T17:24:28","guid":{"rendered":"http:\/\/info.sadowne.pl\/?p=26191"},"modified":"2022-07-12T19:24:28","modified_gmt":"2022-07-12T17:24:28","slug":"historia-niebywala-i-wcale-jeszcze-nie-skonczona","status":"publish","type":"post","link":"https:\/\/info.sadowne.pl\/?p=26191","title":{"rendered":"Historia niebywa\u0142a i wcale jeszcze nie sko\u0144czona"},"content":{"rendered":"<p><strong><a href=\"http:\/\/info.sadowne.pl\/wp-content\/uploads\/2022\/07\/2022.07.12.8.jpg\" target=\"_blank\" rel=\"noopener\"><img loading=\"lazy\" decoding=\"async\" class=\"alignleft wp-image-26192 size-thumbnail\" src=\"http:\/\/info.sadowne.pl\/wp-content\/uploads\/2022\/07\/2022.07.12.8-180x130.jpg\" alt=\"\" width=\"180\" height=\"130\" \/><\/a>Wyobra\u017acie sobie\u2026 albo lepiej przeczytajcie, bo moja wyobra\u017ania, p\u00f3ki stopniowo nie poznawa\u0142em fakt\u00f3w, tak daleko nie si\u0119ga\u0142a.<\/strong><!--more--><\/p>\n<p>Rodzimy si\u0119, zdobywamy wykszta\u0142cenie, pracujemy i czekamy na zas\u0142u\u017con\u0105 oraz godziw\u0105 emerytur\u0119. To chyba najkr\u00f3tszy ze wsp\u00f3\u0142czesnych \u017cyciorys\u00f3w \u2013 cho\u0107 ten niestandardowy i wci\u0105\u017c jeszcze realizowany &#8211; poni\u017cej, pokr\u00f3tce, niepokolorowany postaram si\u0119 przedstawi\u0107. Inspiracj\u0105 do skre\u015blenia kilku s\u0142\u00f3w jest sta\u017c pracy, kt\u00f3ry wielu mo\u017ce wyda\u0107 si\u0119 nieprawdopodobny, ale nie tylko to.<\/p>\n<p><a href=\"http:\/\/info.sadowne.pl\/wp-content\/uploads\/2022\/07\/2022.07.12.5.jpg\"><img loading=\"lazy\" decoding=\"async\" class=\"alignleft size-medium wp-image-26193\" src=\"http:\/\/info.sadowne.pl\/wp-content\/uploads\/2022\/07\/2022.07.12.5-225x300.jpg\" alt=\"\" width=\"225\" height=\"300\" srcset=\"https:\/\/info.sadowne.pl\/wp-content\/uploads\/2022\/07\/2022.07.12.5-225x300.jpg 225w, https:\/\/info.sadowne.pl\/wp-content\/uploads\/2022\/07\/2022.07.12.5.jpg 252w\" sizes=\"auto, (max-width: 225px) 100vw, 225px\" \/><\/a>Nie b\u0119d\u0119 te\u017c do ko\u0144ca trzyma\u0142 Pa\u0144stwa w napi\u0119ciu czy domys\u0142ach i od razu wyjawi\u0119, \u017ce <strong>dzi\u015b bli\u017cej zaprezentuj\u0119 urodzonego w Wilczog\u0119bach, a od lat mieszkaj\u0105cego w Sadownem pu\u0142kownika WP, doktora in\u017cyniera Romana J\u00f3\u017awika<\/strong>. Jak przeczytacie wszystko, to z pewno\u015bci\u0105 odgadniecie, czemu akurat o Nim czyni\u0119 notk\u0119.<\/p>\n<p><strong>Z publikacji wydanej w 1995 r. z okazji 50-lecia Liceum Og\u00f3lnokszta\u0142c\u0105cego im. W\u0142adys\u0142awa Orkana mo\u017cemy dowiedzie\u0107 si\u0119, \u017ce matur\u0119 zdoby\u0142 w 1960 r.<\/strong>, gdy dyrektorem szko\u0142y by\u0142 mgr Stanis\u0142aw Dragan. Tam\u017ce znajdziemy fotografi\u0119 z I Zjazdu Absolwent\u00f3w przedstawiaj\u0105c\u0105, jak przekazuje w czerwcu 1970 r. pocztowi sztandarowemu sztandar ufundowany przez Absolwent\u00f3w. Dalej dyrektor Edward Herman, wspominaj\u0105c wychowank\u00f3w, w\u015br\u00f3d \u201ctych w mundurach\u201d, na pierwszym miejscu wymienia \u201cdoktora nauk wojskowych\u201d R. J\u00f3\u017awika, jako \u00f3wczesnego \u201cdyrektora departamentu spraw zagranicznych MON\u201d. W tym okresie \u015bci\u015ble wsp\u00f3\u0142pracowa\u0142 z pedagogami LO w Sadownem, przedstawiaj\u0105c podczas wyk\u0142ad\u00f3w dla m\u0142odzie\u017cy klas starszych najnowsze osi\u0105gni\u0119cia techniki, w tym jeden z pierwszych laser\u00f3w rubinowych w Polsce.<\/p>\n<p>Od samego &#8211; dzi\u015b ju\u017c Emeryta &#8211; przekazuj\u0119, \u017ce <strong>w 1967 r. uko\u0144czy\u0142 studia II stopnia w Wojskowej Akademii Technicznej, uzyskuj\u0105c tytu\u0142 mgr in\u017c. Fizyki Technicznej w specjalno\u015bci Fizyka J\u0105drowa. W roku 1977 uzyska\u0142 stopie\u0144 doktora nauk technicznych. <\/strong><\/p>\n<p><a href=\"http:\/\/info.sadowne.pl\/wp-content\/uploads\/2022\/07\/2022.07.12.9.jpg\" target=\"_blank\" rel=\"noopener\"><img loading=\"lazy\" decoding=\"async\" class=\"alignright wp-image-26195 size-thumbnail\" src=\"http:\/\/info.sadowne.pl\/wp-content\/uploads\/2022\/07\/2022.07.12.9-180x130.jpg\" alt=\"\" width=\"180\" height=\"130\" \/><\/a>62 (to nie b\u0142\u0105d czeski, ani inny) lata jego czynnej s\u0142u\u017cby w Si\u0142ach Zbrojnych Rzeczypospolitej Polskiej by\u0142o \u015bci\u015ble zwi\u0105zane z technik\u0105 Obrony przed Broni\u0105 Masowego Ra\u017cenia. W ci\u0105gu 30. lat pracy w Wojskowym Instytucie Chemii i Radiometrii zajmowa\u0142 stanowiska od asystenta do dyrektora tego Instytutu. Za osi\u0105gni\u0119cia uzyskane podczas kierowania tym Instytutem \u2013 odznaczony zosta\u0142 przez Prezydenta RP Krzy\u017cem Oficerskim Orderu Odrodzenia Polski.<\/p>\n<p><strong>W latach 1989 \u2013 1999 pracowa\u0142 w Departamencie Wojskowych Spraw Zagranicznych Ministerstwa Obrony Narodowej, gdzie, jako Zast\u0119pca Dyrektora \u2013 pana gen. Franciszka G\u0104GORA, bra\u0142 czynny udzia\u0142 w procesie wprowadzania Polski do NATO<\/strong><strong>. <\/strong>By\u0142 bezpo\u015brednim \u0142\u0105cznikiem Armii z Rz\u0105dem, co w kluczowym czasie akcesyjnym wymaga\u0142o pracy po 17 godzin na dob\u0119.<\/p>\n<p><strong><a href=\"http:\/\/info.sadowne.pl\/wp-content\/uploads\/2022\/07\/2022.07.12.6.jpg\" target=\"_blank\" rel=\"noopener\"><img loading=\"lazy\" decoding=\"async\" class=\"alignleft wp-image-26194 size-thumbnail\" src=\"http:\/\/info.sadowne.pl\/wp-content\/uploads\/2022\/07\/2022.07.12.6-180x130.jpg\" alt=\"\" width=\"180\" height=\"130\" \/><\/a>W latach 1989 \u2013 1995 pracowa\u0142 w Sta\u0142ym Przedstawicielstwie RP przy ONZ w Genewie.<\/strong> Tam\u017ce bra\u0142 czynny udzia\u0142 w negocjacjach dotycz\u0105cych \u201eKonwencji o zakazie broni chemicznej\u201d i \u201eTraktatu o powszechnym i ca\u0142kowitym zakazie pr\u00f3b j\u0105drowych\u201d.\u00a0 Za dokonania w tym zakresie, na wniosek Ministra Spraw Zagranicznych, odznaczony zosta\u0142 przez Prezydenta RP Krzy\u017cem Kawalerskim Orderu Odrodzenia Polski. Dodam, \u017ce wype\u0142nianie tej misji wymaga\u0142o nie tylko perfekcyjnego przygotowania i do\u015bwiadczenia specjalistycznego, bieg\u0142ej znajomo\u015bci j\u0119zyka angielskiego, ale te\u017c niezwyk\u0142ych cech charakteru.<\/p>\n<p><strong><a href=\"http:\/\/info.sadowne.pl\/wp-content\/uploads\/2022\/07\/2022.07.12.7.jpg\" target=\"_blank\" rel=\"noopener\"><img loading=\"lazy\" decoding=\"async\" class=\"alignright wp-image-26198 size-thumbnail\" src=\"http:\/\/info.sadowne.pl\/wp-content\/uploads\/2022\/07\/2022.07.12.7-180x130.jpg\" alt=\"\" width=\"180\" height=\"130\" \/><\/a>W 1993r., jako ochotnik, kierowa\u0142 mi\u0119dzynarodow\u0105 grup\u0105 oficer\u00f3w nadzoru w misji ONZ w Kambod\u017cy.<\/strong> By\u0142a to strefa dzia\u0142a\u0144 wojennych, a wielu uczestnik\u00f3w misji, w tym Polak\u00f3w, ponios\u0142o najwy\u017csz\u0105 ofiar\u0119. Sam te\u017c cz\u0119sto przemierza\u0142 \u201epod ogniem\u201d kambod\u017ca\u0144skie bezdro\u017ca, dowo\u017c\u0105c walut\u0119 i niezb\u0119dne dla przetrwania miejscowych artyku\u0142y. W misji bra\u0142o udzia\u0142 oko\u0142o 45 000 \u017co\u0142nierzy z wielu kraj\u00f3w \u015bwiata. Zako\u0144czy\u0142a ona trwaj\u0105c\u0105 tam 20 lat wojn\u0119 domow\u0105. Do\u015bwiadczenia uzyskane przez uczestnik\u00f3w misji by\u0142y i s\u0105 nauk\u0105 zachowywania wielkiego dystansu podczas rozwi\u0105zywania problem\u00f3w czasu pokoju.<\/p>\n<p><strong>W latach 1995-98 kierowa\u0142 polskimi misjami wojskowymi m.in. na Wzg\u00f3rzach Golan i w krajach by\u0142ej Jugos\u0142awii,<\/strong> wielokrotnie odwiedzaj\u0105c tam\u017ce przy r\u00f3\u017cnych okazjach \u017co\u0142nierzy.<\/p>\n<p><strong><a href=\"http:\/\/info.sadowne.pl\/wp-content\/uploads\/2022\/07\/2022.07.12.10.jpg\" target=\"_blank\" rel=\"noopener\"><img loading=\"lazy\" decoding=\"async\" class=\"wp-image-26196 size-thumbnail alignleft\" src=\"http:\/\/info.sadowne.pl\/wp-content\/uploads\/2022\/07\/2022.07.12.10-180x130.jpg\" alt=\"\" width=\"180\" height=\"130\" \/><\/a>W latach 2012 \u2013 2016 by\u0142 cz\u0142onkiem Rady ds. Bezpiecze\u0144stwa J\u0105drowego i Ochrony Radiologicznej przy Prezesie Pa\u0144stwowej Agencji Atomistyki.<\/strong> W 2015 r. zosta\u0142 pracownikiem naukowym Wojskowego Instytutu Technicznego Uzbrojenia, gdzie 30 czerwca br., po 62. latach aktywno\u015bci zawodowej przeszed\u0142 na emerytur\u0119.<\/p>\n<p><strong>Jest autorem kilkudziesi\u0119ciu naukowych publikacji specjalistycznych.<\/strong> Wymieni\u0119 dwie ostatnie: z 2018r.: \u201dNuklear Energy and Its Peaceful Use\u201d, wydana w Berlinie i rozpowszechniona w ponad 30. krajach UE oraz wydana w 2020 r., opracowana wsp\u00f3lnie z mgr in\u017c. Jaros\u0142awem Nawrotkiem monografia \u201eCzynniki polityczno-wojskowe i ekonomiczne w kreowaniu polityki bezpiecze\u0144stwa Federacji Rosyjskiej\u201d. W pierwszej, w przyst\u0119pny i zrozumia\u0142y (cho\u0107 nie do ko\u0144ca dla mnie) spos\u00f3b przedstawia mechanizm powstawania energii j\u0105drowej, typy reaktor\u00f3w i histori\u0119 energetyki j\u0105drowej w Polsce, a w drugiej (wraz ze Wsp\u00f3\u0142autorem) przybli\u017ca wsp\u00f3\u0142czesn\u0105 strategi\u0119 bezpiecze\u0144stwa narodowego Kremla, podkre\u015blaj\u0105c jak z punktu widzenia bezpiecze\u0144stwa Polski niezb\u0119dne jest ci\u0105g\u0142e monitorowanie stanu rosyjskiej armii. Ostatnia publikacja to swoiste, szerokie kompendium wiedzy o wsp\u00f3\u0142czesnej Rosji, jej relacjach z innymi krajami i zagro\u017ceniach, jakie stanowi dla og\u00f3lno\u015bwiatowego bezpiecze\u0144stwa. Zawiera ona wiele cennych informacji i spostrze\u017ce\u0144 oraz m.in. barwnych fotografii najnowocze\u015bniejszego uzbrojenia, jakim dysponuje rosyjska armia.<\/p>\n<p><strong><a href=\"http:\/\/info.sadowne.pl\/wp-content\/uploads\/2022\/07\/2022.07.12.11.jpg\"><img loading=\"lazy\" decoding=\"async\" class=\"size-thumbnail wp-image-26197 alignright\" src=\"http:\/\/info.sadowne.pl\/wp-content\/uploads\/2022\/07\/2022.07.12.11-180x130.jpg\" alt=\"\" width=\"180\" height=\"130\" \/><\/a>Mo\u017cna \u015bmia\u0142o stwierdzi\u0107, \u017ce Jego \u201e polska cegie\u0142ka\u201d w murze obronnym Zachodu przed zakusami Imperium Rosyjskiego jest ca\u0142kiem poka\u017ana.<\/strong><\/p>\n<p><strong>A Roman J\u00f3\u017awik nadal mieszka przy ul. Grunwaldzkiej<\/strong>, zakupy robi na sadowie\u0144skim ryneczku i w miejscowych sklepach; jedn\u0105 z jego pasji jest gra na harmonijce ustnej, kt\u00f3rej kunszt zaprezentowa\u0142 m.in. w Katedrze Wojska Polskiego w Warszawie. Jest cz\u0142owiekiem skromnym, a i dusz\u0105 ka\u017cdego towarzystwa, st\u0105d wielkim zaszczytem dla mnie jest mo\u017cliwo\u015b\u0107 poznawania barwnych los\u00f3w jego \u017cycia, kt\u00f3rego ma\u0142e fragmenty przedstawiam i wielu anegdot, jakie ze swad\u0105 opowiada.<\/p>\n<p><strong>A na koniec dodam:<\/strong> c\u00f3\u017c\u2026 cudze chwalimy, swoje poznawajmy.<\/p>\n<p><strong>Tekst:<\/strong> Ryszard Warda<\/p>\n<p><strong>Fotografie ze zbior\u00f3w prywatnych R. J\u00f3\u017awika.<\/strong><\/p>\n","protected":false},"excerpt":{"rendered":"<p>Wyobra\u017acie sobie\u2026 albo lepiej przeczytajcie, bo moja wyobra\u017ania, p\u00f3ki stopniowo nie poznawa\u0142em fakt\u00f3w, tak daleko nie si\u0119ga\u0142a.<\/p>\n","protected":false},"author":1,"featured_media":0,"comment_status":"closed","ping_status":"closed","sticky":false,"template":"","format":"standard","meta":{"footnotes":""},"categories":[5,1],"tags":[3807,3806,1379,25],"class_list":["post-26191","post","type-post","status-publish","format-standard","hentry","category-newsy","category-inne","tag-mieszkancy-sadownego","tag-roman-jozwik","tag-ryszard-warda","tag-sadowne"],"views":3279,"_links":{"self":[{"href":"https:\/\/info.sadowne.pl\/index.php?rest_route=\/wp\/v2\/posts\/26191","targetHints":{"allow":["GET"]}}],"collection":[{"href":"https:\/\/info.sadowne.pl\/index.php?rest_route=\/wp\/v2\/posts"}],"about":[{"href":"https:\/\/info.sadowne.pl\/index.php?rest_route=\/wp\/v2\/types\/post"}],"author":[{"embeddable":true,"href":"https:\/\/info.sadowne.pl\/index.php?rest_route=\/wp\/v2\/users\/1"}],"replies":[{"embeddable":true,"href":"https:\/\/info.sadowne.pl\/index.php?rest_route=%2Fwp%2Fv2%2Fcomments&post=26191"}],"version-history":[{"count":1,"href":"https:\/\/info.sadowne.pl\/index.php?rest_route=\/wp\/v2\/posts\/26191\/revisions"}],"predecessor-version":[{"id":26199,"href":"https:\/\/info.sadowne.pl\/index.php?rest_route=\/wp\/v2\/posts\/26191\/revisions\/26199"}],"wp:attachment":[{"href":"https:\/\/info.sadowne.pl\/index.php?rest_route=%2Fwp%2Fv2%2Fmedia&parent=26191"}],"wp:term":[{"taxonomy":"category","embeddable":true,"href":"https:\/\/info.sadowne.pl\/index.php?rest_route=%2Fwp%2Fv2%2Fcategories&post=26191"},{"taxonomy":"post_tag","embeddable":true,"href":"https:\/\/info.sadowne.pl\/index.php?rest_route=%2Fwp%2Fv2%2Ftags&post=26191"}],"curies":[{"name":"wp","href":"https:\/\/api.w.org\/{rel}","templated":true}]}}