{"id":26207,"date":"2022-07-14T14:28:11","date_gmt":"2022-07-14T12:28:11","guid":{"rendered":"http:\/\/info.sadowne.pl\/?p=26207"},"modified":"2022-07-14T14:28:11","modified_gmt":"2022-07-14T12:28:11","slug":"z-lesniczowki-w-grudziach-na-syberie","status":"publish","type":"post","link":"https:\/\/info.sadowne.pl\/?p=26207","title":{"rendered":"Z LE\u015aNICZ\u00d3WKI W GRUDZIACH NA SYBERI\u0118"},"content":{"rendered":"<p><strong><a href=\"http:\/\/info.sadowne.pl\/wp-content\/uploads\/2022\/07\/Brok88.jpg\" target=\"_blank\" rel=\"noopener\"><img loading=\"lazy\" decoding=\"async\" class=\"alignleft wp-image-26208 size-thumbnail\" src=\"http:\/\/info.sadowne.pl\/wp-content\/uploads\/2022\/07\/Brok88-180x130.jpg\" alt=\"\" width=\"180\" height=\"130\" \/><\/a>Nieub\u0142aganie topnieje liczba os\u00f3b, kt\u00f3re potrafi\u0105 opowiedzie\u0107 o wydarzeniach z lat 1939-1945 na podstawie okruch\u00f3w w\u0142asnej pami\u0119ci. By\u0142 czas, \u017ce wiele os\u00f3b wola\u0142o zachowa\u0107 milczenie, a niekt\u00f3re tematy pozostawa\u0142y ca\u0142kowitym tabu. <\/strong><!--more--><\/p>\n<p>A gdy wreszcie, po zmianach ustrojowych 1989 roku, mo\u017cna by\u0142o ju\u017c powiedzie\u0107 wi\u0119cej, \u2026 nie pozosta\u0142 prawie nikt, kogo mo\u017cna by\u0142o zapyta\u0107 o sprawy z tamtej tragicznej przesz\u0142o\u015bci.<\/p>\n<p>Mi\u0142ym zaskoczeniem by\u0142o dla mnie odkrycie ksi\u0105\u017cki\u00a0<em>Wojna 1939-1945 we wspomnieniach mieszka\u0144c\u00f3w Ostrowi Mazowieckiej i okolic<\/em>, wydanej w roku 2019 przez\u00a0<strong>Miejsk\u0105 Bibliotek\u0119 Publiczn\u0105 im. Marii D\u0105browskiej w Ostrowi Mazowieckiej<\/strong>. Publikacja zawiera 58 wspomnie\u0144 bezpo\u015brednich \u015bwiadk\u00f3w wydarze\u0144 oraz relacji rodzinnych os\u00f3b, kt\u00f3re prze\u017cy\u0142y tragedi\u0119 okupacji niemieckiej lub sowieckiej, dosta\u0142y si\u0119 do niewoli lub oboz\u00f3w koncentracyjnych, zosta\u0142y wywiezione na przymusowe roboty do Niemiec czy wysiedlone na Syberi\u0119 i po latach tu\u0142aczki wr\u00f3ci\u0142y do kraju. Wielk\u0105 zalet\u0105 jest dla mnie fakt, \u017ce s\u0105 to wspomnienia os\u00f3b \u017cyj\u0105cych tu\u017c obok nas.<\/p>\n<p><strong>Wi\u0119cej na stronie <span style=\"color: #0000ff;\"><a style=\"color: #0000ff;\" href=\"https:\/\/madzelan.cba.pl\/z-lesniczowki-w-grudziach-na-syberie\/\" target=\"_blank\" rel=\"noopener\">https:\/\/madzelan.cba.pl\/z-lesniczowki-w-grudziach-na-syberie\/<\/a><\/span><\/strong><\/p>\n","protected":false},"excerpt":{"rendered":"<p>Nieub\u0142aganie topnieje liczba os\u00f3b, kt\u00f3re potrafi\u0105 opowiedzie\u0107 o wydarzeniach z lat 1939-1945 na podstawie okruch\u00f3w w\u0142asnej pami\u0119ci. By\u0142 czas, \u017ce wiele os\u00f3b wola\u0142o zachowa\u0107 milczenie, a niekt\u00f3re tematy pozostawa\u0142y ca\u0142kowitym tabu.<\/p>\n","protected":false},"author":1,"featured_media":0,"comment_status":"closed","ping_status":"closed","sticky":false,"template":"","format":"standard","meta":{"footnotes":""},"categories":[5,3436,31],"tags":[3004,2956,3809,3810],"class_list":["post-26207","post","type-post","status-publish","format-standard","hentry","category-newsy","category-opowiesci-historie-legendy-brokowskie-i-nie-tylko","category-historia-gminy","tag-jerzy-madzelan","tag-opowiesci-historie-legendy-brokowskie-i-nie-tylko","tag-wojna-1939-1945-we-wspomnieniach-mieszkancow-ostrowi-mazowieckiej-i-okolic","tag-z-lesniczowki-w-grudziach-na-syberie"],"views":1893,"_links":{"self":[{"href":"https:\/\/info.sadowne.pl\/index.php?rest_route=\/wp\/v2\/posts\/26207","targetHints":{"allow":["GET"]}}],"collection":[{"href":"https:\/\/info.sadowne.pl\/index.php?rest_route=\/wp\/v2\/posts"}],"about":[{"href":"https:\/\/info.sadowne.pl\/index.php?rest_route=\/wp\/v2\/types\/post"}],"author":[{"embeddable":true,"href":"https:\/\/info.sadowne.pl\/index.php?rest_route=\/wp\/v2\/users\/1"}],"replies":[{"embeddable":true,"href":"https:\/\/info.sadowne.pl\/index.php?rest_route=%2Fwp%2Fv2%2Fcomments&post=26207"}],"version-history":[{"count":1,"href":"https:\/\/info.sadowne.pl\/index.php?rest_route=\/wp\/v2\/posts\/26207\/revisions"}],"predecessor-version":[{"id":26209,"href":"https:\/\/info.sadowne.pl\/index.php?rest_route=\/wp\/v2\/posts\/26207\/revisions\/26209"}],"wp:attachment":[{"href":"https:\/\/info.sadowne.pl\/index.php?rest_route=%2Fwp%2Fv2%2Fmedia&parent=26207"}],"wp:term":[{"taxonomy":"category","embeddable":true,"href":"https:\/\/info.sadowne.pl\/index.php?rest_route=%2Fwp%2Fv2%2Fcategories&post=26207"},{"taxonomy":"post_tag","embeddable":true,"href":"https:\/\/info.sadowne.pl\/index.php?rest_route=%2Fwp%2Fv2%2Ftags&post=26207"}],"curies":[{"name":"wp","href":"https:\/\/api.w.org\/{rel}","templated":true}]}}