{"id":26210,"date":"2022-07-17T20:41:08","date_gmt":"2022-07-17T18:41:08","guid":{"rendered":"http:\/\/info.sadowne.pl\/?p=26210"},"modified":"2022-07-17T20:41:08","modified_gmt":"2022-07-17T18:41:08","slug":"monika-kresa-po-raz-czwarty","status":"publish","type":"post","link":"https:\/\/info.sadowne.pl\/?p=26210","title":{"rendered":"Monika Kresa po raz czwarty"},"content":{"rendered":"<p><a href=\"http:\/\/info.sadowne.pl\/wp-content\/uploads\/2022\/07\/2022.07.17.1.jpg\" target=\"_blank\" rel=\"noopener\"><img loading=\"lazy\" decoding=\"async\" class=\"alignleft wp-image-26211 size-thumbnail\" src=\"http:\/\/info.sadowne.pl\/wp-content\/uploads\/2022\/07\/2022.07.17.1-180x130.jpg\" alt=\"\" width=\"180\" height=\"130\" \/><\/a><\/p>\n<p><strong>Wiersz \u201eTreblinka\u201d<\/strong> &#8211; <em>Ewci, Agatce, Marylce.<\/em><\/p>\n<p><!--more--><\/p>\n<p style=\"text-align: center;\">*<\/p>\n<p style=\"text-align: center;\">*<\/p>\n<p style=\"text-align: center;\">*<\/p>\n<p style=\"text-align: center;\">*<\/p>\n<p style=\"text-align: center;\">*<\/p>\n<p style=\"text-align: center;\">Sta\u0142y\u015bmy w miejscu<br \/>\ngdzie b\u0142\u0119kit brata\u0142 si\u0119 z zieleni\u0105<br \/>\nz niespotykan\u0105 intensywno\u015bci\u0105<br \/>\nnawet kamienie nie wo\u0142a\u0142y<br \/>\nu\u015bpione<br \/>\nposzumem spokoju<br \/>\nsta\u0142y\u015bmy w miejscu<br \/>\ngdzie przyroda<br \/>\nzamkn\u0119\u0142a na chwil\u0119<br \/>\nusta historii<br \/>\ni nie pozwala\u0142a na<br \/>\nnajmniejszy nawet strach<br \/>\ncztery postaci id\u0105ce<br \/>\nbrukowan\u0105 drog\u0105<br \/>\nutrwalone na \u201ezupe\u0142nie niepozowanej<br \/>\nfotografii\u201d<br \/>\ni cisza<br \/>\nwok\u00f3\u0142 nas<br \/>\ni<br \/>\nmi\u0119dzy nami<br \/>\nzbyt wiele s\u0142\u00f3w<br \/>\nkt\u00f3re nie mog\u0142y pa\u015b\u0107<br \/>\njak pr\u00f3ba przytrzymania<br \/>\nuciekaj\u0105cego wczoraj<br \/>\nprzed trwo\u017cliwym spojrzeniem w<br \/>\nnadchodz\u0105ce jutro<br \/>\na droga<br \/>\nju\u017c dawno prze\u0142ama\u0142a si\u0119 na cztery<br \/>\n\u015bwiaty<br \/>\nkt\u00f3re niewyt\u0142umaczalna si\u0142a<br \/>\nzwana przyja\u017ani\u0105<br \/>\nb\u0119dzie przez wieki<br \/>\nprzywo\u0142ywa\u0107 do siebie<br \/>\ncoraz starszym g\u0142osem<\/p>\n<p style=\"text-align: center;\">*<\/p>\n<p style=\"text-align: center;\">Stoczek, 25. 09. 2005<\/p>\n","protected":false},"excerpt":{"rendered":"<p>Wiersz \u201eTreblinka\u201d &#8211; Ewci, Agatce, Marylce.<\/p>\n","protected":false},"author":1,"featured_media":0,"comment_status":"closed","ping_status":"closed","sticky":false,"template":"","format":"standard","meta":{"footnotes":""},"categories":[5,48,6,108],"tags":[3786,2730,3811],"class_list":["post-26210","post","type-post","status-publish","format-standard","hentry","category-newsy","category-kacik-literacki","category-kultura-rozrywka-edukacja","category-okienko-poetyckie","tag-monika-kresa","tag-poezja","tag-wiersz-treblinka"],"views":1781,"_links":{"self":[{"href":"https:\/\/info.sadowne.pl\/index.php?rest_route=\/wp\/v2\/posts\/26210","targetHints":{"allow":["GET"]}}],"collection":[{"href":"https:\/\/info.sadowne.pl\/index.php?rest_route=\/wp\/v2\/posts"}],"about":[{"href":"https:\/\/info.sadowne.pl\/index.php?rest_route=\/wp\/v2\/types\/post"}],"author":[{"embeddable":true,"href":"https:\/\/info.sadowne.pl\/index.php?rest_route=\/wp\/v2\/users\/1"}],"replies":[{"embeddable":true,"href":"https:\/\/info.sadowne.pl\/index.php?rest_route=%2Fwp%2Fv2%2Fcomments&post=26210"}],"version-history":[{"count":2,"href":"https:\/\/info.sadowne.pl\/index.php?rest_route=\/wp\/v2\/posts\/26210\/revisions"}],"predecessor-version":[{"id":26213,"href":"https:\/\/info.sadowne.pl\/index.php?rest_route=\/wp\/v2\/posts\/26210\/revisions\/26213"}],"wp:attachment":[{"href":"https:\/\/info.sadowne.pl\/index.php?rest_route=%2Fwp%2Fv2%2Fmedia&parent=26210"}],"wp:term":[{"taxonomy":"category","embeddable":true,"href":"https:\/\/info.sadowne.pl\/index.php?rest_route=%2Fwp%2Fv2%2Fcategories&post=26210"},{"taxonomy":"post_tag","embeddable":true,"href":"https:\/\/info.sadowne.pl\/index.php?rest_route=%2Fwp%2Fv2%2Ftags&post=26210"}],"curies":[{"name":"wp","href":"https:\/\/api.w.org\/{rel}","templated":true}]}}