{"id":26270,"date":"2022-08-11T11:49:43","date_gmt":"2022-08-11T09:49:43","guid":{"rendered":"http:\/\/info.sadowne.pl\/?p=26270"},"modified":"2022-08-11T11:49:43","modified_gmt":"2022-08-11T09:49:43","slug":"z-paproci-duzej-na-syberie","status":"publish","type":"post","link":"https:\/\/info.sadowne.pl\/?p=26270","title":{"rendered":"Z PAPROCI DU\u017bEJ NA SYBERI\u0118"},"content":{"rendered":"<p><strong><a href=\"http:\/\/info.sadowne.pl\/wp-content\/uploads\/2022\/07\/Brok88.jpg\" target=\"_blank\" rel=\"noopener\"><img loading=\"lazy\" decoding=\"async\" class=\"alignleft wp-image-26208 size-thumbnail\" src=\"http:\/\/info.sadowne.pl\/wp-content\/uploads\/2022\/07\/Brok88-180x130.jpg\" alt=\"\" width=\"180\" height=\"130\" \/><\/a>Przed miesi\u0105cem opublikowa\u0142em pierwsze wspomnienia z ksi\u0105\u017cki\u00a0<em>Wojna 1939-1945 we wspomnieniach mieszka\u0144c\u00f3w Ostrowi Mazowieckiej i okolic<\/em>, wydanej w roku 2019 przez\u00a0Miejsk\u0105 Bibliotek\u0119 Publiczn\u0105 im. Marii D\u0105browskiej w Ostrowi Mazowieckiej. <\/strong><!--more--><\/p>\n<p>Dzisiaj czas na kolejne z 58 zebranych i opracowanych przez\u00a0<strong>Jadwig\u0119 Sadowsk\u0105 i Alin\u0119 Wierzbick\u0105<\/strong>.<\/p>\n<p>Autork\u0105 publikowanej poni\u017cej relacji jest W\u0142adys\u0142awa Waszczuk (1912-2000), kt\u00f3ra wraz z rodzin\u0105 zosta\u0142a wywieziona z Paproci Du\u017cej na Syberi\u0119 w czwartej wielkiej akcji deportacyjnej, do kt\u00f3rej dosz\u0142o 20 czerwca 1941 r. czyli na dwa dni przez atakiem Niemiec na ZSRR.<\/p>\n<p>Mam cich\u0105 nadziej\u0119, \u017ce dla wielu os\u00f3b b\u0119dzie to inspiracja, do wys\u0142uchania opowie\u015bci dziadk\u00f3w, rodzic\u00f3w, s\u0105siad\u00f3w. Wcze\u015bniej czy p\u00f3\u017aniej tak\u017ce one mog\u0105 sta\u0107 si\u0119 bezcennymi \u015bwiadectwami przesz\u0142o\u015bci.<\/p>\n<p>Ilustracja wyr\u00f3\u017cniaj\u0105ca opracowanie to ok\u0142adka wspomnianej ksi\u0105\u017cki, kt\u00f3ra jest znakiem rozpoznawczym dla pochodz\u0105cych z niej tekst\u00f3w.<\/p>\n<p><strong>Wi\u0119cej na stronie <span style=\"color: #0000ff;\"><a style=\"color: #0000ff;\" href=\"https:\/\/madzelan.cba.pl\/z-paproci-duzej-na-syberie\/\" target=\"_blank\" rel=\"noopener\">https:\/\/madzelan.cba.pl\/z-paproci-duzej-na-syberie\/<\/a><\/span><\/strong><\/p>\n","protected":false},"excerpt":{"rendered":"<p>Przed miesi\u0105cem opublikowa\u0142em pierwsze wspomnienia z ksi\u0105\u017cki\u00a0Wojna 1939-1945 we wspomnieniach mieszka\u0144c\u00f3w Ostrowi Mazowieckiej i okolic, wydanej w roku 2019 przez\u00a0Miejsk\u0105 Bibliotek\u0119 Publiczn\u0105 im. Marii D\u0105browskiej w Ostrowi Mazowieckiej.<\/p>\n","protected":false},"author":1,"featured_media":0,"comment_status":"closed","ping_status":"closed","sticky":false,"template":"","format":"standard","meta":{"footnotes":""},"categories":[5,3436,31],"tags":[745,101,3004,2956],"class_list":["post-26270","post","type-post","status-publish","format-standard","hentry","category-newsy","category-opowiesci-historie-legendy-brokowskie-i-nie-tylko","category-historia-gminy","tag-brok","tag-historia-gminy-sadowne","tag-jerzy-madzelan","tag-opowiesci-historie-legendy-brokowskie-i-nie-tylko"],"views":1857,"_links":{"self":[{"href":"https:\/\/info.sadowne.pl\/index.php?rest_route=\/wp\/v2\/posts\/26270","targetHints":{"allow":["GET"]}}],"collection":[{"href":"https:\/\/info.sadowne.pl\/index.php?rest_route=\/wp\/v2\/posts"}],"about":[{"href":"https:\/\/info.sadowne.pl\/index.php?rest_route=\/wp\/v2\/types\/post"}],"author":[{"embeddable":true,"href":"https:\/\/info.sadowne.pl\/index.php?rest_route=\/wp\/v2\/users\/1"}],"replies":[{"embeddable":true,"href":"https:\/\/info.sadowne.pl\/index.php?rest_route=%2Fwp%2Fv2%2Fcomments&post=26270"}],"version-history":[{"count":1,"href":"https:\/\/info.sadowne.pl\/index.php?rest_route=\/wp\/v2\/posts\/26270\/revisions"}],"predecessor-version":[{"id":26271,"href":"https:\/\/info.sadowne.pl\/index.php?rest_route=\/wp\/v2\/posts\/26270\/revisions\/26271"}],"wp:attachment":[{"href":"https:\/\/info.sadowne.pl\/index.php?rest_route=%2Fwp%2Fv2%2Fmedia&parent=26270"}],"wp:term":[{"taxonomy":"category","embeddable":true,"href":"https:\/\/info.sadowne.pl\/index.php?rest_route=%2Fwp%2Fv2%2Fcategories&post=26270"},{"taxonomy":"post_tag","embeddable":true,"href":"https:\/\/info.sadowne.pl\/index.php?rest_route=%2Fwp%2Fv2%2Ftags&post=26270"}],"curies":[{"name":"wp","href":"https:\/\/api.w.org\/{rel}","templated":true}]}}