{"id":26283,"date":"2022-08-21T19:06:15","date_gmt":"2022-08-21T17:06:15","guid":{"rendered":"http:\/\/info.sadowne.pl\/?p=26283"},"modified":"2022-08-23T16:37:19","modified_gmt":"2022-08-23T14:37:19","slug":"szostka-po-raz-drugi-w-raznach","status":"publish","type":"post","link":"https:\/\/info.sadowne.pl\/?p=26283","title":{"rendered":"\u201eSz\u00f3stka\u201d po raz drugi w Ra\u017cnach"},"content":{"rendered":"<p><a href=\"http:\/\/info.sadowne.pl\/wp-content\/uploads\/2022\/08\/2022.08.21.1.jpg\" target=\"_blank\" rel=\"noopener\"><img loading=\"lazy\" decoding=\"async\" class=\"alignleft wp-image-26284 size-thumbnail\" src=\"http:\/\/info.sadowne.pl\/wp-content\/uploads\/2022\/08\/2022.08.21.1-180x130.jpg\" alt=\"\" width=\"180\" height=\"130\" \/><\/a><\/p>\n<p><strong>Troch\u0119 zawi\u0142e &#8211; \u00f3sma \u201eSz\u00f3stka\u201d, oczywi\u015bcie \u201eNadbu\u017ca\u0144ska\u201d, po raz drugi odby\u0142a si\u0119 w Ra\u017cnach. A by\u0142o to 21 sierpnia 2022 roku.<\/strong><!--more--><\/p>\n<p>W niedziel\u0119 21 sierpnia w m. Ra\u017cny odby\u0142 si\u0119 \u00f3smy Bieg pn. \u201eNadbu\u017ca\u0144ska Sz\u00f3stka\u201d. Met\u0119 biegu pierwszy przekroczy\u0142 Grzegorz \u015awi\u0119to\u0144 ze Strachowa. Organizatorami Biegu byli: Gmina Sadowne, Gminny O\u015brodek Kultury w Sadownem, Klub Sportowy \u201eWicher\u201d Sadowne i So\u0142ectwo Ra\u017cny, a partnerem organizator\u00f3w by\u0142 Nadbu\u017ca\u0144ski Park Krajobrazowy. Zadanie zosta\u0142o dofinansowane ze \u015brodk\u00f3w Samorz\u0105du Wojew\u00f3dztwa Mazowieckiego i wspar\u0142 je r\u00f3wnie\u017c sklep BODZON-FODDER z Sadownego. Imprez\u0119 sportow\u0105 patronatem medialnym obj\u0105\u0142 Portal INFO Sadowne. Elektronicznym pomiarem czasu zaj\u0119\u0142a si\u0119 Firma ChipTiming.pl.<\/p>\n<p>Tegoroczna \u201eNadbu\u017ca\u0144ska Sz\u00f3stka\u201d zgromadzi\u0142a na ponad sze\u015bciokilometrowej trasie 31. biegaczy i 16. mi\u0142o\u015bnik\u00f3w spacer\u00f3w z kijkami oraz 1. zawodnika Canicross (bieg z psem). \u00a0Zawodnik\u00f3w i kibic\u00f3w powita\u0142, jak co roku, p. Tadeusz Danaj z Klubu Sportowego \u201eWicher\u201d Sadowne oraz W\u00f3jt Gminy Sadowne p. Waldemar Cyran, po czym na tras\u0119 wyruszyli zawodnicy marszu Nordic Walking, a kilka minut po nich &#8211; biegacze.<\/p>\n<p>Organizatorzy postanowili te\u017c zagospodarowa\u0107 czas oczekiwania dzieciakom poprzez ich udzia\u0142 w kilkusetmetrowym biegu w okolicach startu\/mety. W biegu wystartowa\u0142o ponad dwudziestu zawodnik\u00f3w w wieku do 8-miu lat &#8211; wszyscy zawodnicy przekroczyli lini\u0119 mety i wszystkich uznano za zwyci\u0119zc\u00f3w biegu. Zostali uhonorowani medalami i otrzymali nagrody z r\u0105k organizator\u00f3w.<\/p>\n<p>Na mecie wszystkich ko\u0144cz\u0105cych bieg g\u0142\u00f3wny i marsz nordic walking uhonorowano okoliczno\u015bciowymi medalami.<\/p>\n<p><strong>Ostateczna i oficjalna klasyfikacja zawod\u00f3w przedstawia si\u0119 nast\u0119puj\u0105co:<\/strong><\/p>\n<p><strong>BIEG \u2013\u00a0Kobiety OPEN<\/strong><\/p>\n<p>I miejsce \u2013 Katarzyna \u015aledziewska (Stary Luboty\u0144), 00:31:31.26<\/p>\n<p>II miejsce \u2013 Magdalena Leszczy\u0144ska (Podborze), 00:32:12.19<\/p>\n<p>III miejsce \u2013 Sylwia G\u0119bara (Stara Niedzia\u0142ka), 00:34:06.01<\/p>\n<p><strong>Kobiety (16 \u2013 35 lat)<\/strong><\/p>\n<p>I miejsce \u2013 Katarzyna \u015aledziewska (Stary Luboty\u0144), 00:31:31.26<\/p>\n<p>II miejsce \u2013 Magdalena Leszczy\u0144ska (Podborze), 00:32:12.19<\/p>\n<p>III miejsce \u2013 Marta Baranowska (Leszczyd\u00f3\u0142), 00:35:58.04<\/p>\n<p><strong>Kobiety (36 \u2013 45 lat)<\/strong><\/p>\n<p>I miejsce \u2013 Sylwia G\u0119bara (Stara Niedzia\u0142ka), 00:34:06.01<\/p>\n<p>II miejsce \u2013 Beata Rosi\u0144ska (Ma\u0142kinia G\u00f3rna), 00:35:11.97<\/p>\n<p>III miejsce \u2013 Joanna Sudu\u0142 (Korytnica), 00:41:46.24<\/p>\n<p><strong>Kobiety (46+)<\/strong><\/p>\n<p>I miejsce \u2013 Ewa Rogala (W\u0119gr\u00f3w), 00:40:07.68<\/p>\n<p>II miejsce \u2013 Katarzyna Mruczy\u0144ska \u2013 Pietruczanis (W\u0119gr\u00f3w), 00:40:28.38<\/p>\n<p>III miejsce \u2013 Zoja Krzy\u017canowska (Warszawa), 00:53:37.62<\/p>\n<p><strong>BIEG \u2013\u00a0M\u0119\u017cczy\u017ani OPEN<\/strong><\/p>\n<p>I miejsce \u2013 Grzegorz \u015awi\u0119to\u0144 (Strach\u00f3w), 00:24:31.66<\/p>\n<p>II miejsce \u2013 Patryk \u015awi\u0119tochowski (Mi\u0144sk Mazowiecki), 00:26:28.88<\/p>\n<p>III miejsce \u2013 Henryk Sk\u0142odowski (Andrzejewo), 00:28:49.65<\/p>\n<p><strong>M\u0119\u017cczy\u017ani (16 \u2013 35 lat)<\/strong><\/p>\n<p>I miejsce \u2013 Patryk \u015awi\u0119tochowski (Mi\u0144sk Mazowiecki), 00:26:28.88<\/p>\n<p>II miejsce \u2013 Piotr Tokarski (Kotu\u0144), 00:29:42.28<\/p>\n<p>III miejsce \u2013 Przemys\u0142aw Gromek (Ra\u017cny), 00:30:50.57<\/p>\n<p><strong>M\u0119\u017cczy\u017ani (36 \u2013 45 lat)<\/strong><\/p>\n<p>I miejsce \u2013 Grzegorz \u015awi\u0119to\u0144 (Strach\u00f3w), 00:24:31.66<\/p>\n<p>II miejsce \u2013 Tomasz Szcze\u015bniak (Ma\u0142kinia G\u00f3rna), 00:29:40.68<\/p>\n<p>III miejsce \u2013 Daniel Lipi\u0144ski (Siedlce), 00:33:02.98<\/p>\n<p><strong>M\u0119\u017cczy\u017ani (46+)<\/strong><\/p>\n<p>I miejsce \u2013 Henryk Sk\u0142odowski (Andrzejewo), 00:28:49.65<\/p>\n<p>II miejsce \u2013 Wojciech Skrzeczkowski (Warszawa),<\/p>\n<p>III miejsce \u2013 Daniel Czaja (Warszawa), 00:30:12.34<\/p>\n<p><strong>Kobiety \u2013 Nordic Walking <\/strong><\/p>\n<p>I miejsce \u2013 Ewa Syrek (Ostr\u00f3w Mazowiecka), 00:35:11.79<\/p>\n<p>II miejsce \u2013 Agnieszka Grzenda (Glinianka), 00:36:38.12<\/p>\n<p>III miejsce \u2013 Marta Syrek (Ostr\u00f3w Mazowiecka), 00:36:38.14<\/p>\n<p><strong>M\u0119\u017cczy\u017ani \u2013 Nordic Walking <\/strong><\/p>\n<p>I miejsce \u2013 Arkadiusz Zdanowicz (Mi\u0144sk Mazowiecki), 00:27:49.67<\/p>\n<p>II miejsce \u2013 Waldemar Danielski (Soko\u0142\u00f3w Podlaski), 00:29:39.00<\/p>\n<p>III miejsce \u2013 Pawe\u0142 Pietruczanis (W\u0119gr\u00f3w), 00:30:47.05<\/p>\n<p><strong>Canicross<\/strong><\/p>\n<p>I miejsce \u2013 Witold Orcholski (Toru\u0144), 00:27:04.80<\/p>\n<p>&nbsp;<\/p>\n<p><strong>Szczeg\u00f3\u0142owe wyniki na stronie\u00a0<span style=\"color: #0000ff;\"><a style=\"color: #0000ff;\" href=\"http:\/\/www.chiptiming.pl\/pl\/zawody_szczegoly\/VIII-Nadbuzanska-Szostka-Razny-21082022r?fbclid=IwAR3LNtsCA6DQC4zsSRKFbfRbfb3RObpgEQMKjBs_BuHNftPcvtCFrS1YfP8\" target=\"_blank\" rel=\"noopener\">http:\/\/www.chiptiming.pl\/pl\/zawody_szczegoly\/VIII-Nadbuzanska-Szostka-Razny-21082022r?fbclid=IwAR3LNtsCA6DQC4zsSRKFbfRbfb3RObpgEQMKjBs_BuHNftPcvtCFrS1YfP8<\/a><\/span><\/strong><\/p>\n<p>W trakcie Biegu kibicom o zawodach i miejscowo\u015bci Ra\u017cny opowiedzia\u0142 lokalny mi\u0142o\u015bnik historii: p. Krzysztof K\u0105dziela \u2013 emerytowany nauczyciel i obecnie kustosz Centrum Edukacji \u0141owiectwa i Le\u015bnictwa im. Profesora Zygmunta Jasi\u0144skiego w Sadownem.<\/p>\n<p><strong>Puchary zwyci\u0119zcom Biegu w poszczeg\u00f3lnych kategoriach wr\u0119czali przedstawiciele Organizator\u00f3w:<\/strong>\u00a0p. Waldemar Cyran \u2013 W\u00f3jt Gminy Sadowne, p. Ewa Pi\u00f3rkowska \u2013 Dyrektor Gminnego O\u015brodka Kultury w Sadowne, p. Sebastian Kowalczyk \u2013 Wiceprezes KS \u201eWicher\u201d Sadowne i p. Marek Zas\u0142ona \u2013 so\u0142tys wsi Ra\u017cny.<\/p>\n<p>Po pocz\u0119stunku przygotowanym dla zawodnik\u00f3w przez Gminny O\u015brodek Kultury w Sadownem, tradycyjnie rozlosowano w\u015br\u00f3d uczestnik\u00f3w drobne upominki, kt\u00f3re zasponsorowali Organizatorzy. Nale\u017cy te\u017c wspomnie\u0107, \u017ce w trakcie zawod\u00f3w du\u017cym zainteresowaniem cieszy\u0142o si\u0119 r\u00f3wnie\u017c stoisko promocyjne z r\u00f3\u017cnymi grami dla dzieci i publikacjami Nadbu\u017ca\u0144skiego Parku Krajobrazowego oraz stoisko So\u0142ectwa Ra\u017cny.<\/p>\n<p>To ju\u017c chyba wszystko\u2026 W imieniu Organizator\u00f3w ju\u017c teraz zapraszamy na przysz\u0142oroczny IX Bieg pn. \u201eNadbu\u017ca\u0144ska Sz\u00f3stka\u201d, kt\u00f3ry odb\u0119dzie si\u0119 w Ra\u017cnach pod koniec sierpnia 2022 roku.<\/p>\n<p>Organizatorzy dzi\u0119kuj\u0105 pracownikom Gminnego O\u015brodka Kultury w Sadownem za przygotowanie posi\u0142ku oraz obs\u0142ug\u0119 ca\u0142ej imprezy, so\u0142tysowi wsi Ra\u017cny p. Markowi Zas\u0142onie, mieszka\u0144com Ra\u017cen oraz druhom OSP Zalesie za pomoc w organizacji i zabezpieczeniu tej imprezy sportowej, a pracownikom Nadbu\u017ca\u0144skiego Parku Krajobrazowego za przygotowanie dla uczestnik\u00f3w i kibic\u00f3w tematycznych konkurs\u00f3w oraz prezentowanie ciekawostek z NPK.<\/p>\n<p><span style=\"color: #0000ff;\"><a style=\"color: #0000ff;\" href=\"https:\/\/photos.app.goo.gl\/krD3JroTpMYySkkm9\" target=\"_blank\" rel=\"noopener\"><strong>Zdj\u0119cia w Galerii Google&gt;&gt;&gt;<\/strong><\/a><\/span><\/p>\n<p><strong>Tekst\/foto:\u00a0S\u0142awek Chyli\u0144ski<\/strong><\/p>\n","protected":false},"excerpt":{"rendered":"<p>Troch\u0119 zawi\u0142e &#8211; \u00f3sma \u201eSz\u00f3stka\u201d, oczywi\u015bcie \u201eNadbu\u017ca\u0144ska\u201d, po raz drugi odby\u0142a si\u0119 w Ra\u017cnach. A by\u0142o to 21 sierpnia 2022 roku.<\/p>\n","protected":false},"author":1,"featured_media":0,"comment_status":"closed","ping_status":"closed","sticky":false,"template":"","format":"standard","meta":{"footnotes":""},"categories":[5,2135,3627,7],"tags":[1590,2846,3820,3814],"class_list":["post-26283","post","type-post","status-publish","format-standard","hentry","category-newsy","category-bieganie","category-nordic-walking","category-sport","tag-bieganie","tag-marsz-nordic-walking","tag-solectwo-razny","tag-viii-nadbuzanska-szostka-w-raznach"],"views":3337,"_links":{"self":[{"href":"https:\/\/info.sadowne.pl\/index.php?rest_route=\/wp\/v2\/posts\/26283","targetHints":{"allow":["GET"]}}],"collection":[{"href":"https:\/\/info.sadowne.pl\/index.php?rest_route=\/wp\/v2\/posts"}],"about":[{"href":"https:\/\/info.sadowne.pl\/index.php?rest_route=\/wp\/v2\/types\/post"}],"author":[{"embeddable":true,"href":"https:\/\/info.sadowne.pl\/index.php?rest_route=\/wp\/v2\/users\/1"}],"replies":[{"embeddable":true,"href":"https:\/\/info.sadowne.pl\/index.php?rest_route=%2Fwp%2Fv2%2Fcomments&post=26283"}],"version-history":[{"count":2,"href":"https:\/\/info.sadowne.pl\/index.php?rest_route=\/wp\/v2\/posts\/26283\/revisions"}],"predecessor-version":[{"id":26286,"href":"https:\/\/info.sadowne.pl\/index.php?rest_route=\/wp\/v2\/posts\/26283\/revisions\/26286"}],"wp:attachment":[{"href":"https:\/\/info.sadowne.pl\/index.php?rest_route=%2Fwp%2Fv2%2Fmedia&parent=26283"}],"wp:term":[{"taxonomy":"category","embeddable":true,"href":"https:\/\/info.sadowne.pl\/index.php?rest_route=%2Fwp%2Fv2%2Fcategories&post=26283"},{"taxonomy":"post_tag","embeddable":true,"href":"https:\/\/info.sadowne.pl\/index.php?rest_route=%2Fwp%2Fv2%2Ftags&post=26283"}],"curies":[{"name":"wp","href":"https:\/\/api.w.org\/{rel}","templated":true}]}}