{"id":26288,"date":"2022-08-25T21:32:49","date_gmt":"2022-08-25T19:32:49","guid":{"rendered":"http:\/\/info.sadowne.pl\/?p=26288"},"modified":"2022-08-25T21:32:49","modified_gmt":"2022-08-25T19:32:49","slug":"palac-w-broku","status":"publish","type":"post","link":"https:\/\/info.sadowne.pl\/?p=26288","title":{"rendered":"PA\u0141AC W BROKU"},"content":{"rendered":"<p><strong><a href=\"http:\/\/info.sadowne.pl\/wp-content\/uploads\/2022\/08\/Brok93.jpg\" target=\"_blank\" rel=\"noopener\"><img loading=\"lazy\" decoding=\"async\" class=\"alignleft wp-image-26289 size-thumbnail\" src=\"http:\/\/info.sadowne.pl\/wp-content\/uploads\/2022\/08\/Brok93-180x130.jpg\" alt=\"\" width=\"180\" height=\"130\" \/><\/a>Jan Jaroszewicz, Piotr Durie i Jan Wolff wyznaczyli sobie spotkanie w W\u0119growie, by stamt\u0105d uda\u0107 si\u0119 pospo\u0142u do Broku, gdzie biskup p\u0142ocki Henryk Firlej zaplanowa\u0142 wystawienie letniej rezydencji. <\/strong><!--more--><\/p>\n<p>Polska by\u0142a wielkim placem budowy, mo\u017cni w ka\u017cdym jej zak\u0105tku wystawiali siedziby, na jakie tylko mogli sobie pozwoli\u0107, a \u017ce wielu chcia\u0142o si\u0119 przed s\u0105siadami popisa\u0107, to cz\u0119sto wysilali si\u0119 ponad si\u0142y, ho\u0142duj\u0105c zasadzie \u2013 zastaw si\u0119, a postaw si\u0119. Nawet gdy fortunka osza\u0142amiaj\u0105ca nie by\u0142a, a rozs\u0105dek podpowiada\u0142, \u017ce rezolutniej by\u0142oby powi\u0119kszy\u0107 dobra o kolejne intratne maj\u0119tno\u015bci, to pycha bra\u0142a g\u00f3r\u0119 i wystawiono gmachy ostentacyjnie wspania\u0142e i szale\u0144czo kosztowne. Ta budowlana gor\u0105czka nie omin\u0119\u0142a Lubelszczyzny, kt\u00f3ra zyskiwa\u0142a na korzystnym pod wzgl\u0119dem handlowym po\u0142o\u017ceniu na pograniczu Korony, Litwy i Rusi. Firlejowie byli sta\u0142ymi zleceniodawcami lubelskich rzemie\u015blnik\u00f3w i artyst\u00f3w, wi\u0119c na wezwanie biskupa, nale\u017ca\u0142o nad Bug pospieszy\u0107 bez zw\u0142oki. Ka\u017cdy z wymienionych lubelskich murator\u00f3w prowadzi\u0142 prace jednocze\u015bnie na kilku budowach i tak wysz\u0142o, \u017ce latem 1617 r. najwygodniej by\u0142o im si\u0119 spotka\u0107 w W\u0119growie.<\/p>\n<p><strong>Wi\u0119cej na stronie <span style=\"color: #0000ff;\"><a style=\"color: #0000ff;\" href=\"https:\/\/madzelan.cba.pl\/palac-w-broku\/\" target=\"_blank\" rel=\"noopener\">https:\/\/madzelan.cba.pl\/palac-w-broku\/\u00a0<\/a><\/span>\u00a0\u00a0\u00a0\u00a0\u00a0\u00a0 <\/strong><\/p>\n","protected":false},"excerpt":{"rendered":"<p>Jan Jaroszewicz, Piotr Durie i Jan Wolff wyznaczyli sobie spotkanie w W\u0119growie, by stamt\u0105d uda\u0107 si\u0119 pospo\u0142u do Broku, gdzie biskup p\u0142ocki Henryk Firlej zaplanowa\u0142 wystawienie letniej rezydencji.<\/p>\n","protected":false},"author":1,"featured_media":0,"comment_status":"closed","ping_status":"closed","sticky":false,"template":"","format":"standard","meta":{"footnotes":""},"categories":[5,3436,31],"tags":[745,3004,2956],"class_list":["post-26288","post","type-post","status-publish","format-standard","hentry","category-newsy","category-opowiesci-historie-legendy-brokowskie-i-nie-tylko","category-historia-gminy","tag-brok","tag-jerzy-madzelan","tag-opowiesci-historie-legendy-brokowskie-i-nie-tylko"],"views":2123,"_links":{"self":[{"href":"https:\/\/info.sadowne.pl\/index.php?rest_route=\/wp\/v2\/posts\/26288","targetHints":{"allow":["GET"]}}],"collection":[{"href":"https:\/\/info.sadowne.pl\/index.php?rest_route=\/wp\/v2\/posts"}],"about":[{"href":"https:\/\/info.sadowne.pl\/index.php?rest_route=\/wp\/v2\/types\/post"}],"author":[{"embeddable":true,"href":"https:\/\/info.sadowne.pl\/index.php?rest_route=\/wp\/v2\/users\/1"}],"replies":[{"embeddable":true,"href":"https:\/\/info.sadowne.pl\/index.php?rest_route=%2Fwp%2Fv2%2Fcomments&post=26288"}],"version-history":[{"count":1,"href":"https:\/\/info.sadowne.pl\/index.php?rest_route=\/wp\/v2\/posts\/26288\/revisions"}],"predecessor-version":[{"id":26290,"href":"https:\/\/info.sadowne.pl\/index.php?rest_route=\/wp\/v2\/posts\/26288\/revisions\/26290"}],"wp:attachment":[{"href":"https:\/\/info.sadowne.pl\/index.php?rest_route=%2Fwp%2Fv2%2Fmedia&parent=26288"}],"wp:term":[{"taxonomy":"category","embeddable":true,"href":"https:\/\/info.sadowne.pl\/index.php?rest_route=%2Fwp%2Fv2%2Fcategories&post=26288"},{"taxonomy":"post_tag","embeddable":true,"href":"https:\/\/info.sadowne.pl\/index.php?rest_route=%2Fwp%2Fv2%2Ftags&post=26288"}],"curies":[{"name":"wp","href":"https:\/\/api.w.org\/{rel}","templated":true}]}}