{"id":26291,"date":"2022-08-27T18:14:11","date_gmt":"2022-08-27T16:14:11","guid":{"rendered":"http:\/\/info.sadowne.pl\/?p=26291"},"modified":"2022-08-27T18:14:11","modified_gmt":"2022-08-27T16:14:11","slug":"ta-ziemia","status":"publish","type":"post","link":"https:\/\/info.sadowne.pl\/?p=26291","title":{"rendered":"\u201eTa ziemia\u201d"},"content":{"rendered":"<p><strong><a href=\"http:\/\/info.sadowne.pl\/wp-content\/uploads\/2022\/08\/2022.08.27.1.jpg\" target=\"_blank\" rel=\"noopener\"><img loading=\"lazy\" decoding=\"async\" class=\"alignleft wp-image-26292 size-thumbnail\" src=\"http:\/\/info.sadowne.pl\/wp-content\/uploads\/2022\/08\/2022.08.27.1-180x130.jpg\" alt=\"\" width=\"180\" height=\"130\" \/><\/a>Oto ostatni wiersz Moniki Kresy z cyklu &#8222;Wiersze z okienka&#8221;. <\/strong><!--more--><\/p>\n<p><strong>Monika Kresa \u2013 absolwentka LO w Sadownem\u00a0 rocznik 2002<\/strong><\/p>\n<p style=\"text-align: center;\">*<\/p>\n<p style=\"text-align: center;\">*<\/p>\n<p style=\"text-align: center;\">*<\/p>\n<p style=\"text-align: center;\">*<\/p>\n<p style=\"text-align: center;\"><strong>Ta ziemia<\/strong><br \/>\n<em>Ks. Ob\u0142ozie<\/em><br \/>\n*<\/p>\n<p style=\"text-align: center;\">Nie zawsze m\u00f3wi do mnie<br \/>\nta ziemia<br \/>\njakby u\u015bpiona<br \/>\nw centrum mojego \u015bwiata.<br \/>\nPrzemawia z\u0142owrogim<br \/>\nposzumem wiatru<br \/>\nzagubionego mi\u0119dzy domami.<br \/>\nAle najcz\u0119\u015bciej<br \/>\nm\u00f3wi do mnie m\u0105dro\u015bci\u0105 drzew \u2013<br \/>\npozornie niemi \u015bwiadkowie<br \/>\nlat up\u0142ywaj\u0105cych<br \/>\ngwa\u0142townie i ze spokojem<br \/>\npowiedzie\u0107 mog\u0105 najwi\u0119cej.<br \/>\nI jeszcze m\u00f3wi<br \/>\ncisz\u0105<br \/>\nskoszonych p\u00f3l<br \/>\np\u0142on\u0105cych w ogniu,<br \/>\ns\u0142o\u0144ca<br \/>\numieraj\u0105cego tak pi\u0119knie<br \/>\ntylko dzisiaj.<br \/>\nPurpura jutrzejszego umierania<br \/>\nw niczym nie b\u0119dzie go przypomina\u0142a.<\/p>\n<p style=\"text-align: center;\">*<\/p>\n<p style=\"text-align: center;\">Dostojny kamie\u0144<br \/>\nna \u0142\u0105ce, kt\u00f3r\u0105 odkry\u0142am tak niedawno,<br \/>\npokry\u0142 si\u0119 mchem<br \/>\nna d\u0142ugo przed tym,<br \/>\ngdy moja bosa noga<br \/>\ndotkn\u0119\u0142a tej ziemi<br \/>\ni przetrwa d\u0142ugo po tym,<br \/>\njak moja bosa noga<br \/>\nponownie do niej powr\u00f3ci.<br \/>\nZdumiewa<br \/>\ntrwa\u0142o\u015bci\u0105 swego majestatu \u2013<br \/>\nnie mo\u017cna go odda\u0107<br \/>\n\u017cadnymi s\u0142owami.<br \/>\n*<\/p>\n<p style=\"text-align: center;\">M\u00f3wi\u0105 do mnie<br \/>\nwieki<br \/>\npotem,<br \/>\nco wykarczowa\u0142 lasy,<br \/>\nnie\u015bwiadomym swego znaczenia,<br \/>\ncodzienno\u015bci\u0105,<br \/>\nkt\u00f3ra niezale\u017cnie od naszej woli<br \/>\ntworzy ma\u0142\u0105 histori\u0119.<br \/>\nI kiedy zamykam oczy<br \/>\nna warszawskim bruku,<br \/>\nczas nagle staje w miejscu<\/p>\n<p style=\"text-align: center;\">pomi\u0119dzy jednym a<br \/>\ndrugim uderzeniem<br \/>\nprowincjonalnego dzwonu<br \/>\nna ko\u015bciele<br \/>\ngdzie\u015b w centrum<br \/>\nmojego \u015bwiata.<br \/>\nI wtedy<br \/>\nnajg\u0142o\u015bniej m\u00f3wi do mnie<br \/>\nta ziemia<br \/>\njakby zatroskana<br \/>\no kr\u00f3tk\u0105 pami\u0119\u0107<br \/>\ncz\u0142owieka<br \/>\n*<\/p>\n<p style=\"text-align: center;\"><em>Stoczek, 3 wrze\u015bnia 2005<\/em><\/p>\n<p><strong>Zainteresowani nabyciem tomiku wierszy Moniki Kresy, mog\u0105 zg\u0142asza\u0107 si\u0119 bezpo\u015brednio do niej lub do Wies\u0142awa Maliszewskiego.<\/strong><\/p>\n<p><a href=\"http:\/\/info.sadowne.pl\/wp-content\/uploads\/2022\/08\/2022.08.27-2.png\"><img loading=\"lazy\" decoding=\"async\" class=\"aligncenter size-full wp-image-26294\" src=\"http:\/\/info.sadowne.pl\/wp-content\/uploads\/2022\/08\/2022.08.27-2.png\" alt=\"\" width=\"560\" height=\"794\" srcset=\"https:\/\/info.sadowne.pl\/wp-content\/uploads\/2022\/08\/2022.08.27-2.png 560w, https:\/\/info.sadowne.pl\/wp-content\/uploads\/2022\/08\/2022.08.27-2-212x300.png 212w\" sizes=\"auto, (max-width: 560px) 100vw, 560px\" \/><\/a><\/p>\n<p><a href=\"http:\/\/info.sadowne.pl\/wp-content\/uploads\/2022\/08\/2022.08.27-1.png\"><img loading=\"lazy\" decoding=\"async\" class=\"aligncenter size-full wp-image-26295\" src=\"http:\/\/info.sadowne.pl\/wp-content\/uploads\/2022\/08\/2022.08.27-1.png\" alt=\"\" width=\"560\" height=\"794\" srcset=\"https:\/\/info.sadowne.pl\/wp-content\/uploads\/2022\/08\/2022.08.27-1.png 560w, https:\/\/info.sadowne.pl\/wp-content\/uploads\/2022\/08\/2022.08.27-1-212x300.png 212w\" sizes=\"auto, (max-width: 560px) 100vw, 560px\" \/><\/a><\/p>\n<p><strong>A wkr\u00f3tce, w kolejnej ods\u0142onie &#8222;Wierszy z okienka&#8221; b\u0119d\u0105 prezentowane w odst\u0119pach trzytygodniowych wiersze Ani Gierej zd. Zy\u015bk.<\/strong><\/p>\n","protected":false},"excerpt":{"rendered":"<p>Oto ostatni wiersz Moniki Kresy z cyklu &#8222;Wiersze z okienka&#8221;.<\/p>\n","protected":false},"author":1,"featured_media":0,"comment_status":"closed","ping_status":"closed","sticky":false,"template":"","format":"standard","meta":{"footnotes":""},"categories":[5,48,6,108],"tags":[3786,3669,2730,3821],"class_list":["post-26291","post","type-post","status-publish","format-standard","hentry","category-newsy","category-kacik-literacki","category-kultura-rozrywka-edukacja","category-okienko-poetyckie","tag-monika-kresa","tag-okienko-poetyckie","tag-poezja","tag-wiersz-ta-ziemia"],"views":1821,"_links":{"self":[{"href":"https:\/\/info.sadowne.pl\/index.php?rest_route=\/wp\/v2\/posts\/26291","targetHints":{"allow":["GET"]}}],"collection":[{"href":"https:\/\/info.sadowne.pl\/index.php?rest_route=\/wp\/v2\/posts"}],"about":[{"href":"https:\/\/info.sadowne.pl\/index.php?rest_route=\/wp\/v2\/types\/post"}],"author":[{"embeddable":true,"href":"https:\/\/info.sadowne.pl\/index.php?rest_route=\/wp\/v2\/users\/1"}],"replies":[{"embeddable":true,"href":"https:\/\/info.sadowne.pl\/index.php?rest_route=%2Fwp%2Fv2%2Fcomments&post=26291"}],"version-history":[{"count":2,"href":"https:\/\/info.sadowne.pl\/index.php?rest_route=\/wp\/v2\/posts\/26291\/revisions"}],"predecessor-version":[{"id":26296,"href":"https:\/\/info.sadowne.pl\/index.php?rest_route=\/wp\/v2\/posts\/26291\/revisions\/26296"}],"wp:attachment":[{"href":"https:\/\/info.sadowne.pl\/index.php?rest_route=%2Fwp%2Fv2%2Fmedia&parent=26291"}],"wp:term":[{"taxonomy":"category","embeddable":true,"href":"https:\/\/info.sadowne.pl\/index.php?rest_route=%2Fwp%2Fv2%2Fcategories&post=26291"},{"taxonomy":"post_tag","embeddable":true,"href":"https:\/\/info.sadowne.pl\/index.php?rest_route=%2Fwp%2Fv2%2Ftags&post=26291"}],"curies":[{"name":"wp","href":"https:\/\/api.w.org\/{rel}","templated":true}]}}