{"id":26297,"date":"2022-08-28T20:24:00","date_gmt":"2022-08-28T18:24:00","guid":{"rendered":"http:\/\/info.sadowne.pl\/?p=26297"},"modified":"2022-08-28T20:24:00","modified_gmt":"2022-08-28T18:24:00","slug":"elekcja-krola","status":"publish","type":"post","link":"https:\/\/info.sadowne.pl\/?p=26297","title":{"rendered":"Elekcja Kr\u00f3la\u2026"},"content":{"rendered":"<p><a href=\"http:\/\/info.sadowne.pl\/wp-content\/uploads\/2022\/08\/2022.08.28.1.jpg\" target=\"_blank\" rel=\"noopener\"><img loading=\"lazy\" decoding=\"async\" class=\"alignleft wp-image-26298 size-thumbnail\" src=\"http:\/\/info.sadowne.pl\/wp-content\/uploads\/2022\/08\/2022.08.28.1-180x130.jpg\" alt=\"\" width=\"180\" height=\"130\" \/><\/a><\/p>\n<p><strong>Przemarsz konnego orszaku kr\u00f3lewskiego Jana III Sobieskiego ulicami W\u0119growa. Tak 28 sierpnia rozpocz\u0119\u0142o si\u0119 widowisko historyczne zorganizowane przez Stowarzyszenie Klasztor W\u0119gr\u00f3w \u2013 Centrum Dialogu Kultur.<\/strong><!--more--><\/p>\n<p>W\u0119gr\u00f3w Barok Festiwal II \u2013 widowisko historyczne \u201eElekcja Kr\u00f3la Jana III Sobieskiego\u201d odby\u0142o si\u0119 na wschodnich obrze\u017cach W\u0119growa, na \u201epolu elekcyjnym\u201d. Po przybyciu w to miejsce orszaku kr\u00f3lewskiego z udzia\u0142em Podlaskiej Chor\u0105gwi Husarskiej, rozpocz\u0119\u0142o si\u0119 widowisko historyczne przeplatane pokazami kawalerii husarskiej oraz koncertami muzyki folkowej i barokowej. W trakcie widowiska mo\u017cna te\u017c by\u0142o obejrze\u0107 ob\u00f3z rycerski, pokaz ta\u0144ca w wykonaniu Zespo\u0142u Pie\u015bni i Ta\u0144ca \u201eSoko\u0142owianie\u201d, czy degustowa\u0107 potrawy na przygotowanych obok stoiskach, a dzieci &#8211; wzi\u0105\u0107 udzia\u0142 w r\u00f3\u017cnych grach i zabawach.<\/p>\n<p><span style=\"color: #0000ff;\"><a style=\"color: #0000ff;\" href=\"https:\/\/photos.app.goo.gl\/69ZhdwJajddHP7XQA\" target=\"_blank\" rel=\"noopener\"><strong>Zdj\u0119cia w galerii Google&gt;&gt;&gt;<\/strong><\/a><\/span><\/p>\n<p><strong>Tekst\/foto:<\/strong> S\u0142awek Chyli\u0144ski<\/p>\n","protected":false},"excerpt":{"rendered":"<p>Przemarsz konnego orszaku kr\u00f3lewskiego Jana III Sobieskiego ulicami W\u0119growa. Tak 28 sierpnia rozpocz\u0119\u0142o si\u0119 widowisko historyczne zorganizowane przez Stowarzyszenie Klasztor W\u0119gr\u00f3w \u2013 Centrum Dialogu Kultur.<\/p>\n","protected":false},"author":1,"featured_media":0,"comment_status":"closed","ping_status":"closed","sticky":false,"template":"","format":"standard","meta":{"footnotes":""},"categories":[5,1,2495],"tags":[3823,68,3822],"class_list":["post-26297","post","type-post","status-publish","format-standard","hentry","category-newsy","category-inne","category-nasi-sasiedzi","tag-stowarzyszenie-klasztor-wegrow","tag-wegrow","tag-widowisko-historyczne-elekcja-krola-jana-iii-sobieskiego"],"views":2062,"_links":{"self":[{"href":"https:\/\/info.sadowne.pl\/index.php?rest_route=\/wp\/v2\/posts\/26297","targetHints":{"allow":["GET"]}}],"collection":[{"href":"https:\/\/info.sadowne.pl\/index.php?rest_route=\/wp\/v2\/posts"}],"about":[{"href":"https:\/\/info.sadowne.pl\/index.php?rest_route=\/wp\/v2\/types\/post"}],"author":[{"embeddable":true,"href":"https:\/\/info.sadowne.pl\/index.php?rest_route=\/wp\/v2\/users\/1"}],"replies":[{"embeddable":true,"href":"https:\/\/info.sadowne.pl\/index.php?rest_route=%2Fwp%2Fv2%2Fcomments&post=26297"}],"version-history":[{"count":1,"href":"https:\/\/info.sadowne.pl\/index.php?rest_route=\/wp\/v2\/posts\/26297\/revisions"}],"predecessor-version":[{"id":26299,"href":"https:\/\/info.sadowne.pl\/index.php?rest_route=\/wp\/v2\/posts\/26297\/revisions\/26299"}],"wp:attachment":[{"href":"https:\/\/info.sadowne.pl\/index.php?rest_route=%2Fwp%2Fv2%2Fmedia&parent=26297"}],"wp:term":[{"taxonomy":"category","embeddable":true,"href":"https:\/\/info.sadowne.pl\/index.php?rest_route=%2Fwp%2Fv2%2Fcategories&post=26297"},{"taxonomy":"post_tag","embeddable":true,"href":"https:\/\/info.sadowne.pl\/index.php?rest_route=%2Fwp%2Fv2%2Ftags&post=26297"}],"curies":[{"name":"wp","href":"https:\/\/api.w.org\/{rel}","templated":true}]}}