{"id":26300,"date":"2022-08-31T15:56:43","date_gmt":"2022-08-31T13:56:43","guid":{"rendered":"http:\/\/info.sadowne.pl\/?p=26300"},"modified":"2022-08-31T15:56:43","modified_gmt":"2022-08-31T13:56:43","slug":"zapisy-na-treningi-karate-kyokushin-w-sadownem","status":"publish","type":"post","link":"https:\/\/info.sadowne.pl\/?p=26300","title":{"rendered":"Zapisy na treningi karate Kyokushin w Sadownem"},"content":{"rendered":"<p><strong><a href=\"http:\/\/info.sadowne.pl\/wp-content\/uploads\/2022\/08\/2022.08.31.1.jpg\" target=\"_blank\" rel=\"noopener\"><img loading=\"lazy\" decoding=\"async\" class=\"alignleft wp-image-26301 size-thumbnail\" src=\"http:\/\/info.sadowne.pl\/wp-content\/uploads\/2022\/08\/2022.08.31.1-180x130.jpg\" alt=\"\" width=\"180\" height=\"130\" \/><\/a>Brokowski Klub Karate Kyokushinkai z nowym rokiem szkolnym wznawia treningi karate w Sadownem. <\/strong><!--more--><\/p>\n<p>Treningi b\u0119d\u0105 odbywa\u0142y si\u0119 dwa razy w tygodniu, tj. <strong>we wtorki i pi\u0105tki w godz. 16.00 &#8211; 17.00<\/strong>, <strong>w Gminnej Hali Sportowej w Sadownem<\/strong>, Ko\u015bciuszki 74. Treningi b\u0119dzie prowadzi\u0142 sensei Zbigniew W\u00f3jcicki z Brokowskiego Klubu Karate Kyokushinkai.<\/p>\n<p>Pierwsze zaj\u0119cia odb\u0119d\u0105 si\u0119 <strong>06 wrze\u015bnia 2022 r. o godz. 16.00<\/strong>. Serdecznie zapraszam wszystkich zainteresowanych.<\/p>\n<p><strong>Zbigniew W\u00f3jcicki<\/strong><\/p>\n","protected":false},"excerpt":{"rendered":"<p>Brokowski Klub Karate Kyokushinkai z nowym rokiem szkolnym wznawia treningi karate w Sadownem.<\/p>\n","protected":false},"author":1,"featured_media":0,"comment_status":"closed","ping_status":"closed","sticky":false,"template":"","format":"standard","meta":{"footnotes":""},"categories":[5,2029,7],"tags":[794,1870,25,3824],"class_list":["post-26300","post","type-post","status-publish","format-standard","hentry","category-newsy","category-karate","category-sport","tag-brokowski-klub-karate-kyokushinkai","tag-karate","tag-sadowne","tag-zapisy-na-treningi-karate"],"views":1883,"_links":{"self":[{"href":"https:\/\/info.sadowne.pl\/index.php?rest_route=\/wp\/v2\/posts\/26300","targetHints":{"allow":["GET"]}}],"collection":[{"href":"https:\/\/info.sadowne.pl\/index.php?rest_route=\/wp\/v2\/posts"}],"about":[{"href":"https:\/\/info.sadowne.pl\/index.php?rest_route=\/wp\/v2\/types\/post"}],"author":[{"embeddable":true,"href":"https:\/\/info.sadowne.pl\/index.php?rest_route=\/wp\/v2\/users\/1"}],"replies":[{"embeddable":true,"href":"https:\/\/info.sadowne.pl\/index.php?rest_route=%2Fwp%2Fv2%2Fcomments&post=26300"}],"version-history":[{"count":1,"href":"https:\/\/info.sadowne.pl\/index.php?rest_route=\/wp\/v2\/posts\/26300\/revisions"}],"predecessor-version":[{"id":26302,"href":"https:\/\/info.sadowne.pl\/index.php?rest_route=\/wp\/v2\/posts\/26300\/revisions\/26302"}],"wp:attachment":[{"href":"https:\/\/info.sadowne.pl\/index.php?rest_route=%2Fwp%2Fv2%2Fmedia&parent=26300"}],"wp:term":[{"taxonomy":"category","embeddable":true,"href":"https:\/\/info.sadowne.pl\/index.php?rest_route=%2Fwp%2Fv2%2Fcategories&post=26300"},{"taxonomy":"post_tag","embeddable":true,"href":"https:\/\/info.sadowne.pl\/index.php?rest_route=%2Fwp%2Fv2%2Ftags&post=26300"}],"curies":[{"name":"wp","href":"https:\/\/api.w.org\/{rel}","templated":true}]}}