{"id":26307,"date":"2022-09-05T17:41:07","date_gmt":"2022-09-05T15:41:07","guid":{"rendered":"http:\/\/info.sadowne.pl\/?p=26307"},"modified":"2022-09-06T17:20:46","modified_gmt":"2022-09-06T15:20:46","slug":"ciekawy-depozyt","status":"publish","type":"post","link":"https:\/\/info.sadowne.pl\/?p=26307","title":{"rendered":"Ciekawy depozyt\u2026"},"content":{"rendered":"<p><strong><a href=\"http:\/\/info.sadowne.pl\/wp-content\/uploads\/2022\/09\/2022.09.05.1.jpg\" target=\"_blank\" rel=\"noopener\"><img loading=\"lazy\" decoding=\"async\" class=\"alignleft wp-image-26308 size-thumbnail\" src=\"http:\/\/info.sadowne.pl\/wp-content\/uploads\/2022\/09\/2022.09.05.1-180x130.jpg\" alt=\"\" width=\"180\" height=\"130\" \/><\/a>Czy \u017cyj\u0105 jeszcze potomkowie Brunona Kobusa z Mrozowej Woli? Mo\u017ce kto\u015b z nich wyja\u015bni histori\u0119 ciekawego depozytu?<\/strong><!--more--><\/p>\n<p><strong><em>Napisa\u0142a do mnie Pani Agnieszka, kt\u00f3ra pochodzi z wioski Kocielnik<\/em><\/strong><strong> \u2013 <\/strong>informuje P. Jerzy Madzelan, prowadz\u0105cy stron\u0119 internetow\u0105 o Broku i okolicach p.t. \u201eOPOWIE\u015aCI, HISTORIE, LEGENDY BROKOWSKIE \u2026. i nie tylko\u201d, od kilku lat wsp\u00f3\u0142pracuj\u0105cy z naszym Portalem. Oto tre\u015b\u0107 tej wiadomo\u015bci:<\/p>\n<p><em>Mam na imi\u0119 Agnieszka, pochodz\u0119 ze wsi Kocielnik, tworz\u0105c drzewo genealogiczne swojej rodziny trafi\u0142am kiedy\u015b na Pana stron\u0119, znaj\u0105c Pana zainteresowania histori\u0105 chcia\u0142am si\u0119 podzieli\u0107 ciekawostkami, na kt\u00f3re natrafi\u0142am szukaj\u0105c akt dziadka kt\u00f3ry przebywa\u0142 w niemieckim obozie pracy. Dziadek pochodzi\u0142 ze wsi Kocielnik gmina Sadowne. Oczywi\u015bcie wpisy o dziadku znalaz\u0142am, ale trafi\u0142am te\u017c na interaktywn\u0105 map\u0119 i zdj\u0119cia przedmiot\u00f3w &#8211; pami\u0105tek kogo\u015b z Mrozowej Woli. Tak mnie to zafascynowa\u0142o \u017ce pozwoli\u0142am sobie do Pana napisa\u0107. Mo\u017ce uda si\u0119 Panu jako\u015b znale\u017a\u0107 przez swoj\u0105 stron\u0119 jaki\u015b potomk\u00f3w tych pami\u0105tek.<\/em><\/p>\n<p><strong>Na tym nie koniec<\/strong>, P. Jerzy kontynuuje &#8211; <em>dalej Pani Agnieszka podaje odpowiednie linki, zaryzykowa\u0142em i klikn\u0105\u0142em, mo\u017cna klika\u0107, na pierwszym trzeba najecha\u0107 na nasze strony i klikn\u0105\u0107 i wtedy okazuje si\u0119, \u017ce chodzi o Brunona Kobusa, urodzonego 20.11.1906 r. w Mrozowej Woli:<\/em><\/p>\n<p><span style=\"color: #0000ff;\"><a style=\"color: #0000ff;\" href=\"https:\/\/arolsen-archives.org\/map-stolenmemory\/#9\/52.7446\/21.6046\" target=\"_blank\" rel=\"noopener\"><strong><em><span style=\"color: #0000ff;\">https:\/\/arolsen-archives.org\/map-stolenmemory\/#9\/52.7446\/21.6046<\/span><\/em><\/strong><\/a><\/span><\/p>\n<p><em>A tutaj ukazuje si\u0119, wci\u0105\u017c zdaje si\u0119 le\u017c\u0105ca w depozycie obr\u0105czka:<\/em><\/p>\n<p><span style=\"color: #0000ff;\"><strong><em><a style=\"color: #0000ff;\" href=\"https:\/\/collections.arolsen-archives.org\/en\/search\/person\/108021602\" target=\"_blank\" rel=\"noopener\">https:\/\/collections.arolsen-archives.org\/en\/search\/person\/108021602<\/a><\/em><\/strong><\/span><\/p>\n<p><strong>Ciekawe? Bardzo.<\/strong> Mo\u017cemy tu zajrze\u0107 do zasob\u00f3w Archiwum Arolsen, mi\u0119dzynarodowego centrum prze\u015bladowa\u0144 nazistowskich z najwi\u0119kszym na \u015bwiecie archiwum ofiar i ocala\u0142ych z narodowego socjalizmu. Dobrze jednak zna\u0107 j\u0119zyki obce, aby zapozna\u0107 si\u0119 ze szczeg\u00f3\u0142ami ukazuj\u0105cej si\u0119 po klikni\u0119ciu informacji, albo \u201ekopi\u0105c\u201d g\u0142\u0119biej w zasobach dot. nazistowskich wi\u0119\u017ani\u00f3w. To ju\u017c zadanie dla potomk\u00f3w Brunona Kobusa z Mrozowej Woli. Mo\u017ce rozszyfruj\u0105 zagadk\u0119 ciekawego depozytu (chyba aktualnego), a mo\u017ce uzupe\u0142ni\u0105 nam t\u0119 histori\u0119 o znane tylko im jej elementy? Z informacji Archiwum wynika, \u017ce w tym przypadku znaleziono krewnych, a co dalej? Pytania, pytania, pytania\u2026<\/p>\n<p><strong>Dzi\u0119kuj\u0119 za informacj\u0119 p. Jerzemu Madzelanowi.<\/strong><\/p>\n<p><strong>PS.<\/strong> Obr\u0105czka to nie wszystko. Depozyt zawiera te\u017c sygnet i zegarek.<\/p>\n<p><a href=\"http:\/\/info.sadowne.pl\/wp-content\/uploads\/2022\/09\/2022.09.05.2.png\" target=\"_blank\" rel=\"noopener\"><img loading=\"lazy\" decoding=\"async\" class=\"aligncenter wp-image-26313 size-thumbnail\" src=\"http:\/\/info.sadowne.pl\/wp-content\/uploads\/2022\/09\/2022.09.05.2-180x130.png\" alt=\"\" width=\"180\" height=\"130\" \/><\/a><\/p>\n<p><a href=\"http:\/\/info.sadowne.pl\/wp-content\/uploads\/2022\/09\/2022.09.05.3.png\" target=\"_blank\" rel=\"noopener\"><img loading=\"lazy\" decoding=\"async\" class=\"aligncenter wp-image-26314 size-thumbnail\" src=\"http:\/\/info.sadowne.pl\/wp-content\/uploads\/2022\/09\/2022.09.05.3-180x130.png\" alt=\"\" width=\"180\" height=\"130\" \/><\/a><\/p>\n<p><strong>Tekst:<\/strong> S\u0142awek Chyli\u0144ski<\/p>\n<p><strong>Foto:<\/strong> www.arolsen-archives.org<\/p>\n","protected":false},"excerpt":{"rendered":"<p>Czy \u017cyj\u0105 jeszcze potomkowie Brunona Kobusa z Mrozowej Woli? Mo\u017ce kto\u015b z nich wyja\u015bni histori\u0119 ciekawego depozytu?<\/p>\n","protected":false},"author":1,"featured_media":0,"comment_status":"closed","ping_status":"closed","sticky":false,"template":"","format":"standard","meta":{"footnotes":""},"categories":[5,3436,31],"tags":[3825,3004,2956],"class_list":["post-26307","post","type-post","status-publish","format-standard","hentry","category-newsy","category-opowiesci-historie-legendy-brokowskie-i-nie-tylko","category-historia-gminy","tag-brunon-kobus-z-mrozowej-woli","tag-jerzy-madzelan","tag-opowiesci-historie-legendy-brokowskie-i-nie-tylko"],"views":2424,"_links":{"self":[{"href":"https:\/\/info.sadowne.pl\/index.php?rest_route=\/wp\/v2\/posts\/26307","targetHints":{"allow":["GET"]}}],"collection":[{"href":"https:\/\/info.sadowne.pl\/index.php?rest_route=\/wp\/v2\/posts"}],"about":[{"href":"https:\/\/info.sadowne.pl\/index.php?rest_route=\/wp\/v2\/types\/post"}],"author":[{"embeddable":true,"href":"https:\/\/info.sadowne.pl\/index.php?rest_route=\/wp\/v2\/users\/1"}],"replies":[{"embeddable":true,"href":"https:\/\/info.sadowne.pl\/index.php?rest_route=%2Fwp%2Fv2%2Fcomments&post=26307"}],"version-history":[{"count":7,"href":"https:\/\/info.sadowne.pl\/index.php?rest_route=\/wp\/v2\/posts\/26307\/revisions"}],"predecessor-version":[{"id":26317,"href":"https:\/\/info.sadowne.pl\/index.php?rest_route=\/wp\/v2\/posts\/26307\/revisions\/26317"}],"wp:attachment":[{"href":"https:\/\/info.sadowne.pl\/index.php?rest_route=%2Fwp%2Fv2%2Fmedia&parent=26307"}],"wp:term":[{"taxonomy":"category","embeddable":true,"href":"https:\/\/info.sadowne.pl\/index.php?rest_route=%2Fwp%2Fv2%2Fcategories&post=26307"},{"taxonomy":"post_tag","embeddable":true,"href":"https:\/\/info.sadowne.pl\/index.php?rest_route=%2Fwp%2Fv2%2Ftags&post=26307"}],"curies":[{"name":"wp","href":"https:\/\/api.w.org\/{rel}","templated":true}]}}