{"id":26332,"date":"2022-09-11T11:22:16","date_gmt":"2022-09-11T09:22:16","guid":{"rendered":"http:\/\/info.sadowne.pl\/?p=26332"},"modified":"2022-09-11T11:22:16","modified_gmt":"2022-09-11T09:22:16","slug":"wiezniowie-niemieckich-obozow-koncentracyjnych","status":"publish","type":"post","link":"https:\/\/info.sadowne.pl\/?p=26332","title":{"rendered":"WI\u0118\u0179NIOWIE NIEMIECKICH OBOZ\u00d3W KONCENTRACYJNYCH"},"content":{"rendered":"<p><strong><a href=\"http:\/\/info.sadowne.pl\/wp-content\/uploads\/2022\/07\/Brok88.jpg\" target=\"_blank\" rel=\"noopener\"><img loading=\"lazy\" decoding=\"async\" class=\"alignleft wp-image-26208 size-thumbnail\" src=\"http:\/\/info.sadowne.pl\/wp-content\/uploads\/2022\/07\/Brok88-180x130.jpg\" alt=\"\" width=\"180\" height=\"130\" \/><\/a>KAZIMIERZ HO\u0141DAKOWSKI I STANIS\u0141AW FABIA\u0143SKI.<\/strong><!--more--><\/p>\n<p>Dotychczas opublikowa\u0142em 2 z 58 wspomnie\u0144 zebranych i opracowanych przez\u00a0<strong>Jadwig\u0119 Sadowsk\u0105 i Alin\u0119 Wierzbick\u0105<\/strong>\u00a0w ksi\u0105\u017cce\u00a0<strong><em>Wojna 1939-1945 we wspomnieniach mieszka\u0144c\u00f3w Ostrowi Mazowieckiej i okolic<\/em><\/strong>, wydanej w roku 2019 przez\u00a0<strong>Miejsk\u0105 Bibliotek\u0119 Publiczn\u0105 im. Marii D\u0105browskiej w Ostrowi Mazowieckiej<\/strong>. Publikowane dzisiaj fragmenty ksi\u0105\u017cki to kolejne dwie wstrz\u0105saj\u0105ce relacje.<\/p>\n<p>Pierwsza opowiada o wojennych losach Kazimierza Ho\u0142dakowskiego \u2013 nauczyciela z Grabownicy Starej, wi\u0119\u017ania niemieckich oboz\u00f3w koncentracyjnych w Auschwitz, Gross-Rosen i Oranienburgu, gdzie zgin\u0105\u0142. Jego histori\u0119 udokumentowa\u0142 wsp\u00f3\u0142wi\u0119zie\u0144, nauczyciel ostrowskiego gimnazjum Jan Ciocho\u0144 w li\u015bcie do \u017cony Ho\u0142dakowskiego.<\/p>\n<p>Druga relacja dotyczy Stanis\u0142awa Fabia\u0144skiego, pochodz\u0105cego z Grabownicy, a mieszkaj\u0105cego w Ostrowi, stra\u017cnika pa\u0144stwowego, cz\u0142onka Polskiej Organizacji Zbrojnej, kt\u00f3ra zosta\u0142a w\u0142\u0105czona do Armii Krajowej. On tak\u017ce przeszed\u0142 przez obozy koncentracyjne w Auschwitz, Gross-Rosen i Oranienburg. I tak\u017ce zgin\u0105\u0142.<\/p>\n<p><strong>Wi\u0119cej na stronie <span style=\"color: #0000ff;\"><a style=\"color: #0000ff;\" href=\"https:\/\/madzelan.cba.pl\/wiezniowie-niemieckich-obozow-koncentracyjnych-kazimierz-holdakowski-i-stanislaw-fabianski\/\" target=\"_blank\" rel=\"noopener\">https:\/\/madzelan.cba.pl\/wiezniowie-niemieckich-obozow-koncentracyjnych-kazimierz-holdakowski-i-stanislaw-fabianski\/<\/a><\/span><\/strong><\/p>\n","protected":false},"excerpt":{"rendered":"<p>KAZIMIERZ HO\u0141DAKOWSKI I STANIS\u0141AW FABIA\u0143SKI.<\/p>\n","protected":false},"author":1,"featured_media":0,"comment_status":"closed","ping_status":"closed","sticky":false,"template":"","format":"standard","meta":{"footnotes":""},"categories":[5,3436,31],"tags":[3004,2956,3809],"class_list":["post-26332","post","type-post","status-publish","format-standard","hentry","category-newsy","category-opowiesci-historie-legendy-brokowskie-i-nie-tylko","category-historia-gminy","tag-jerzy-madzelan","tag-opowiesci-historie-legendy-brokowskie-i-nie-tylko","tag-wojna-1939-1945-we-wspomnieniach-mieszkancow-ostrowi-mazowieckiej-i-okolic"],"views":1874,"_links":{"self":[{"href":"https:\/\/info.sadowne.pl\/index.php?rest_route=\/wp\/v2\/posts\/26332","targetHints":{"allow":["GET"]}}],"collection":[{"href":"https:\/\/info.sadowne.pl\/index.php?rest_route=\/wp\/v2\/posts"}],"about":[{"href":"https:\/\/info.sadowne.pl\/index.php?rest_route=\/wp\/v2\/types\/post"}],"author":[{"embeddable":true,"href":"https:\/\/info.sadowne.pl\/index.php?rest_route=\/wp\/v2\/users\/1"}],"replies":[{"embeddable":true,"href":"https:\/\/info.sadowne.pl\/index.php?rest_route=%2Fwp%2Fv2%2Fcomments&post=26332"}],"version-history":[{"count":1,"href":"https:\/\/info.sadowne.pl\/index.php?rest_route=\/wp\/v2\/posts\/26332\/revisions"}],"predecessor-version":[{"id":26333,"href":"https:\/\/info.sadowne.pl\/index.php?rest_route=\/wp\/v2\/posts\/26332\/revisions\/26333"}],"wp:attachment":[{"href":"https:\/\/info.sadowne.pl\/index.php?rest_route=%2Fwp%2Fv2%2Fmedia&parent=26332"}],"wp:term":[{"taxonomy":"category","embeddable":true,"href":"https:\/\/info.sadowne.pl\/index.php?rest_route=%2Fwp%2Fv2%2Fcategories&post=26332"},{"taxonomy":"post_tag","embeddable":true,"href":"https:\/\/info.sadowne.pl\/index.php?rest_route=%2Fwp%2Fv2%2Ftags&post=26332"}],"curies":[{"name":"wp","href":"https:\/\/api.w.org\/{rel}","templated":true}]}}