{"id":26345,"date":"2022-09-15T13:45:50","date_gmt":"2022-09-15T11:45:50","guid":{"rendered":"http:\/\/info.sadowne.pl\/?p=26345"},"modified":"2022-09-15T13:45:50","modified_gmt":"2022-09-15T11:45:50","slug":"o-braku-slowa-pisanego-w-ostrowi","status":"publish","type":"post","link":"https:\/\/info.sadowne.pl\/?p=26345","title":{"rendered":"O braku s\u0142owa pisanego w Ostrowi,"},"content":{"rendered":"<p><strong><a href=\"http:\/\/info.sadowne.pl\/wp-content\/uploads\/2022\/09\/Brok95.jpg\" target=\"_blank\" rel=\"noopener\"><img loading=\"lazy\" decoding=\"async\" class=\"alignleft wp-image-26346 size-thumbnail\" src=\"http:\/\/info.sadowne.pl\/wp-content\/uploads\/2022\/09\/Brok95-180x130.jpg\" alt=\"\" width=\"180\" height=\"130\" \/><\/a>&#8230;o mamucie z Broku, k\u0142opotach z lekarzami w Nurze, inicjatywach spo\u0142ecznych w Sadownem i w\u0142osach kr\u0119conych na \u201ebarani r\u00f3g\u201d w Kosowie.<\/strong><!--more--><\/p>\n<p>Pierwszy list dotyczy Ostrowi w roku 1882. Autor z dum\u0105 wspomina o najwi\u0119kszej dumie tamtejszych mieszka\u0144c\u00f3w, czyli o w\u0142a\u015bnie powsta\u0142ej Ochotniczej Stra\u017cy Ogniowej. Nie zamyka jednak\u017ce oczu na bol\u0105czki trapi\u0105ce miasto, a do nich nale\u017c\u0105 cho\u0107by brak entuzjazmu reprezentant\u00f3w chrze\u015bcija\u0144skiej cz\u0119\u015bci spo\u0142eczno\u015bci do parania si\u0119 dzia\u0142alno\u015bci\u0105 gastronomiczn\u0105 i handlow\u0105 oraz trudno\u015bci w nabyciu s\u0142owa pisanego.<\/p>\n<p>Z Broku donosz\u0105 o wielkich szkodach wyrz\u0105dzonych przez burz\u0119 gradow\u0105. Grad wielko\u015bci orzecha laskowego t\u0142uk\u0142 szyby w oknach dom\u00f3w. Co wa\u017cne dla os\u00f3b maj\u0105cych w planie wprawi\u0107 nowe okna, to w materiale mowa jest jedynie o szybach w oknach drewnianych. Nie ma wie\u015bci o uszkodzeniach okien plastikowych lub aluminiowych. Zdaje si\u0119, \u017ce nie ucierpia\u0142y tak\u017ce szyby ko\u015bcielne w o\u0142\u00f3w oprawione. Brokowski korespondent donosi tak\u017ce, \u017ce staraniem miejscowego proboszcza wyrychtowano nowy o\u0142tarz \u015bw. Anny, cho\u0107 niewykluczone, \u017ce chodzi\u0142o tylko o powa\u017cn\u0105 renowacj\u0119 ju\u017c istniej\u0105cego. Co ciekawe, autor pisze o miejscowej \u015bwi\u0105tyni, jako o katedrze. Nie jest to pierwsze tego typu okre\u015blenie tej majestatycznej budowli. Cho\u0107by Daniel Olbrychski, wspominaj\u0105c w rozmowie z dziennikarzami portalu\u00a0<em>plejada.pl<\/em>\u00a0zmar\u0142ego przyjaciela Wies\u0142awa Go\u0142asa, m\u00f3wi\u0142, \u017ce na pocz\u0105tku swej kariery aktorskiej wybra\u0142 si\u0119 na wycieczk\u0119 do Broku i modli\u0142 si\u0119 w tutejszej \u201ekatedrze\u201d do obrazu Matki Boskiej Cz\u0119stochowskiej:<\/p>\n<p><strong>Wi\u0119cej na stronie <span style=\"color: #0000ff;\"><a style=\"color: #0000ff;\" href=\"https:\/\/madzelan.cba.pl\/o-braku-slowa-pisanego-w-ostrowi-o-mamucie-z-broku-klopotach-z-lekarzami-w-nurze-inicjatywach-spolecznych-w-sadownem-i-wlosach-kreconych-na-barani-rog-w-kosowie\/\" target=\"_blank\" rel=\"noopener\">https:\/\/madzelan.cba.pl\/o-braku-slowa-pisanego-w-ostrowi-o-mamucie-z-broku-klopotach-z-lekarzami-w-nurze-inicjatywach-spolecznych-w-sadownem-i-wlosach-kreconych-na-barani-rog-w-kosowie\/<\/a><\/span><\/strong><\/p>\n","protected":false},"excerpt":{"rendered":"<p>&#8230;o mamucie z Broku, k\u0142opotach z lekarzami w Nurze, inicjatywach spo\u0142ecznych w Sadownem i w\u0142osach kr\u0119conych na \u201ebarani r\u00f3g\u201d w Kosowie.<\/p>\n","protected":false},"author":1,"featured_media":0,"comment_status":"closed","ping_status":"closed","sticky":false,"template":"","format":"standard","meta":{"footnotes":""},"categories":[5,3436,31],"tags":[3004,2956],"class_list":["post-26345","post","type-post","status-publish","format-standard","hentry","category-newsy","category-opowiesci-historie-legendy-brokowskie-i-nie-tylko","category-historia-gminy","tag-jerzy-madzelan","tag-opowiesci-historie-legendy-brokowskie-i-nie-tylko"],"views":1794,"_links":{"self":[{"href":"https:\/\/info.sadowne.pl\/index.php?rest_route=\/wp\/v2\/posts\/26345","targetHints":{"allow":["GET"]}}],"collection":[{"href":"https:\/\/info.sadowne.pl\/index.php?rest_route=\/wp\/v2\/posts"}],"about":[{"href":"https:\/\/info.sadowne.pl\/index.php?rest_route=\/wp\/v2\/types\/post"}],"author":[{"embeddable":true,"href":"https:\/\/info.sadowne.pl\/index.php?rest_route=\/wp\/v2\/users\/1"}],"replies":[{"embeddable":true,"href":"https:\/\/info.sadowne.pl\/index.php?rest_route=%2Fwp%2Fv2%2Fcomments&post=26345"}],"version-history":[{"count":1,"href":"https:\/\/info.sadowne.pl\/index.php?rest_route=\/wp\/v2\/posts\/26345\/revisions"}],"predecessor-version":[{"id":26347,"href":"https:\/\/info.sadowne.pl\/index.php?rest_route=\/wp\/v2\/posts\/26345\/revisions\/26347"}],"wp:attachment":[{"href":"https:\/\/info.sadowne.pl\/index.php?rest_route=%2Fwp%2Fv2%2Fmedia&parent=26345"}],"wp:term":[{"taxonomy":"category","embeddable":true,"href":"https:\/\/info.sadowne.pl\/index.php?rest_route=%2Fwp%2Fv2%2Fcategories&post=26345"},{"taxonomy":"post_tag","embeddable":true,"href":"https:\/\/info.sadowne.pl\/index.php?rest_route=%2Fwp%2Fv2%2Ftags&post=26345"}],"curies":[{"name":"wp","href":"https:\/\/api.w.org\/{rel}","templated":true}]}}