{"id":26353,"date":"2022-09-17T14:40:47","date_gmt":"2022-09-17T12:40:47","guid":{"rendered":"http:\/\/info.sadowne.pl\/?p=26353"},"modified":"2022-10-23T11:43:03","modified_gmt":"2022-10-23T09:43:03","slug":"moj-dom","status":"publish","type":"post","link":"https:\/\/info.sadowne.pl\/?p=26353","title":{"rendered":"\u201eM\u00f3j dom\u201d"},"content":{"rendered":"<p><a href=\"http:\/\/info.sadowne.pl\/wp-content\/uploads\/2022\/09\/2022.09.17.1.jpg\" target=\"_blank\" rel=\"noopener\"><img loading=\"lazy\" decoding=\"async\" class=\"alignleft wp-image-26354 size-thumbnail\" src=\"http:\/\/info.sadowne.pl\/wp-content\/uploads\/2022\/09\/2022.09.17.1-180x130.jpg\" alt=\"\" width=\"180\" height=\"130\" \/><\/a><\/p>\n<p><strong>Rozpoczynamy prezentacj\u0119 wierszy Ani Kiziniewicz (Anna Zy\u015bk) &#8211; absolwentki LO w Sadownem. <\/strong><strong>Jej wiersze b\u0119d\u0105 ukazywa\u0107 si\u0119 w odst\u0119pach dwu-trzytygodniowych.<\/strong><!--more--><\/p>\n<p style=\"text-align: center;\">*<\/p>\n<p style=\"text-align: center;\">*<\/p>\n<p style=\"text-align: center;\">*<\/p>\n<p style=\"text-align: center;\"><em><strong>M\u00f3j dom<\/strong><\/em><\/p>\n<p><em>Tu przy gwia\u017adzistej koronie<\/em><\/p>\n<p><em>jest kawa\u0142ek nieba<\/em><\/p>\n<p><em><a href=\"http:\/\/info.sadowne.pl\/wp-content\/uploads\/2018\/04\/Anna-Gierej.jpg\"><img loading=\"lazy\" decoding=\"async\" class=\"alignright wp-image-18389 size-full\" src=\"http:\/\/info.sadowne.pl\/wp-content\/uploads\/2018\/04\/Anna-Gierej.jpg\" alt=\"\" width=\"205\" height=\"205\" \/><\/a>na powitanie<\/em><\/p>\n<p><em>Wo\u0142a mnie cisza<\/em><\/p>\n<p><em>i kwiat\u00f3w modlitwa<\/em><\/p>\n<p><em>do domu daleko<\/em><\/p>\n<p><em>droga kr\u0119ta<\/em><\/p>\n<p><em>a jednak wracam tu<\/em><\/p>\n<p><em>Pi\u0119kno jest w nas<\/em><\/p>\n<p><em>w sercu cz\u0142owieka<\/em><\/p>\n<p><em>a magia miejsca<\/em><\/p>\n<p><em>wci\u0105\u017c \u017cywa<\/em><\/p>\n<p><em>nie ucieka<\/em><\/p>\n<p><em>powraca<\/em><\/p>\n<p><em>jak ja<\/em><\/p>\n<p><em>jak ty<\/em><\/p>\n<p><em>jak stare zdj\u0119cia<\/em><\/p>\n<p><em>O\u0142tarz w duszy<\/em><\/p>\n<p><em>p\u0142onie<\/em><\/p>\n<p><em>B\u00f3g wo\u0142a<\/em><\/p>\n<p><em>wr\u00f3\u0107 do mnie<\/em><\/p>\n","protected":false},"excerpt":{"rendered":"<p>Rozpoczynamy prezentacj\u0119 wierszy Ani Kiziniewicz (Anna Zy\u015bk) &#8211; absolwentki LO w Sadownem. Jej wiersze b\u0119d\u0105 ukazywa\u0107 si\u0119 w odst\u0119pach dwu-trzytygodniowych.<\/p>\n","protected":false},"author":1,"featured_media":0,"comment_status":"closed","ping_status":"closed","sticky":false,"template":"","format":"standard","meta":{"footnotes":""},"categories":[5,48,6,108],"tags":[3835,3669,2730,3859],"class_list":["post-26353","post","type-post","status-publish","format-standard","hentry","category-newsy","category-kacik-literacki","category-kultura-rozrywka-edukacja","category-okienko-poetyckie","tag-anna-kiziniewicz","tag-okienko-poetyckie","tag-poezja","tag-wiersz-moj-dom"],"views":2069,"_links":{"self":[{"href":"https:\/\/info.sadowne.pl\/index.php?rest_route=\/wp\/v2\/posts\/26353","targetHints":{"allow":["GET"]}}],"collection":[{"href":"https:\/\/info.sadowne.pl\/index.php?rest_route=\/wp\/v2\/posts"}],"about":[{"href":"https:\/\/info.sadowne.pl\/index.php?rest_route=\/wp\/v2\/types\/post"}],"author":[{"embeddable":true,"href":"https:\/\/info.sadowne.pl\/index.php?rest_route=\/wp\/v2\/users\/1"}],"replies":[{"embeddable":true,"href":"https:\/\/info.sadowne.pl\/index.php?rest_route=%2Fwp%2Fv2%2Fcomments&post=26353"}],"version-history":[{"count":4,"href":"https:\/\/info.sadowne.pl\/index.php?rest_route=\/wp\/v2\/posts\/26353\/revisions"}],"predecessor-version":[{"id":26358,"href":"https:\/\/info.sadowne.pl\/index.php?rest_route=\/wp\/v2\/posts\/26353\/revisions\/26358"}],"wp:attachment":[{"href":"https:\/\/info.sadowne.pl\/index.php?rest_route=%2Fwp%2Fv2%2Fmedia&parent=26353"}],"wp:term":[{"taxonomy":"category","embeddable":true,"href":"https:\/\/info.sadowne.pl\/index.php?rest_route=%2Fwp%2Fv2%2Fcategories&post=26353"},{"taxonomy":"post_tag","embeddable":true,"href":"https:\/\/info.sadowne.pl\/index.php?rest_route=%2Fwp%2Fv2%2Ftags&post=26353"}],"curies":[{"name":"wp","href":"https:\/\/api.w.org\/{rel}","templated":true}]}}