{"id":26359,"date":"2022-09-18T18:02:44","date_gmt":"2022-09-18T16:02:44","guid":{"rendered":"http:\/\/info.sadowne.pl\/?p=26359"},"modified":"2022-09-18T18:12:01","modified_gmt":"2022-09-18T16:12:01","slug":"zaspiewali-w-wegrowie","status":"publish","type":"post","link":"https:\/\/info.sadowne.pl\/?p=26359","title":{"rendered":"Za\u015bpiewali w W\u0119growie\u2026"},"content":{"rendered":"<p><a href=\"http:\/\/info.sadowne.pl\/wp-content\/uploads\/2022\/09\/2022.09.18.1.jpg\" target=\"_blank\" rel=\"noopener\"><img loading=\"lazy\" decoding=\"async\" class=\"alignleft wp-image-26360 size-thumbnail\" src=\"http:\/\/info.sadowne.pl\/wp-content\/uploads\/2022\/09\/2022.09.18.1-180x130.jpg\" alt=\"\" width=\"180\" height=\"130\" \/><\/a><strong>18 wrze\u015bnia w W\u0119growie odby\u0142o si\u0119 Mazowieckie \u015awi\u0119to Chleba i Sera. Na wydarzeniu Sadowne by\u0142o reprezentowane przez Zesp\u00f3\u0142 \u015apiewaczy \u201eSadowianki\u201d.<\/strong><!--more--><\/p>\n<p>Organizatorzy tegorocznego \u015awi\u0119ta przygotowali dla publiczno\u015bci wiele atrakcji, kt\u00f3re rozpocz\u0119\u0142a msza \u015bw. w w\u0119growskiej Bazylice. Pomimo niesprzyjaj\u0105cej pogody, na Rynku Mariackim ustawi\u0142o si\u0119 wiele stoisk z lokalnymi produktami, a tak\u017ce promuj\u0105cych miasto i r\u00f3\u017cne instytucje.<\/p>\n<p>W Mazowieckim \u015awi\u0119cie Chleba i Sera wzi\u0105\u0142 udzia\u0142 Zesp\u00f3\u0142 \u015apiewaczy \u201eSadowianki\u201d, kt\u00f3ry wystawi\u0142 r\u00f3wnie\u017c sw\u00f3j wieniec do og\u0142oszonego konkursu na \u201eNajpi\u0119kniejszy wieniec do\u017cynkowy\u201d. Zesp\u00f3\u0142 mia\u0142 te\u017c okazj\u0119 zaprezentowa\u0107 na scenie utwory, kt\u00f3re specjalnie zosta\u0142y przygotowane przez jego cz\u0142onk\u00f3w na t\u0119 okazj\u0119. Na pocz\u0105tku oczywi\u015bcie by\u0142a prezentacja:<\/p>\n<p>Kilka s\u0142\u00f3w o Zespole z promocyjnie wydanej ksi\u0105\u017cki o Sadownem &#8211; GMINA SADOWNE mi\u0119dzy Bugiem a Puszcz\u0105 Kamienieck\u0105, Wydawnictwo ALEKSANDER, Pu\u0142tusk 2021.<\/p>\n<p><strong><em>Zesp\u00f3\u0142 \u015apiewaczy \u201eSadowianki\u201d <\/em><\/strong><\/p>\n<p><em>\u201eJak umiemy tak \u015bpiewamy, z piosnk\u0105 rado\u015b\u0107 zostawiamy\u201d tak \u015bpiewaj\u0105 Sadowianki \u2013 zesp\u00f3\u0142 istniej\u0105cy ju\u017c od niemal 50<\/em><em>.<\/em><em> lat. Najpierw, w 1971 roku za\u0142o\u017cono Ko\u0142o Gospody\u0144 Wiejskich w Sadownem, kt\u00f3remu przewodniczy\u0142a Janina K\u0105dziela, pe\u0142ni\u0105ca p\u00f3\u017aniej rol\u0119 honorowej przewodnicz\u0105cej. Dwa lata p\u00f3\u017aniej, w 1973 roku, w\u0142a\u015bnie z inicjatywy Janiny K\u0105dzieli, przy KGW w Sadownem powsta\u0142 zesp\u00f3\u0142 \u015bpiewaczy \u201eSadowianki\u201d. <\/em><\/p>\n<p><em>P<\/em><em>ocz\u0105tek dzia\u0142alno\u015bci zespo\u0142u to g\u0142\u00f3w\u00adnie wyst\u0119py na lokalnych imprezach gminnych, takich jak do\u017cynki, akademie gminne czy Dzie\u0144 Kobiet. Jednak ju\u017c w latach 80. zesp\u00f3\u0142 <\/em><em>\u201e<\/em><em>Sadowianki<\/em><em>\u201d<\/em><em> zacz\u0105\u0142 dzia\u0142a\u0107 na szer\u00adsz\u0105 skal\u0119. Wielokrotnie bra\u0142 udzia\u0142 w woje\u00adw\u00f3dzkich przegl\u0105dach kultury ludowej, gdzie dwukrotnie (w latach 80.) zaj\u0105\u0142 drugie miejsce, a w pozosta\u0142ych przypadkach zdobywa\u0142 wyr\u00f3\u017c\u00adnienia za autentyczne wykonanie. <\/em><\/p>\n<p><em>Kiedy na pocz\u0105<\/em><em>tku lat 90. <\/em><em>przesta\u0142y istnie\u0107 Ko\u0142a Gospody\u0144 Wiejskich, zesp\u00f3\u0142 \u201eSadowian\u00adki\u201d nie zawiesi\u0142 swojej dzia\u0142alno\u015bci. Istnieje wi\u0119c nieprzerwanie od prawie 50<\/em><em>.<\/em><em> lat. Re\u00adpertuar zespo\u0142u stanowi\u0105 przede wszystkim tradycyjne piosenki ludowe, ale r\u00f3wnie\u017c jest miejsce na pie\u015bni religijne (Jase\u0142ka), poezj\u0119 klasyczn\u0105, poezj\u0119 ludow\u0105 czy komedi\u0119. Ze\u00adsp\u00f3\u0142 stara si\u0119 kontynuowa\u0107 tradycje ludowe regionu. <\/em><\/p>\n<p><em>Obecnie zesp\u00f3\u0142 liczy 15 pa\u0144 i dw\u00f3ch pa\u00adn\u00f3w. Na scenie nie zawsze prezentuje si\u0119 ca\u0142y sk\u0142ad zespo\u0142u, poniewa\u017c czasami nie po\u00adzwalaj\u0105 na to obowi\u0105zki domowe, czy s\u0142u\u017cbo\u00adwe. Oczywi\u015bcie wszyscy \u015bpiewaj\u0105 amatorsko, a udzia\u0142 w zespole traktuj\u0105 jako zaj\u0119cie do\u00ad<\/em><em>datkowe. Wszyscy cz\u0142onkowie jednak bardzo anga\u017cuj\u0105 si\u0119 w dzia\u0142alno\u015b\u0107 zespo\u0142u i po\u015bwi\u0119<\/em><em>\u00adcaj\u0105 mu du\u017co czasu. <\/em><\/p>\n<p><em>Kierownikiem zespo\u0142u Sadowianki jest Krystyna Wetoszka, kt\u00f3ra pe\u0142ni t\u0119 funkcj\u0119 od 1987 roku. Zespo\u0142owi akompaniuje akor\u00addeonista \u2013 Andrzej Olton. Nad w\u0142a\u015bciwym brzmieniem piosenek i doborem repertuaru stosownie do okoliczno\u015bci czuwa Barbara Wr\u00f3bel. <\/em><\/p>\n<p><em>Zesp\u00f3\u0142 Sadowianki cz\u0119sto zapraszany jest na r\u00f3\u017cnego rodzaju imprezy: festyny, do\u017cynki, przegl\u0105dy artystyczne, spotkania z m\u0142odzie\u017c\u0105 szkoln\u0105, kombatantami czy jubilatami.<\/em><\/p>\n<p>Repertuar i wykonanie utwor\u00f3w przez Zesp\u00f3\u0142 \u201eSadowianki\u201d podoba\u0142y si\u0119 s\u0142uchaczom. P\u00f3\u0142godzinny wyst\u0119p na w\u0119growskiej scenie zako\u0144czy\u0142 si\u0119 s\u0142owami piosenki \u201eTrzymajmy si\u0119 za r\u0119ce i jeszcze raz, p\u00f3ki jeszcze jest na to czas\u201d &#8211; a potem g\u0142o\u015bne brawa i podzi\u0119kowanie za \u015bwietny wyst\u0119p z ust Dyrektor W\u0119growskiego O\u015brodka Kultury p. Katarzyny Zabada\u0142y.<\/p>\n<p><span style=\"color: #0000ff;\"><a style=\"color: #0000ff;\" href=\"https:\/\/photos.app.goo.gl\/aAXBtN8ychwPzRid8\" target=\"_blank\" rel=\"noopener\"><strong>Zdj\u0119cia w galerii Google&gt;&gt;&gt;<\/strong><\/a><\/span><\/p>\n<p><strong>Tekst\/foto:<\/strong> S\u0142awek Chyli\u0144ski<\/p>\n","protected":false},"excerpt":{"rendered":"<p>18 wrze\u015bnia w W\u0119growie odby\u0142o si\u0119 Mazowieckie \u015awi\u0119to Chleba i Sera. Na wydarzeniu Sadowne by\u0142o reprezentowane przez Zesp\u00f3\u0142 \u015apiewaczy \u201eSadowianki\u201d.<\/p>\n","protected":false},"author":1,"featured_media":0,"comment_status":"closed","ping_status":"closed","sticky":false,"template":"","format":"standard","meta":{"footnotes":""},"categories":[5,1,2495],"tags":[3202,960],"class_list":["post-26359","post","type-post","status-publish","format-standard","hentry","category-newsy","category-inne","category-nasi-sasiedzi","tag-mazowieckie-swieto-chleba-i-sera-w-wegrowie","tag-zespol-spiewaczy-sadowianki"],"views":2010,"_links":{"self":[{"href":"https:\/\/info.sadowne.pl\/index.php?rest_route=\/wp\/v2\/posts\/26359","targetHints":{"allow":["GET"]}}],"collection":[{"href":"https:\/\/info.sadowne.pl\/index.php?rest_route=\/wp\/v2\/posts"}],"about":[{"href":"https:\/\/info.sadowne.pl\/index.php?rest_route=\/wp\/v2\/types\/post"}],"author":[{"embeddable":true,"href":"https:\/\/info.sadowne.pl\/index.php?rest_route=\/wp\/v2\/users\/1"}],"replies":[{"embeddable":true,"href":"https:\/\/info.sadowne.pl\/index.php?rest_route=%2Fwp%2Fv2%2Fcomments&post=26359"}],"version-history":[{"count":2,"href":"https:\/\/info.sadowne.pl\/index.php?rest_route=\/wp\/v2\/posts\/26359\/revisions"}],"predecessor-version":[{"id":26362,"href":"https:\/\/info.sadowne.pl\/index.php?rest_route=\/wp\/v2\/posts\/26359\/revisions\/26362"}],"wp:attachment":[{"href":"https:\/\/info.sadowne.pl\/index.php?rest_route=%2Fwp%2Fv2%2Fmedia&parent=26359"}],"wp:term":[{"taxonomy":"category","embeddable":true,"href":"https:\/\/info.sadowne.pl\/index.php?rest_route=%2Fwp%2Fv2%2Fcategories&post=26359"},{"taxonomy":"post_tag","embeddable":true,"href":"https:\/\/info.sadowne.pl\/index.php?rest_route=%2Fwp%2Fv2%2Ftags&post=26359"}],"curies":[{"name":"wp","href":"https:\/\/api.w.org\/{rel}","templated":true}]}}