{"id":26367,"date":"2022-09-26T19:48:23","date_gmt":"2022-09-26T17:48:23","guid":{"rendered":"http:\/\/info.sadowne.pl\/?p=26367"},"modified":"2022-09-26T19:48:23","modified_gmt":"2022-09-26T17:48:23","slug":"jestes-rodzicem-dziecka-w-wieku-9-11-albo-12-14-lat","status":"publish","type":"post","link":"https:\/\/info.sadowne.pl\/?p=26367","title":{"rendered":"Jeste\u015b rodzicem dziecka w wieku 9-11 albo 12-14 lat?"},"content":{"rendered":"<p><strong><a href=\"http:\/\/info.sadowne.pl\/wp-content\/uploads\/2022\/09\/2022.09.26.1.png\"><img loading=\"lazy\" decoding=\"async\" class=\"alignleft size-thumbnail wp-image-26368\" src=\"http:\/\/info.sadowne.pl\/wp-content\/uploads\/2022\/09\/2022.09.26.1-180x130.png\" alt=\"\" width=\"180\" height=\"130\" \/><\/a>Obserwuj\u0105c otaczaj\u0105cy \u015bwiat, pe\u0142en zagro\u017ce\u0144 zwi\u0105zanych z r\u00f3\u017cnymi uzale\u017cnieniami, martwisz si\u0119 o jego obecne funkcjonowanie i przysz\u0142o\u015b\u0107? <\/strong><!--more--><\/p>\n<p>Chcesz dowiedzie\u0107 si\u0119, w jaki spos\u00f3b substancje psychoaktywne i nadu\u017cywanie nowych technologii wp\u0142ywaj\u0105 na rozw\u00f3j Twojego dziecka, a tak\u017ce pozna\u0107 sygna\u0142y ostrzegawcze \u015bwiadcz\u0105ce o ich problemowym u\u017cywaniu?<\/p>\n<p>Nauczeni do\u015bwiadczeniem zdecydowanie popieramy s\u0142owa Hipokratesa: &#8222;Lepiej zapobiega\u0107, ni\u017c leczy\u0107&#8221;. Jeste\u015b tego samego zdania?<\/p>\n<p>Zapisz si\u0119 na bezp\u0142atne warsztaty psychoedukacyjne, prowadzone r\u00f3wnolegle dla dziecka i rodzica w dw\u00f3ch grupach przez specjalist\u00f3w psychoterapii uzale\u017cnie\u0144 w Ostrowi Mazowieckiej.<\/p>\n<p>Dzi\u0119ki temu nie tylko Ty Rodzicu, ale r\u00f3wnie\u017c Twoje dziecko nab\u0119dzie kluczowe z punktu widzenia profilaktyki kompetencje spo\u0142eczne, umiej\u0119tno\u015bci sprzyjaj\u0105ce bezpiecznemu korzystaniu z medi\u00f3w elektronicznych i sposoby radzenia sobie z trudnymi emocjami oraz stresem, chroni\u0105ce je przed uzale\u017cnieniami.<\/p>\n<p>Projekt skierowany jest to mieszka\u0144c\u00f3w Miasta i Gminy Ostr\u00f3w Mazowiecka oraz Gminy Sadowne.<\/p>\n<p>Ruszamy ju\u017c od pa\u017adziernika 2022 r.<\/p>\n<p>Liczba miejsc ograniczona!<\/p>\n<p>Udzia\u0142 w warsztatach jest ca\u0142kowicie bezp\u0142atny!<\/p>\n<p>Szczeg\u00f3\u0142y na zamieszczonych plakatach.<\/p>\n<p><strong>Serdecznie zapraszamy!!!<\/strong><\/p>\n<p><a href=\"http:\/\/info.sadowne.pl\/wp-content\/uploads\/2022\/09\/2022.09.26.1.png\"><img loading=\"lazy\" decoding=\"async\" class=\"aligncenter wp-image-26368 size-full\" src=\"http:\/\/info.sadowne.pl\/wp-content\/uploads\/2022\/09\/2022.09.26.1.png\" alt=\"\" width=\"594\" height=\"840\" srcset=\"https:\/\/info.sadowne.pl\/wp-content\/uploads\/2022\/09\/2022.09.26.1.png 594w, https:\/\/info.sadowne.pl\/wp-content\/uploads\/2022\/09\/2022.09.26.1-212x300.png 212w\" sizes=\"auto, (max-width: 594px) 100vw, 594px\" \/><\/a><\/p>\n<p><a href=\"http:\/\/info.sadowne.pl\/wp-content\/uploads\/2022\/09\/2022.09.26.2.jpg\"><img loading=\"lazy\" decoding=\"async\" class=\"aligncenter wp-image-26369 size-full\" src=\"http:\/\/info.sadowne.pl\/wp-content\/uploads\/2022\/09\/2022.09.26.2.jpg\" alt=\"\" width=\"603\" height=\"853\" srcset=\"https:\/\/info.sadowne.pl\/wp-content\/uploads\/2022\/09\/2022.09.26.2.jpg 603w, https:\/\/info.sadowne.pl\/wp-content\/uploads\/2022\/09\/2022.09.26.2-212x300.jpg 212w\" sizes=\"auto, (max-width: 603px) 100vw, 603px\" \/><\/a><\/p>\n<p><a href=\"http:\/\/info.sadowne.pl\/wp-content\/uploads\/2022\/09\/2022.09.26.3.jpg\"><img loading=\"lazy\" decoding=\"async\" class=\"aligncenter wp-image-26370 size-full\" src=\"http:\/\/info.sadowne.pl\/wp-content\/uploads\/2022\/09\/2022.09.26.3.jpg\" alt=\"\" width=\"603\" height=\"853\" srcset=\"https:\/\/info.sadowne.pl\/wp-content\/uploads\/2022\/09\/2022.09.26.3.jpg 603w, https:\/\/info.sadowne.pl\/wp-content\/uploads\/2022\/09\/2022.09.26.3-212x300.jpg 212w\" sizes=\"auto, (max-width: 603px) 100vw, 603px\" \/><\/a><\/p>\n<p><a href=\"http:\/\/info.sadowne.pl\/wp-content\/uploads\/2022\/09\/2022.09.26.4.jpg\"><img loading=\"lazy\" decoding=\"async\" class=\"aligncenter wp-image-26371 size-full\" src=\"http:\/\/info.sadowne.pl\/wp-content\/uploads\/2022\/09\/2022.09.26.4.jpg\" alt=\"\" width=\"603\" height=\"853\" srcset=\"https:\/\/info.sadowne.pl\/wp-content\/uploads\/2022\/09\/2022.09.26.4.jpg 603w, https:\/\/info.sadowne.pl\/wp-content\/uploads\/2022\/09\/2022.09.26.4-212x300.jpg 212w\" sizes=\"auto, (max-width: 603px) 100vw, 603px\" \/><\/a><\/p>\n<p><a href=\"http:\/\/info.sadowne.pl\/wp-content\/uploads\/2022\/09\/2022.09.26.5.jpg\"><img loading=\"lazy\" decoding=\"async\" class=\"aligncenter wp-image-26372 size-full\" src=\"http:\/\/info.sadowne.pl\/wp-content\/uploads\/2022\/09\/2022.09.26.5.jpg\" alt=\"\" width=\"602\" height=\"851\" srcset=\"https:\/\/info.sadowne.pl\/wp-content\/uploads\/2022\/09\/2022.09.26.5.jpg 602w, https:\/\/info.sadowne.pl\/wp-content\/uploads\/2022\/09\/2022.09.26.5-212x300.jpg 212w\" sizes=\"auto, (max-width: 602px) 100vw, 602px\" \/><\/a><\/p>\n","protected":false},"excerpt":{"rendered":"<p>Obserwuj\u0105c otaczaj\u0105cy \u015bwiat, pe\u0142en zagro\u017ce\u0144 zwi\u0105zanych z r\u00f3\u017cnymi uzale\u017cnieniami, martwisz si\u0119 o jego obecne funkcjonowanie i przysz\u0142o\u015b\u0107?<\/p>\n","protected":false},"author":1,"featured_media":0,"comment_status":"closed","ping_status":"closed","sticky":false,"template":"","format":"standard","meta":{"footnotes":""},"categories":[5,1406,1408],"tags":[3831,3830,3832,1666],"class_list":["post-26367","post","type-post","status-publish","format-standard","hentry","category-newsy","category-czy-wiesz","category-zdrowie","tag-poradnia-terapii-uzaleznienia-od-alkoholu-i-wspoluzaleznienia-w-ostrowi-mazowieckiej","tag-projekt-uwolnij-sie-badz-soba","tag-samodzielny-publiczny-zespol-zakladow-opieki-zdrowotnej-w-ostrowi-mazowieckiej","tag-zdrowie-dzieci"],"views":1933,"_links":{"self":[{"href":"https:\/\/info.sadowne.pl\/index.php?rest_route=\/wp\/v2\/posts\/26367","targetHints":{"allow":["GET"]}}],"collection":[{"href":"https:\/\/info.sadowne.pl\/index.php?rest_route=\/wp\/v2\/posts"}],"about":[{"href":"https:\/\/info.sadowne.pl\/index.php?rest_route=\/wp\/v2\/types\/post"}],"author":[{"embeddable":true,"href":"https:\/\/info.sadowne.pl\/index.php?rest_route=\/wp\/v2\/users\/1"}],"replies":[{"embeddable":true,"href":"https:\/\/info.sadowne.pl\/index.php?rest_route=%2Fwp%2Fv2%2Fcomments&post=26367"}],"version-history":[{"count":1,"href":"https:\/\/info.sadowne.pl\/index.php?rest_route=\/wp\/v2\/posts\/26367\/revisions"}],"predecessor-version":[{"id":26373,"href":"https:\/\/info.sadowne.pl\/index.php?rest_route=\/wp\/v2\/posts\/26367\/revisions\/26373"}],"wp:attachment":[{"href":"https:\/\/info.sadowne.pl\/index.php?rest_route=%2Fwp%2Fv2%2Fmedia&parent=26367"}],"wp:term":[{"taxonomy":"category","embeddable":true,"href":"https:\/\/info.sadowne.pl\/index.php?rest_route=%2Fwp%2Fv2%2Fcategories&post=26367"},{"taxonomy":"post_tag","embeddable":true,"href":"https:\/\/info.sadowne.pl\/index.php?rest_route=%2Fwp%2Fv2%2Ftags&post=26367"}],"curies":[{"name":"wp","href":"https:\/\/api.w.org\/{rel}","templated":true}]}}