{"id":26374,"date":"2022-09-28T16:53:15","date_gmt":"2022-09-28T14:53:15","guid":{"rendered":"http:\/\/info.sadowne.pl\/?p=26374"},"modified":"2022-09-28T16:53:15","modified_gmt":"2022-09-28T14:53:15","slug":"zegnamy-cie-druhu-jacku","status":"publish","type":"post","link":"https:\/\/info.sadowne.pl\/?p=26374","title":{"rendered":"\u017bEGNAMY CI\u0118 DRUHU JACKU,"},"content":{"rendered":"<p><strong><a href=\"http:\/\/info.sadowne.pl\/wp-content\/uploads\/2022\/09\/2022.09.28.1.jpg\"><img loading=\"lazy\" decoding=\"async\" class=\"alignleft size-thumbnail wp-image-26375\" src=\"http:\/\/info.sadowne.pl\/wp-content\/uploads\/2022\/09\/2022.09.28.1-180x130.jpg\" alt=\"\" width=\"180\" height=\"130\" \/><\/a>NASZEGO WSPANIA\u0141EGO SO\u0141TYSA I PREZESA, WSP\u00d3\u0141TOWARZYSZA\u00a0 I PRZYJACIELA.<\/strong><!--more--><\/p>\n<p><strong>22 wrze\u015bnia br. odprowadzili\u015bmy w ostatni\u0105 drog\u0119 druha Jacentego Biernata, so\u0142tysa wsi Wilczog\u0119by i wieloletniego prezesa Zarz\u0105du OSP w Wilczog\u0119bach.<\/strong><\/p>\n<p><strong>Jacenty Biernat zmar\u0142 18 wrze\u015bnia 2022 r. Urodzony 21 stycznia 1953 roku w Brzuzie, odk\u0105d tylko zamieszka\u0142 w Wilczog\u0119bach sta\u0142 si\u0119 aktywnym cz\u0142onkiem miejscowej spo\u0142eczno\u015bci wiejskiej i stra\u017cackiej. Ukoronowaniem jego zaanga\u017cowania w \u017cycie wiejskiej wsp\u00f3lnoty by\u0142o powierzenie mu funkcji so\u0142tysa. Do ko\u0144ca \u017cycia pe\u0142ni\u0142 ofiarn\u0105 s\u0142u\u017cb\u0119 na r\u00f3\u017cnych stanowiskach w miejscowej i gminnej OSP. Godnie i rzetelnie reprezentowa\u0142 Wilczog\u0119by na szczeblu gminy i powiatu.<\/strong><\/p>\n<p><strong>Dla swoich wsp\u00f3\u0142mieszka\u0144c\u00f3w i druh\u00f3w by\u0142 wzorem spo\u0142ecznika i stra\u017caka, oddanego swoim bli\u017anim i s\u0142u\u017cbie. Wzorowo wywi\u0105zywa\u0142 si\u0119 ze wszystkich powierzonych mu i podejmowanych przez siebie zada\u0144. Zostanie zapami\u0119tany jako wspania\u0142y cz\u0142owiek: pracowity, przedsi\u0119biorczy, odpowiedzialny, otwarty, kole\u017ce\u0144ski, ch\u0119tny udziela\u0107 pomocy wszystkim potrzebuj\u0105cym. By\u0142 te\u017c zawsze \u201edusz\u0105 towarzystwa\u201d, czy chodzi\u0142o o zabawy z r\u00f3wie\u015bnikami, czy dzie\u0107mi i m\u0142odzie\u017c\u0105. Wszystkim, kt\u00f3rzy Ci\u0119 znali b\u0119dzie Ci\u0119 bardzo brakowa\u0107.<\/strong><\/p>\n<p><strong> <a href=\"http:\/\/info.sadowne.pl\/wp-content\/uploads\/2022\/09\/2022.09.28.2.jpg\"><img loading=\"lazy\" decoding=\"async\" class=\"aligncenter size-full wp-image-26376\" src=\"http:\/\/info.sadowne.pl\/wp-content\/uploads\/2022\/09\/2022.09.28.2.jpg\" alt=\"\" width=\"603\" height=\"403\" srcset=\"https:\/\/info.sadowne.pl\/wp-content\/uploads\/2022\/09\/2022.09.28.2.jpg 603w, https:\/\/info.sadowne.pl\/wp-content\/uploads\/2022\/09\/2022.09.28.2-300x200.jpg 300w\" sizes=\"auto, (max-width: 603px) 100vw, 603px\" \/><\/a><\/strong><\/p>\n<p><strong>W ostatniej drodze druhowi Jackowi towarzyszyli: rodzina, w\u0142adze gminy Sadowne, stra\u017cacy z Wilczog\u0105b i poczty sztandarowe jednostek OSP w gminie Sadowne, przyjaciele i s\u0105siedzi, mieszka\u0144cy gminy Sadowne. <\/strong><\/p>\n<p><strong> <a href=\"http:\/\/info.sadowne.pl\/wp-content\/uploads\/2022\/09\/2022.09.28.3.jpg\"><img loading=\"lazy\" decoding=\"async\" class=\"aligncenter size-full wp-image-26377\" src=\"http:\/\/info.sadowne.pl\/wp-content\/uploads\/2022\/09\/2022.09.28.3.jpg\" alt=\"\" width=\"603\" height=\"403\" srcset=\"https:\/\/info.sadowne.pl\/wp-content\/uploads\/2022\/09\/2022.09.28.3.jpg 603w, https:\/\/info.sadowne.pl\/wp-content\/uploads\/2022\/09\/2022.09.28.3-300x200.jpg 300w\" sizes=\"auto, (max-width: 603px) 100vw, 603px\" \/><\/a><\/strong><\/p>\n<p><strong>Kondukt pogrzebowy od domu do ko\u015bcio\u0142a w Sadownem i dalej na cmentarz poprowadzi\u0142 i msz\u0119 \u015bw. celebrowa\u0142 ks. A. Kunicki. <\/strong><\/p>\n<p><strong> <a href=\"http:\/\/info.sadowne.pl\/wp-content\/uploads\/2022\/09\/2022.09.28.4.jpg\"><img loading=\"lazy\" decoding=\"async\" class=\"aligncenter size-full wp-image-26378\" src=\"http:\/\/info.sadowne.pl\/wp-content\/uploads\/2022\/09\/2022.09.28.4.jpg\" alt=\"\" width=\"603\" height=\"403\" srcset=\"https:\/\/info.sadowne.pl\/wp-content\/uploads\/2022\/09\/2022.09.28.4.jpg 603w, https:\/\/info.sadowne.pl\/wp-content\/uploads\/2022\/09\/2022.09.28.4-300x200.jpg 300w\" sizes=\"auto, (max-width: 603px) 100vw, 603px\" \/><\/a><\/strong><\/p>\n<p><strong>W ko\u015bciele w\u00f3jt gminy Sadowne W. Cyran wyg\u0142osi\u0142 wspomnienie o Jacentym Biernacie. Obecny prezes OSP Wilczog\u0119by A. Szczechura po\u017cegna\u0142 druha Jacka od jego druhen i druh\u00f3w z Jednostki, kt\u00f3rej wiele lat przewodzi\u0142. A siostrzenica Agnieszka odczyta\u0142a wiersz napisany przez siostr\u0119 Jacka Alin\u0119. W czasie pogrzebu kilkakrotnie zabrzmia\u0142y syreny alarmowe stra\u017cak\u00f3w w Wilczog\u0119bach i Sadownem.<\/strong><\/p>\n<p><strong> <a href=\"http:\/\/info.sadowne.pl\/wp-content\/uploads\/2022\/09\/2022.09.28.5.jpg\"><img loading=\"lazy\" decoding=\"async\" class=\"aligncenter size-full wp-image-26379\" src=\"http:\/\/info.sadowne.pl\/wp-content\/uploads\/2022\/09\/2022.09.28.5.jpg\" alt=\"\" width=\"603\" height=\"403\" srcset=\"https:\/\/info.sadowne.pl\/wp-content\/uploads\/2022\/09\/2022.09.28.5.jpg 603w, https:\/\/info.sadowne.pl\/wp-content\/uploads\/2022\/09\/2022.09.28.5-300x200.jpg 300w\" sizes=\"auto, (max-width: 603px) 100vw, 603px\" \/><\/a><\/strong><\/p>\n<p><strong>Dzisiaj nie ma Ci\u0119 ju\u017c w\u015br\u00f3d nas, ale jeste\u015bmy pewni, \u017ce w \u201eniebieskich\u201d zast\u0119pach b\u0119dziesz kontynuowa\u0107 swoj\u0105 wiern\u0105 s\u0142u\u017cb\u0119 u \u015bw. Floriana, tym razem pod jego bezpo\u015bredni\u0105 komend\u0105.<\/strong><\/p>\n<p><strong>\u0141\u0105czymy si\u0119 w b\u00f3lu i \u017calu po Twoim odej\u015bciu z Twoimi bliskimi: \u017con\u0105 Jadwig\u0105, c\u00f3rk\u0105 Agat\u0105, synami \u0141ukaszem i Rados\u0142awem, synow\u0105 Dorot\u0105, wnuczk\u0105 i wnukami.<\/strong><\/p>\n<p><strong>Pok\u00f3j Twojej duszy<\/strong><\/p>\n<p><strong>\u00a0 \u00a0 \u00a0 \u00a0 \u00a0 \u00a0 \u00a0 \u00a0 \u00a0 \u00a0 \u00a0 \u00a0 \u00a0 \u00a0 \u00a0 \u00a0 \u00a0 DRUHNY I DRUHOWIE Z OSP WILCZOG\u0118BY<\/strong><\/p>\n<p>&nbsp;<\/p>\n","protected":false},"excerpt":{"rendered":"<p>NASZEGO WSPANIA\u0141EGO SO\u0141TYSA I PREZESA, WSP\u00d3\u0141TOWARZYSZA\u00a0 I PRZYJACIELA.<\/p>\n","protected":false},"author":1,"featured_media":0,"comment_status":"closed","ping_status":"closed","sticky":false,"template":"","format":"standard","meta":{"footnotes":""},"categories":[5,2397,4,267],"tags":[3833,3095,3834,760],"class_list":["post-26374","post","type-post","status-publish","format-standard","hentry","category-newsy","category-osp-wilczogeby","category-policja-straz-pozarna-pogotowie-ratunkowe","category-straz-pozarna-policja-straz-pozarna-pogotowie-ratunkowe","tag-jacenty-biernat","tag-osp-wilczogeby","tag-ostatnie-pozegnanie","tag-uroczystosci-pogrzebowe"],"views":2726,"_links":{"self":[{"href":"https:\/\/info.sadowne.pl\/index.php?rest_route=\/wp\/v2\/posts\/26374","targetHints":{"allow":["GET"]}}],"collection":[{"href":"https:\/\/info.sadowne.pl\/index.php?rest_route=\/wp\/v2\/posts"}],"about":[{"href":"https:\/\/info.sadowne.pl\/index.php?rest_route=\/wp\/v2\/types\/post"}],"author":[{"embeddable":true,"href":"https:\/\/info.sadowne.pl\/index.php?rest_route=\/wp\/v2\/users\/1"}],"replies":[{"embeddable":true,"href":"https:\/\/info.sadowne.pl\/index.php?rest_route=%2Fwp%2Fv2%2Fcomments&post=26374"}],"version-history":[{"count":1,"href":"https:\/\/info.sadowne.pl\/index.php?rest_route=\/wp\/v2\/posts\/26374\/revisions"}],"predecessor-version":[{"id":26380,"href":"https:\/\/info.sadowne.pl\/index.php?rest_route=\/wp\/v2\/posts\/26374\/revisions\/26380"}],"wp:attachment":[{"href":"https:\/\/info.sadowne.pl\/index.php?rest_route=%2Fwp%2Fv2%2Fmedia&parent=26374"}],"wp:term":[{"taxonomy":"category","embeddable":true,"href":"https:\/\/info.sadowne.pl\/index.php?rest_route=%2Fwp%2Fv2%2Fcategories&post=26374"},{"taxonomy":"post_tag","embeddable":true,"href":"https:\/\/info.sadowne.pl\/index.php?rest_route=%2Fwp%2Fv2%2Ftags&post=26374"}],"curies":[{"name":"wp","href":"https:\/\/api.w.org\/{rel}","templated":true}]}}