{"id":26389,"date":"2022-10-01T10:59:37","date_gmt":"2022-10-01T08:59:37","guid":{"rendered":"http:\/\/info.sadowne.pl\/?p=26389"},"modified":"2022-10-01T10:59:37","modified_gmt":"2022-10-01T08:59:37","slug":"sadowne-zszyte-z-tradycja-2","status":"publish","type":"post","link":"https:\/\/info.sadowne.pl\/?p=26389","title":{"rendered":"Sadowne zszyte z tradycj\u0105.."},"content":{"rendered":"<p><strong><a href=\"http:\/\/info.sadowne.pl\/wp-content\/uploads\/2022\/10\/2022.10.01.1.jpg\"><img loading=\"lazy\" decoding=\"async\" class=\"alignleft size-thumbnail wp-image-26390\" src=\"http:\/\/info.sadowne.pl\/wp-content\/uploads\/2022\/10\/2022.10.01.1-180x130.jpg\" alt=\"\" width=\"180\" height=\"130\" \/><\/a>Serdecznie zapraszamy wszystkich na podsumowanie projektu pn. &#8222;Sadowne zszyte z tradycj\u0105&#8221;, podczas kt\u00f3rego odb\u0119dzie si\u0119 prezentacja uszytych stroj\u00f3w, oraz wernisa\u017c ju\u017c XXII Pleneru Malarskiego im. E. Hermana.\u00a0<\/strong><!--more--><\/p>\n<p><a href=\"http:\/\/info.sadowne.pl\/wp-content\/uploads\/2022\/10\/2022.10.01.1.jpg\"><img loading=\"lazy\" decoding=\"async\" class=\"aligncenter size-full wp-image-26390\" src=\"http:\/\/info.sadowne.pl\/wp-content\/uploads\/2022\/10\/2022.10.01.1.jpg\" alt=\"\" width=\"608\" height=\"860\" srcset=\"https:\/\/info.sadowne.pl\/wp-content\/uploads\/2022\/10\/2022.10.01.1.jpg 608w, https:\/\/info.sadowne.pl\/wp-content\/uploads\/2022\/10\/2022.10.01.1-212x300.jpg 212w\" sizes=\"auto, (max-width: 608px) 100vw, 608px\" \/><\/a><\/p>\n<p><strong>\u0179r\u00f3d\u0142o: <span style=\"color: #0000ff;\"><a style=\"color: #0000ff;\" href=\"https:\/\/gok.sadowne.pl\/\" target=\"_blank\" rel=\"noopener\">https:\/\/gok.sadowne.pl\/<\/a><\/span><\/strong><\/p>\n","protected":false},"excerpt":{"rendered":"<p>Serdecznie zapraszamy wszystkich na podsumowanie projektu pn. &#8222;Sadowne zszyte z tradycj\u0105&#8221;, podczas kt\u00f3rego odb\u0119dzie si\u0119 prezentacja uszytych stroj\u00f3w, oraz wernisa\u017c ju\u017c XXII Pleneru Malarskiego im. E. Hermana.\u00a0<\/p>\n","protected":false},"author":1,"featured_media":0,"comment_status":"closed","ping_status":"closed","sticky":false,"template":"","format":"standard","meta":{"footnotes":""},"categories":[5,91,6],"tags":[169,3837,2813,3838],"class_list":["post-26389","post","type-post","status-publish","format-standard","hentry","category-newsy","category-gminny-osrodek-kultury","category-kultura-rozrywka-edukacja","tag-gminny-osrodek-kultury-w-sadownem","tag-projekt-sadowne-zszyte-z-tradycja","tag-wernisaz-poplenerowy","tag-xxii-plener-malarski-im-edwarda-hermana-w-sadownem"],"views":1723,"_links":{"self":[{"href":"https:\/\/info.sadowne.pl\/index.php?rest_route=\/wp\/v2\/posts\/26389","targetHints":{"allow":["GET"]}}],"collection":[{"href":"https:\/\/info.sadowne.pl\/index.php?rest_route=\/wp\/v2\/posts"}],"about":[{"href":"https:\/\/info.sadowne.pl\/index.php?rest_route=\/wp\/v2\/types\/post"}],"author":[{"embeddable":true,"href":"https:\/\/info.sadowne.pl\/index.php?rest_route=\/wp\/v2\/users\/1"}],"replies":[{"embeddable":true,"href":"https:\/\/info.sadowne.pl\/index.php?rest_route=%2Fwp%2Fv2%2Fcomments&post=26389"}],"version-history":[{"count":1,"href":"https:\/\/info.sadowne.pl\/index.php?rest_route=\/wp\/v2\/posts\/26389\/revisions"}],"predecessor-version":[{"id":26391,"href":"https:\/\/info.sadowne.pl\/index.php?rest_route=\/wp\/v2\/posts\/26389\/revisions\/26391"}],"wp:attachment":[{"href":"https:\/\/info.sadowne.pl\/index.php?rest_route=%2Fwp%2Fv2%2Fmedia&parent=26389"}],"wp:term":[{"taxonomy":"category","embeddable":true,"href":"https:\/\/info.sadowne.pl\/index.php?rest_route=%2Fwp%2Fv2%2Fcategories&post=26389"},{"taxonomy":"post_tag","embeddable":true,"href":"https:\/\/info.sadowne.pl\/index.php?rest_route=%2Fwp%2Fv2%2Ftags&post=26389"}],"curies":[{"name":"wp","href":"https:\/\/api.w.org\/{rel}","templated":true}]}}