{"id":26408,"date":"2022-10-06T13:24:53","date_gmt":"2022-10-06T11:24:53","guid":{"rendered":"http:\/\/info.sadowne.pl\/?p=26408"},"modified":"2022-10-06T13:24:53","modified_gmt":"2022-10-06T11:24:53","slug":"z-kuskowizny-broku-podducza","status":"publish","type":"post","link":"https:\/\/info.sadowne.pl\/?p=26408","title":{"rendered":"Z KUSKOWIZNY, BROKU-PODDUCZA,"},"content":{"rendered":"<p><strong data-wp-editing=\"1\"><a href=\"http:\/\/info.sadowne.pl\/wp-content\/uploads\/2022\/07\/Brok88.jpg\"><img loading=\"lazy\" decoding=\"async\" class=\"alignleft size-thumbnail wp-image-26208\" src=\"http:\/\/info.sadowne.pl\/wp-content\/uploads\/2022\/07\/Brok88-180x130.jpg\" alt=\"\" width=\"180\" height=\"130\" \/><\/a>\u2026KACZKOWA STAREGO I NOWEGO NA PRZYMUSOWE ROBOTY DO NIEMIEC.<\/strong><!--more--><\/p>\n<p>To kolejne wspomnienia z kilkudziesi\u0119ciu zebranych i opracowanych przez\u00a0<strong>Jadwig\u0119 Sadowsk\u0105 (absolwentka LO w Sadownem) i Alin\u0119 Wierzbick\u0105<\/strong>\u00a0w ksi\u0105\u017cce\u00a0<strong><em>Wojna 1939-1945 we wspomnieniach mieszka\u0144c\u00f3w Ostrowi Mazowieckiej i okolic<\/em><\/strong>, wydanej w roku 2019 przez\u00a0<strong>Miejsk\u0105 Bibliotek\u0119 Publiczn\u0105 im. Marii D\u0105browskiej w Ostrowi Mazowieckiej<\/strong>.<\/p>\n<p>W czasie wojny 1939-1945 wys\u0142ano z Polski do Niemiec na przymusowe roboty ok. 2 miliony m\u0142odych ludzi, cz\u0119sto nawet 15-16-letnich. Poni\u017cej zamieszczono 6 relacji os\u00f3b (lub ich bliskich), kt\u00f3re w okresie wojny by\u0142y wys\u0142ane na takie roboty. Osoby ze wsi by\u0142y kierowane do prac domowych i polowych w Niemczech. Szczeg\u00f3lnie interesuj\u0105ce jest tu wspomnienie Czes\u0142awy Grabowskiej z Kuskowizny (z domu Bednarczyk), kt\u00f3ra opisuje dok\u0142adnie, jak odbywa\u0142a si\u0119 podr\u00f3\u017c, jak byli \u201ewybierani\u201d przez czekaj\u0105cych na dworcu Niemc\u00f3w, co robili u niemieckich gospodarzy, jak wr\u00f3cili. Przymusowymi robotnikami byli te\u017c je\u0144cy wojenni, m\u0119\u017cczy\u017ani, kt\u00f3rzy dostali si\u0119 do niewoli w czasie kampanii wrze\u015bniowej.<\/p>\n<p>Wi\u0119cej na stronie <strong><span style=\"color: #0000ff;\"><a style=\"color: #0000ff;\" href=\"https:\/\/madzelan.cba.pl\/z-kuskowizny-broku-podducza-kaczkowa-starego-i-nowego-na-przymusowe-roboty-do-niemiec\/\" target=\"_blank\" rel=\"noopener\">https:\/\/madzelan.cba.pl\/z-kuskowizny-broku-podducza-kaczkowa-starego-i-nowego-na-przymusowe-roboty-do-niemiec\/<\/a><\/span><\/strong><\/p>\n","protected":false},"excerpt":{"rendered":"<p>\u2026KACZKOWA STAREGO I NOWEGO NA PRZYMUSOWE ROBOTY DO NIEMIEC.<\/p>\n","protected":false},"author":1,"featured_media":0,"comment_status":"closed","ping_status":"closed","sticky":false,"template":"","format":"standard","meta":{"footnotes":""},"categories":[5,3436,31],"tags":[3845,3844,3004,3846,3809],"class_list":["post-26408","post","type-post","status-publish","format-standard","hentry","category-newsy","category-opowiesci-historie-legendy-brokowskie-i-nie-tylko","category-historia-gminy","tag-alina-wierzbicka","tag-jadwiga-sadowska","tag-jerzy-madzelan","tag-miejska-biblioteka-publiczna-im-marii-dabrowskiej-w-ostrowi-mazowieckiej","tag-wojna-1939-1945-we-wspomnieniach-mieszkancow-ostrowi-mazowieckiej-i-okolic"],"views":1655,"_links":{"self":[{"href":"https:\/\/info.sadowne.pl\/index.php?rest_route=\/wp\/v2\/posts\/26408","targetHints":{"allow":["GET"]}}],"collection":[{"href":"https:\/\/info.sadowne.pl\/index.php?rest_route=\/wp\/v2\/posts"}],"about":[{"href":"https:\/\/info.sadowne.pl\/index.php?rest_route=\/wp\/v2\/types\/post"}],"author":[{"embeddable":true,"href":"https:\/\/info.sadowne.pl\/index.php?rest_route=\/wp\/v2\/users\/1"}],"replies":[{"embeddable":true,"href":"https:\/\/info.sadowne.pl\/index.php?rest_route=%2Fwp%2Fv2%2Fcomments&post=26408"}],"version-history":[{"count":1,"href":"https:\/\/info.sadowne.pl\/index.php?rest_route=\/wp\/v2\/posts\/26408\/revisions"}],"predecessor-version":[{"id":26409,"href":"https:\/\/info.sadowne.pl\/index.php?rest_route=\/wp\/v2\/posts\/26408\/revisions\/26409"}],"wp:attachment":[{"href":"https:\/\/info.sadowne.pl\/index.php?rest_route=%2Fwp%2Fv2%2Fmedia&parent=26408"}],"wp:term":[{"taxonomy":"category","embeddable":true,"href":"https:\/\/info.sadowne.pl\/index.php?rest_route=%2Fwp%2Fv2%2Fcategories&post=26408"},{"taxonomy":"post_tag","embeddable":true,"href":"https:\/\/info.sadowne.pl\/index.php?rest_route=%2Fwp%2Fv2%2Ftags&post=26408"}],"curies":[{"name":"wp","href":"https:\/\/api.w.org\/{rel}","templated":true}]}}