{"id":26433,"date":"2022-10-09T20:02:21","date_gmt":"2022-10-09T18:02:21","guid":{"rendered":"http:\/\/info.sadowne.pl\/?p=26433"},"modified":"2022-10-14T18:45:33","modified_gmt":"2022-10-14T16:45:33","slug":"niedzielne-spotkanie-w-sadownem","status":"publish","type":"post","link":"https:\/\/info.sadowne.pl\/?p=26433","title":{"rendered":"Niedzielne spotkanie w Sadownem"},"content":{"rendered":"<p><a href=\"http:\/\/info.sadowne.pl\/wp-content\/uploads\/2022\/10\/2022.10.09.1.jpg\" target=\"_blank\" rel=\"noopener\"><img loading=\"lazy\" decoding=\"async\" class=\"alignleft wp-image-26434 size-thumbnail\" src=\"http:\/\/info.sadowne.pl\/wp-content\/uploads\/2022\/10\/2022.10.09.1-180x130.jpg\" alt=\"\" width=\"180\" height=\"130\" \/><\/a><strong>W niedzielne popo\u0142udnie 9 pa\u017adziernika w Sali OSP Sadowne odby\u0142o si\u0119 spotkanie, kt\u00f3re zorganizowa\u0142 Gminny O\u015brodek Kultury w Sadownem.<\/strong><!--more--><\/p>\n<p><em>&#8211; Zaplanowali\u015bmy trzy punkty programu: podsumowanie projektu pn. \u201eSadowne zszyte z tradycj\u0105\u201d i prezentacj\u0119 stroj\u00f3w uszytych w ramach projektu, wernisa\u017c poplenerowy XXII Pleneru Malarskiego im. Edwarda Hermana, kt\u00f3ry trwa\u0142 na terenie gminy Sadowne od 3 pa\u017adziernika br., oraz wyst\u0119p naszego Zespo\u0142u \u015apiewaczego \u201eSadowianki<\/em>\u201d, <em>kt\u00f3ry ju\u017c Pa\u0144stwo dobrze znacie i jest z nami od pi\u0119\u0107dziesi\u0119ciu lat<\/em> \u2013 na pocz\u0105tku spotkania poinformowa\u0142a p. Dyrektor GOK w Sadownem Ewa Pi\u00f3rkowska. I taki te\u017c przebieg mia\u0142a ta impreza.<\/p>\n<p>Mieli\u015bmy okazj\u0119 obejrze\u0107 pokaz stroj\u00f3w powsta\u0142ych w ramach projektu pn. \u201eSadowne zszyte z tradycj\u0105\u201d, realizowanego w ramach programu EtnoPolska. Edycja 2022 ze \u015brodk\u00f3w finansowych Narodowego Centrum Kultury. Stroje zaprezentowali na wybiegu sami ich tw\u00f3rcy. Nast\u0119pnie przedstawiono uczestnik\u00f3w Pleneru Malarskiego, a tak\u017ce mo\u017cna by\u0142o obejrze\u0107 wystaw\u0119 ich prac. Organizatorzy spotkania podzi\u0119kowali osobom wspomagaj\u0105cym dzia\u0142ania GOK specjalnie przygotowanymi na t\u0119 okazj\u0119 statuetkami.<\/p>\n<p>Spotkanie u\u015bwietni\u0142 swoim wyst\u0119pem Zesp\u00f3\u0142 \u201eSadowianki\u201d, a na zako\u0144czenie mo\u017cna by\u0142o wymieni\u0107 pogl\u0105dy i zaplanowa\u0107 kolejne dzia\u0142ania przy kawie, herbacie oraz pocz\u0119stunku przygotowanym przez pracownik\u00f3w Gminnego O\u015brodka Kultury w Sadownem (wi\u0119cej o projekcie i plenerze mo\u017cna znale\u017a\u0107 na stronie GOK w Sadownem).<\/p>\n<p><span style=\"color: #0000ff;\"><a style=\"color: #0000ff;\" href=\"https:\/\/photos.app.goo.gl\/JWLDM7BLt6Ey9Bo8A\" target=\"_blank\" rel=\"noopener\"><strong>Fotorelacja ze spotkania&gt;&gt;&gt;<\/strong><\/a><\/span><\/p>\n<p><strong>Tekst\/foto:<\/strong> S\u0142awek Chyli\u0144ski<\/p>\n","protected":false},"excerpt":{"rendered":"<p>W niedzielne popo\u0142udnie 9 pa\u017adziernika w Sali OSP Sadowne odby\u0142o si\u0119 spotkanie, kt\u00f3re zorganizowa\u0142 Gminny O\u015brodek Kultury w Sadownem.<\/p>\n","protected":false},"author":1,"featured_media":0,"comment_status":"closed","ping_status":"closed","sticky":false,"template":"","format":"standard","meta":{"footnotes":""},"categories":[5,91,6],"tags":[169,3849,3837,3838],"class_list":["post-26433","post","type-post","status-publish","format-standard","hentry","category-newsy","category-gminny-osrodek-kultury","category-kultura-rozrywka-edukacja","tag-gminny-osrodek-kultury-w-sadownem","tag-ludowy-zespol-spiewaczy-sadowianki","tag-projekt-sadowne-zszyte-z-tradycja","tag-xxii-plener-malarski-im-edwarda-hermana-w-sadownem"],"views":2504,"_links":{"self":[{"href":"https:\/\/info.sadowne.pl\/index.php?rest_route=\/wp\/v2\/posts\/26433","targetHints":{"allow":["GET"]}}],"collection":[{"href":"https:\/\/info.sadowne.pl\/index.php?rest_route=\/wp\/v2\/posts"}],"about":[{"href":"https:\/\/info.sadowne.pl\/index.php?rest_route=\/wp\/v2\/types\/post"}],"author":[{"embeddable":true,"href":"https:\/\/info.sadowne.pl\/index.php?rest_route=\/wp\/v2\/users\/1"}],"replies":[{"embeddable":true,"href":"https:\/\/info.sadowne.pl\/index.php?rest_route=%2Fwp%2Fv2%2Fcomments&post=26433"}],"version-history":[{"count":5,"href":"https:\/\/info.sadowne.pl\/index.php?rest_route=\/wp\/v2\/posts\/26433\/revisions"}],"predecessor-version":[{"id":26446,"href":"https:\/\/info.sadowne.pl\/index.php?rest_route=\/wp\/v2\/posts\/26433\/revisions\/26446"}],"wp:attachment":[{"href":"https:\/\/info.sadowne.pl\/index.php?rest_route=%2Fwp%2Fv2%2Fmedia&parent=26433"}],"wp:term":[{"taxonomy":"category","embeddable":true,"href":"https:\/\/info.sadowne.pl\/index.php?rest_route=%2Fwp%2Fv2%2Fcategories&post=26433"},{"taxonomy":"post_tag","embeddable":true,"href":"https:\/\/info.sadowne.pl\/index.php?rest_route=%2Fwp%2Fv2%2Ftags&post=26433"}],"curies":[{"name":"wp","href":"https:\/\/api.w.org\/{rel}","templated":true}]}}