{"id":26440,"date":"2022-10-13T16:11:40","date_gmt":"2022-10-13T14:11:40","guid":{"rendered":"http:\/\/info.sadowne.pl\/?p=26440"},"modified":"2022-10-13T16:11:40","modified_gmt":"2022-10-13T14:11:40","slug":"dzien-nauczyciela-w-zsp-sadowne","status":"publish","type":"post","link":"https:\/\/info.sadowne.pl\/?p=26440","title":{"rendered":"Dzie\u0144 Nauczyciela w ZSP Sadowne"},"content":{"rendered":"<p><strong><a href=\"http:\/\/info.sadowne.pl\/wp-content\/uploads\/2022\/10\/2022.10.13.1.jpg\" target=\"_blank\" rel=\"noopener\"><img loading=\"lazy\" decoding=\"async\" class=\"alignleft wp-image-26441 size-thumbnail\" src=\"http:\/\/info.sadowne.pl\/wp-content\/uploads\/2022\/10\/2022.10.13.1-180x130.jpg\" alt=\"\" width=\"180\" height=\"130\" \/><\/a>13 pa\u017adziernika w sadowie\u0144skim Zespole Szk\u00f3\u0142 Ponadpodstawowych odby\u0142a si\u0119 uroczysto\u015b\u0107 z okazji Dnia Edukacji Narodowej.<\/strong><!--more--><\/p>\n<p>Uroczysto\u015b\u0107 rozpocz\u0119to wprowadzeniem sztandaru Szko\u0142y i od\u015bpiewaniem hymnu pa\u0144stwowego. Przyby\u0142ych powita\u0142 Dyrektor Zespo\u0142u Szk\u00f3\u0142 Ponadpodstawowych w Sadownem p. S\u0142awomir Ryszawa, jednocze\u015bnie przekazuj\u0105c w swoim imieniu i Organu Prowadz\u0105cego najserdeczniejsze \u017cyczenia bohaterom tej uroczysto\u015bci: nauczycielom, pracownikom Szko\u0142y i jej emerytom.<\/p>\n<p>Dyrektor Ryszawa odczyta\u0142 te\u017c \u017cyczenia przes\u0142ane przez p. Senator Mari\u0119 Koc i Dyrektora Delegatury w Siedlcach Kuratorium O\u015bwiaty w Warszawie p. Adama Skupa. Jak stwierdzi\u0142, Dzie\u0144 Edukacji Narodowej jest te\u017c okazj\u0105 do wyr\u00f3\u017cnienia nauczycieli za ich prac\u0119 i osi\u0105gni\u0119cia \u2013 w dniu wczorajszym, podczas uroczysto\u015bci w Starostwie Powiatowym w W\u0119growie nagrod\u0119 otrzyma\u0142 nauczyciel ZSP w Sadownem p. Mariusz W\u00f3jcik, natomiast podczas dzisiejszej uroczysto\u015bci nagrod\u0119 Dyrektora Szko\u0142y otrzymali nast\u0119puj\u0105cy pedagodzy, pp.: Kamil Kie\u0142ek, El\u017cbieta Derna\u0142owicz, Magdalena Figo\u0144, Beata Bodzon, Miros\u0142awa Renik, Marta Osman, Maria Dobies i Ireneusz Zy\u015bk.<\/p>\n<p>Uczniowie r\u00f3wnie\u017c przygotowali podzi\u0119kowania dla pracownik\u00f3w szko\u0142y i emeryt\u00f3w. Opr\u00f3cz zabawnej, tematycznej cz\u0119\u015bci artystycznej pn. \u201eKursokonferencja\u201d, ka\u017cdy ze \u015bwi\u0119tuj\u0105cych otrzyma\u0142 symboliczn\u0105 r\u00f3\u017cyczk\u0119 i indywidualne \u017cyczenia. Na zako\u0144czenie uroczysto\u015bci zabra\u0142 r\u00f3wnie\u017c g\u0142os p. Krzysztof K\u0105dziela, emerytowany nauczyciel ZSP, wspominaj\u0105c w kilku zdaniach by\u0142\u0105 kadr\u0119 pedagogiczn\u0105 oraz absolwent\u00f3w, tworz\u0105cych wsp\u00f3lnie zgrane \u015brodowisko szkolne.<\/p>\n<p>Uczniowie Technikum \u017bywienia i Us\u0142ug Gastronomicznych zaprosili go\u015bci i pracownik\u00f3w Szko\u0142y do siebie na spotkanie przy kawie oraz pysznych dodatkach. Dzi\u0119kujemy za mi\u0142e spotkanie\u2026<\/p>\n<p><span style=\"color: #0000ff;\"><a style=\"color: #0000ff;\" href=\"https:\/\/photos.app.goo.gl\/mKay7W9bpb7RXnif9\" target=\"_blank\" rel=\"noopener\"><strong>Zdj\u0119cia w galerii Google&gt;&gt;&gt;<\/strong><\/a><\/span><\/p>\n<p><strong>Tekst\/foto:<\/strong> S\u0142awek Chyli\u0144ski<\/p>\n","protected":false},"excerpt":{"rendered":"<p>13 pa\u017adziernika w sadowie\u0144skim Zespole Szk\u00f3\u0142 Ponadpodstawowych odby\u0142a si\u0119 uroczysto\u015b\u0107 z okazji Dnia Edukacji Narodowej.<\/p>\n","protected":false},"author":1,"featured_media":0,"comment_status":"closed","ping_status":"closed","sticky":false,"template":"","format":"standard","meta":{"footnotes":""},"categories":[5,1752,85],"tags":[3851,255,3197],"class_list":["post-26440","post","type-post","status-publish","format-standard","hentry","category-newsy","category-edukacja","category-zsp","tag-dzien-edukacji-narodowej-w-zsp-sadowne","tag-slawomir-ryszawa","tag-zespol-szkol-ponadpodstawowych-w-sadownem"],"views":2265,"_links":{"self":[{"href":"https:\/\/info.sadowne.pl\/index.php?rest_route=\/wp\/v2\/posts\/26440","targetHints":{"allow":["GET"]}}],"collection":[{"href":"https:\/\/info.sadowne.pl\/index.php?rest_route=\/wp\/v2\/posts"}],"about":[{"href":"https:\/\/info.sadowne.pl\/index.php?rest_route=\/wp\/v2\/types\/post"}],"author":[{"embeddable":true,"href":"https:\/\/info.sadowne.pl\/index.php?rest_route=\/wp\/v2\/users\/1"}],"replies":[{"embeddable":true,"href":"https:\/\/info.sadowne.pl\/index.php?rest_route=%2Fwp%2Fv2%2Fcomments&post=26440"}],"version-history":[{"count":1,"href":"https:\/\/info.sadowne.pl\/index.php?rest_route=\/wp\/v2\/posts\/26440\/revisions"}],"predecessor-version":[{"id":26442,"href":"https:\/\/info.sadowne.pl\/index.php?rest_route=\/wp\/v2\/posts\/26440\/revisions\/26442"}],"wp:attachment":[{"href":"https:\/\/info.sadowne.pl\/index.php?rest_route=%2Fwp%2Fv2%2Fmedia&parent=26440"}],"wp:term":[{"taxonomy":"category","embeddable":true,"href":"https:\/\/info.sadowne.pl\/index.php?rest_route=%2Fwp%2Fv2%2Fcategories&post=26440"},{"taxonomy":"post_tag","embeddable":true,"href":"https:\/\/info.sadowne.pl\/index.php?rest_route=%2Fwp%2Fv2%2Ftags&post=26440"}],"curies":[{"name":"wp","href":"https:\/\/api.w.org\/{rel}","templated":true}]}}