{"id":26443,"date":"2022-10-13T16:00:15","date_gmt":"2022-10-13T14:00:15","guid":{"rendered":"http:\/\/info.sadowne.pl\/?p=26443"},"modified":"2022-10-13T17:12:54","modified_gmt":"2022-10-13T15:12:54","slug":"o-swiecie-lasu","status":"publish","type":"post","link":"https:\/\/info.sadowne.pl\/?p=26443","title":{"rendered":"O \u015awi\u0119cie Lasu,"},"content":{"rendered":"<p><strong><a href=\"http:\/\/info.sadowne.pl\/wp-content\/uploads\/2022\/10\/Brok98.jpg\" target=\"_blank\" rel=\"noopener\"><img loading=\"lazy\" decoding=\"async\" class=\"alignleft wp-image-26444 size-thumbnail\" src=\"http:\/\/info.sadowne.pl\/wp-content\/uploads\/2022\/10\/Brok98-180x130.jpg\" alt=\"\" width=\"180\" height=\"130\" \/><\/a>\u2026o pochodzeniu Kurpi\u00f3w od Rzymian oraz o okrutnym morderstwie pod Ma\u0142kini\u0105 i szybkim wykryciu sprawc\u00f3w.<\/strong><!--more--><\/p>\n<p>Witam czytelnik\u00f3w okrzykami Darzb\u00f3r!, Grajmy w zielone!, czyli w spos\u00f3b typowy dla ludzi lasu, bo to opracowanie po\u015bwi\u0119cone g\u0142\u00f3wnie lasom, cho\u0107, aby nie by\u0107 nazbyt monotematycznym, zahacz\u0119 i o inne tematy. 29 kwietnia 1933 r. po raz pierwszy obchodzono w Polsce \u201e\u015awi\u0119to Lasu\u201d. Obchodzono uroczy\u015bcie w nadziei, i\u017c data ta zapisze si\u0119 z\u0142otymi zg\u0142oskami nie tylko w historii polskiego le\u015bnictwa, ale i w pami\u0119ci spo\u0142ecze\u0144stwa. Zwykle takie uroczysto\u015bci ograniczaj\u0105 si\u0119 do nabo\u017ce\u0144stwa odprawionego w jakiej\u015b intencji, przem\u00f3wie\u0144 oraz serii ciekawych lub nudnawych odczyt\u00f3w, a na koniec pod\u0142ug zas\u0142ug i rozdzielnika s\u0105 kwiaty, dyplomy, kilka medali\u2026 i do zobaczenia za rok. W tym wypadku by\u0142a msza w warszawskim ko\u015bciele \u015bw. Krzy\u017ca, zgromadzona za\u015b w sali kina Colloseum dostojna publiczno\u015b\u0107, z cierpliwo\u015bci\u0105 wys\u0142ucha\u0142a, co tam kto\u015b mia\u0142 do powiedzenia. By\u0142y kwiaty, medale\u2026 to jednak nie wszystko. Akurat to \u015bwi\u0119to przyj\u0119to w ca\u0142ej Polsce ze spor\u0105 \u017cyczliwo\u015bci\u0105, gdy\u017c by\u0142 to rodzaj maj\u00f3wki: \u201eA wi\u0119c szablon od pierwszego \u015awi\u0119ta Lasu \u2013 ten sam, obejmuj\u0105cy przem\u00f3wienie powitalne, nabo\u017ce\u0144stwa, tam gdzie to jest mo\u017cliwym, maj\u00f3wki i zabawy w lesie, b\u0105d\u017a w salach w razie deszczu, odczyty, no i symboliczne sadzenie lasu. Jest to szablon \u015bwi\u0119towania, z kt\u00f3rego dla m\u0142odzie\u017cy p\u0142ynie du\u017co rado\u015bci, odrobin\u0119 wiadomo\u015bci z nie zawsze s\u0142uchanego i nie zawsze dostosowanego do poziomu s\u0142uchaczy odczytu\u201d.<\/p>\n<p><strong>Wi\u0119cej na stronie <span style=\"color: #0000ff;\"><a style=\"color: #0000ff;\" href=\"https:\/\/madzelan.cba.pl\/o-swiecie-lasu-o-pochodzeniu-kurpiow-od-rzymian-oraz-o-okrutnym-morderstwie-pod-malkinia-i-szybkim-wykryciu-sprawcow\/\" target=\"_blank\" rel=\"noopener\">https:\/\/madzelan.cba.pl\/o-swiecie-lasu-o-pochodzeniu-kurpiow-od-rzymian-oraz-o-okrutnym-morderstwie-pod-malkinia-i-szybkim-wykryciu-sprawcow\/<\/a><\/span><\/strong><\/p>\n","protected":false},"excerpt":{"rendered":"<p>\u2026o pochodzeniu Kurpi\u00f3w od Rzymian oraz o okrutnym morderstwie pod Ma\u0142kini\u0105 i szybkim wykryciu sprawc\u00f3w.<\/p>\n","protected":false},"author":1,"featured_media":0,"comment_status":"closed","ping_status":"closed","sticky":false,"template":"","format":"standard","meta":{"footnotes":""},"categories":[5,3436,31],"tags":[101,3004,2956],"class_list":["post-26443","post","type-post","status-publish","format-standard","hentry","category-newsy","category-opowiesci-historie-legendy-brokowskie-i-nie-tylko","category-historia-gminy","tag-historia-gminy-sadowne","tag-jerzy-madzelan","tag-opowiesci-historie-legendy-brokowskie-i-nie-tylko"],"views":1812,"_links":{"self":[{"href":"https:\/\/info.sadowne.pl\/index.php?rest_route=\/wp\/v2\/posts\/26443","targetHints":{"allow":["GET"]}}],"collection":[{"href":"https:\/\/info.sadowne.pl\/index.php?rest_route=\/wp\/v2\/posts"}],"about":[{"href":"https:\/\/info.sadowne.pl\/index.php?rest_route=\/wp\/v2\/types\/post"}],"author":[{"embeddable":true,"href":"https:\/\/info.sadowne.pl\/index.php?rest_route=\/wp\/v2\/users\/1"}],"replies":[{"embeddable":true,"href":"https:\/\/info.sadowne.pl\/index.php?rest_route=%2Fwp%2Fv2%2Fcomments&post=26443"}],"version-history":[{"count":1,"href":"https:\/\/info.sadowne.pl\/index.php?rest_route=\/wp\/v2\/posts\/26443\/revisions"}],"predecessor-version":[{"id":26445,"href":"https:\/\/info.sadowne.pl\/index.php?rest_route=\/wp\/v2\/posts\/26443\/revisions\/26445"}],"wp:attachment":[{"href":"https:\/\/info.sadowne.pl\/index.php?rest_route=%2Fwp%2Fv2%2Fmedia&parent=26443"}],"wp:term":[{"taxonomy":"category","embeddable":true,"href":"https:\/\/info.sadowne.pl\/index.php?rest_route=%2Fwp%2Fv2%2Fcategories&post=26443"},{"taxonomy":"post_tag","embeddable":true,"href":"https:\/\/info.sadowne.pl\/index.php?rest_route=%2Fwp%2Fv2%2Ftags&post=26443"}],"curies":[{"name":"wp","href":"https:\/\/api.w.org\/{rel}","templated":true}]}}