{"id":26451,"date":"2022-10-16T17:50:02","date_gmt":"2022-10-16T15:50:02","guid":{"rendered":"http:\/\/info.sadowne.pl\/?p=26451"},"modified":"2022-10-16T17:50:02","modified_gmt":"2022-10-16T15:50:02","slug":"trzecie-miejsce-dla-sadowianek","status":"publish","type":"post","link":"https:\/\/info.sadowne.pl\/?p=26451","title":{"rendered":"Trzecie miejsce dla \u201eSadowianek\u201d"},"content":{"rendered":"<p><a href=\"http:\/\/info.sadowne.pl\/wp-content\/uploads\/2022\/10\/2022.10.16.1.jpg\" target=\"_blank\" rel=\"noopener\"><img loading=\"lazy\" decoding=\"async\" class=\"alignleft wp-image-26452 size-thumbnail\" src=\"http:\/\/info.sadowne.pl\/wp-content\/uploads\/2022\/10\/2022.10.16.1-180x130.jpg\" alt=\"\" width=\"180\" height=\"130\" \/><\/a><\/p>\n<p><strong>W niedziel\u0119 16 pa\u017adziernika podsumowano tegoroczne W\u0119growskie Barwy Jesieni. Zesp\u00f3\u0142 \u015apiewaczy \u201eSadowianki\u201d zaj\u0105\u0142 trzecie miejsce w swojej kategorii. Brawo!<\/strong><!--more--><\/p>\n<p>9 i 10 pa\u017adziernika w W\u0119growskim O\u015brodku Kultury odbywa\u0142 si\u0119 XVI Mazowiecki Przegl\u0105d Tw\u00f3rczo\u015bci Artystycznej Senior\u00f3w W\u0118GROWSKIE BARWY JESIENI. Jak oficjalnie poinformowa\u0142a p. Dyrektor WOK Katarzyna Zabada\u0142a, na w\u0119growskiej scenie w tym czasie wyst\u0105pi\u0142y 33 podmioty artystyczne, kt\u00f3re klasyfikowano w pi\u0119ciu kategoriach. Na uroczyst\u0105 gal\u0119 Przegl\u0105du zaproszono laureat\u00f3w wybranych przez komisj\u0119 konkursow\u0105 &#8211; w\u015br\u00f3d nich znalaz\u0142 si\u0119 Zesp\u00f3\u0142 \u015apiewaczy \u201eSadowianki\u201d.<\/p>\n<p>16 pa\u017adziernika w WOK najlepsi wykonawcy zostali uhonorowani dyplomami i specjalnymi nagrodami. W kategorii \u201eZespo\u0142y folklorystyczne\u201d trzecie miejsce, ex aeuqo z Mi\u0119dzypokoleniowym Zespo\u0142em \u201eRazem\u201d z Ka\u0142uszyna, zaj\u0105\u0142 Zesp\u00f3\u0142 \u015apiewaczy \u201eSadowianki, miejsce II \u2013 Zesp\u00f3\u0142 Ludowy \u201eW\u0119growianie\u201d z W\u0119growa, a I miejsce \u2013 Zesp\u00f3\u0142 Pie\u015bni i Ta\u0144ca \u201eOberek\u201d z Wyszkowskiego O\u015brodka Kultury.<\/p>\n<p>Nagrody laureatom wr\u0119cza\u0142y: p. El\u017cbieta Lanc \u2013 cz\u0142onek Zarz\u0105du Wojew\u00f3dztwa Mazowieckiego i p. Halina Uli\u0144ska \u2013 Wiceburmistrz W\u0119growa. Na scenie swoje konkursowe prezentacje przypominali wy\u0142\u0105cznie laureaci uplasowani na pierwszych miejscach w poszczeg\u00f3lnych kategoriach.<\/p>\n<p>Zainteresowanych szczeg\u00f3\u0142owymi wynikami XVI W\u0119growskich Barw Jesieni odsy\u0142amy na stron\u0119 W\u0119growskiego O\u015brodka Kultury.<\/p>\n<p><span style=\"color: #0000ff;\"><a style=\"color: #0000ff;\" href=\"https:\/\/photos.app.goo.gl\/Gi3wo7g5yk2g6RFWA\" target=\"_blank\" rel=\"noopener\"><strong>Zdj\u0119cia w galerii Google&gt;&gt;&gt;<\/strong><\/a><\/span><\/p>\n<p><strong>Tekst\/foto:<\/strong> S\u0142awek Chyli\u0144ski<\/p>\n","protected":false},"excerpt":{"rendered":"<p>W niedziel\u0119 16 pa\u017adziernika podsumowano tegoroczne W\u0119growskie Barwy Jesieni. Zesp\u00f3\u0142 \u015apiewaczy \u201eSadowianki\u201d zaj\u0105\u0142 trzecie miejsce w swojej kategorii. Brawo!<\/p>\n","protected":false},"author":1,"featured_media":0,"comment_status":"closed","ping_status":"closed","sticky":false,"template":"","format":"standard","meta":{"footnotes":""},"categories":[5,91,6],"tags":[986,3848,960],"class_list":["post-26451","post","type-post","status-publish","format-standard","hentry","category-newsy","category-gminny-osrodek-kultury","category-kultura-rozrywka-edukacja","tag-wegrowskie-barwy-jesieni","tag-xvi-mazowiecki-przeglad-tworczosci-artystycznej-seniorow-wegrowskie-barwy-jesieni","tag-zespol-spiewaczy-sadowianki"],"views":1958,"_links":{"self":[{"href":"https:\/\/info.sadowne.pl\/index.php?rest_route=\/wp\/v2\/posts\/26451","targetHints":{"allow":["GET"]}}],"collection":[{"href":"https:\/\/info.sadowne.pl\/index.php?rest_route=\/wp\/v2\/posts"}],"about":[{"href":"https:\/\/info.sadowne.pl\/index.php?rest_route=\/wp\/v2\/types\/post"}],"author":[{"embeddable":true,"href":"https:\/\/info.sadowne.pl\/index.php?rest_route=\/wp\/v2\/users\/1"}],"replies":[{"embeddable":true,"href":"https:\/\/info.sadowne.pl\/index.php?rest_route=%2Fwp%2Fv2%2Fcomments&post=26451"}],"version-history":[{"count":1,"href":"https:\/\/info.sadowne.pl\/index.php?rest_route=\/wp\/v2\/posts\/26451\/revisions"}],"predecessor-version":[{"id":26453,"href":"https:\/\/info.sadowne.pl\/index.php?rest_route=\/wp\/v2\/posts\/26451\/revisions\/26453"}],"wp:attachment":[{"href":"https:\/\/info.sadowne.pl\/index.php?rest_route=%2Fwp%2Fv2%2Fmedia&parent=26451"}],"wp:term":[{"taxonomy":"category","embeddable":true,"href":"https:\/\/info.sadowne.pl\/index.php?rest_route=%2Fwp%2Fv2%2Fcategories&post=26451"},{"taxonomy":"post_tag","embeddable":true,"href":"https:\/\/info.sadowne.pl\/index.php?rest_route=%2Fwp%2Fv2%2Ftags&post=26451"}],"curies":[{"name":"wp","href":"https:\/\/api.w.org\/{rel}","templated":true}]}}