{"id":26458,"date":"2022-10-19T19:33:35","date_gmt":"2022-10-19T17:33:35","guid":{"rendered":"http:\/\/info.sadowne.pl\/?p=26458"},"modified":"2022-10-19T19:33:35","modified_gmt":"2022-10-19T17:33:35","slug":"mistrzostwa-polski-juniorow-mlodszych-w-karate-kyokushin","status":"publish","type":"post","link":"https:\/\/info.sadowne.pl\/?p=26458","title":{"rendered":"Mistrzostwa Polski Junior\u00f3w M\u0142odszych w Karate Kyokushin"},"content":{"rendered":"<p><strong><a href=\"http:\/\/info.sadowne.pl\/wp-content\/uploads\/2022\/10\/2022.10.19.2.jpg\" target=\"_blank\" rel=\"noopener\"><img loading=\"lazy\" decoding=\"async\" class=\"alignleft wp-image-26459 size-thumbnail\" src=\"http:\/\/info.sadowne.pl\/wp-content\/uploads\/2022\/10\/2022.10.19.2-180x130.jpg\" alt=\"\" width=\"180\" height=\"130\" \/><\/a>W dniu 9 pa\u017adziernika 2022 r. w podwarszawskiej Zielonce odby\u0142y si\u0119 Mistrzostwa Polski Junior\u00f3w M\u0142odszych oraz Mistrzostwa Polski Open. <\/strong><!--more--><\/p>\n<p><a href=\"http:\/\/info.sadowne.pl\/wp-content\/uploads\/2022\/10\/2022.10.19.3-rotated.jpg\" target=\"_blank\" rel=\"noopener\"><img loading=\"lazy\" decoding=\"async\" class=\"alignright wp-image-26460 size-medium\" src=\"http:\/\/info.sadowne.pl\/wp-content\/uploads\/2022\/10\/2022.10.19.3-225x300.jpg\" alt=\"\" width=\"225\" height=\"300\" srcset=\"https:\/\/info.sadowne.pl\/wp-content\/uploads\/2022\/10\/2022.10.19.3-225x300.jpg 225w, https:\/\/info.sadowne.pl\/wp-content\/uploads\/2022\/10\/2022.10.19.3-rotated.jpg 588w\" sizes=\"auto, (max-width: 225px) 100vw, 225px\" \/><\/a>W\u015br\u00f3d startuj\u0105cych zawodnik\u00f3w nie zabrak\u0142o reprezentacji Brokowskiego Klubu Karate Kyokushinkai. Micha\u0142 Winarski wystartowa\u0142 jako pierwszy na zawodach otwieraj\u0105c ca\u0142y Turniej w kat. junior m\u0142odszy \u2013 75 kg. Na macie spotka\u0142 si\u0119 z zawodnikiem z Warszawy. Niestety nie uda\u0142o si\u0119 pokona\u0107 rywala ze stolicy. Micha\u0142 odpad\u0142 z Turnieju. Zdoby\u0142 kolejne do\u015bwiadczenie i motywacj\u0119 do jeszcze mocniejszych trening\u00f3w.<\/p>\n<p>W turnieju w Zielonce wystartowa\u0142o 212 zawodnik\u00f3w reprezentuj\u0105cych 65 klub\u00f3w karate z ca\u0142ej Polski.<\/p>\n<p><strong>Tekst\/foto: <\/strong>Zbigniew W\u00f3jcicki<\/p>\n","protected":false},"excerpt":{"rendered":"<p>W dniu 9 pa\u017adziernika 2022 r. w podwarszawskiej Zielonce odby\u0142y si\u0119 Mistrzostwa Polski Junior\u00f3w M\u0142odszych oraz Mistrzostwa Polski Open.<\/p>\n","protected":false},"author":1,"featured_media":0,"comment_status":"closed","ping_status":"closed","sticky":false,"template":"","format":"standard","meta":{"footnotes":""},"categories":[5,2029,7],"tags":[794,3731,2030],"class_list":["post-26458","post","type-post","status-publish","format-standard","hentry","category-newsy","category-karate","category-sport","tag-brokowski-klub-karate-kyokushinkai","tag-michal-winarski","tag-zbigniew-wojcicki"],"views":1893,"_links":{"self":[{"href":"https:\/\/info.sadowne.pl\/index.php?rest_route=\/wp\/v2\/posts\/26458","targetHints":{"allow":["GET"]}}],"collection":[{"href":"https:\/\/info.sadowne.pl\/index.php?rest_route=\/wp\/v2\/posts"}],"about":[{"href":"https:\/\/info.sadowne.pl\/index.php?rest_route=\/wp\/v2\/types\/post"}],"author":[{"embeddable":true,"href":"https:\/\/info.sadowne.pl\/index.php?rest_route=\/wp\/v2\/users\/1"}],"replies":[{"embeddable":true,"href":"https:\/\/info.sadowne.pl\/index.php?rest_route=%2Fwp%2Fv2%2Fcomments&post=26458"}],"version-history":[{"count":1,"href":"https:\/\/info.sadowne.pl\/index.php?rest_route=\/wp\/v2\/posts\/26458\/revisions"}],"predecessor-version":[{"id":26461,"href":"https:\/\/info.sadowne.pl\/index.php?rest_route=\/wp\/v2\/posts\/26458\/revisions\/26461"}],"wp:attachment":[{"href":"https:\/\/info.sadowne.pl\/index.php?rest_route=%2Fwp%2Fv2%2Fmedia&parent=26458"}],"wp:term":[{"taxonomy":"category","embeddable":true,"href":"https:\/\/info.sadowne.pl\/index.php?rest_route=%2Fwp%2Fv2%2Fcategories&post=26458"},{"taxonomy":"post_tag","embeddable":true,"href":"https:\/\/info.sadowne.pl\/index.php?rest_route=%2Fwp%2Fv2%2Ftags&post=26458"}],"curies":[{"name":"wp","href":"https:\/\/api.w.org\/{rel}","templated":true}]}}