{"id":26476,"date":"2022-10-20T14:48:27","date_gmt":"2022-10-20T12:48:27","guid":{"rendered":"http:\/\/info.sadowne.pl\/?p=26476"},"modified":"2022-10-20T14:51:50","modified_gmt":"2022-10-20T12:51:50","slug":"sadowianki-rok-2017","status":"publish","type":"post","link":"https:\/\/info.sadowne.pl\/?p=26476","title":{"rendered":"Sadowianki &#8211; rok 2017"},"content":{"rendered":"<p><strong><a href=\"http:\/\/info.sadowne.pl\/wp-content\/uploads\/2022\/10\/sad478.jpg\" target=\"_blank\" rel=\"noopener\"><img loading=\"lazy\" decoding=\"async\" class=\"alignleft wp-image-26478 size-thumbnail\" src=\"http:\/\/info.sadowne.pl\/wp-content\/uploads\/2022\/10\/sad478-180x130.jpg\" alt=\"\" width=\"180\" height=\"130\" \/><\/a>Dzi\u0119ki uprzejmo\u015bci p. Barbary Wr\u00f3bel, kt\u00f3ry nieprzerwanie pracuje nad kronik\u0105 Zespo\u0142u \u015apiewaczego &#8222;Sadowianki&#8221;, mo\u017cemy kontynuowa\u0107 publikacj\u0119 historii tego Zespo\u0142u. Rozpoczynamy w roku 2017.<\/strong><!--more--><\/p>\n<p><strong>SADOWNE &#8211; <\/strong><span style=\"color: #ff0000;\"><strong>\u015awi\u0119to\u00a0 Konstytucji\u00a0 3\u00a0 Maja<\/strong><\/span><\/p>\n<p><strong>\u00a0<\/strong>Obchody 226 rocznicy uchwalenia Konstytucji 3 Maja w Sadownem rozpocz\u0119\u0142a msza \u015bw. o godz. 11<sup>00 <\/sup>w ko\u015bciele parafialnym. Nast\u0119pnie pod ,,Kamieniem Pami\u0119ci\u201d zebrali si\u0119 mieszka\u0144cy Sadownego i okolic, jednostki stra\u017cy po\u017carnej, harcerze a przede wszystkim w\u0142adze naszej gminy w osobach W\u00f3jta Gminy <strong>p. Waldemara Cyrana<\/strong>, Przewodnicz\u0105cego Rady Gminy p. <strong>Piotra Olkowskiego<\/strong> i Radnej <strong>p. Ireny D\u0119bkowskiej<\/strong>.<\/p>\n<div id=\"attachment_26479\" style=\"width: 553px\" class=\"wp-caption aligncenter\"><a href=\"http:\/\/info.sadowne.pl\/wp-content\/uploads\/2022\/10\/sad479.jpg\"><img loading=\"lazy\" decoding=\"async\" aria-describedby=\"caption-attachment-26479\" class=\"wp-image-26479 size-full\" src=\"http:\/\/info.sadowne.pl\/wp-content\/uploads\/2022\/10\/sad479.jpg\" alt=\"\" width=\"543\" height=\"723\" srcset=\"https:\/\/info.sadowne.pl\/wp-content\/uploads\/2022\/10\/sad479.jpg 543w, https:\/\/info.sadowne.pl\/wp-content\/uploads\/2022\/10\/sad479-225x300.jpg 225w\" sizes=\"auto, (max-width: 543px) 100vw, 543px\" \/><\/a><p id=\"caption-attachment-26479\" class=\"wp-caption-text\">Przewodnicz\u0105cy Rady Gminy &#8211; p. Piotr Olkowski, Radna Gminy p. Irena D\u0119bkowska, W\u00f3jt Gminy- p. Waldemar Cyran z pi\u0119kn\u0105 wi\u0105zank\u0105 w narodowych barwach.<\/p><\/div>\n<div id=\"attachment_26480\" style=\"width: 498px\" class=\"wp-caption aligncenter\"><a href=\"http:\/\/info.sadowne.pl\/wp-content\/uploads\/2022\/10\/sad480.jpg\"><img loading=\"lazy\" decoding=\"async\" aria-describedby=\"caption-attachment-26480\" class=\"wp-image-26480 size-full\" src=\"http:\/\/info.sadowne.pl\/wp-content\/uploads\/2022\/10\/sad480.jpg\" alt=\"\" width=\"488\" height=\"364\" srcset=\"https:\/\/info.sadowne.pl\/wp-content\/uploads\/2022\/10\/sad480.jpg 488w, https:\/\/info.sadowne.pl\/wp-content\/uploads\/2022\/10\/sad480-300x224.jpg 300w\" sizes=\"auto, (max-width: 488px) 100vw, 488px\" \/><\/a><p id=\"caption-attachment-26480\" class=\"wp-caption-text\">W\u0142adze gminy sk\u0142adaj\u0105 kwiaty przy ,,Kamieniu Pami\u0119ci\u201d.<\/p><\/div>\n<div id=\"attachment_26481\" style=\"width: 486px\" class=\"wp-caption aligncenter\"><a href=\"http:\/\/info.sadowne.pl\/wp-content\/uploads\/2022\/10\/sad481.jpg\"><img loading=\"lazy\" decoding=\"async\" aria-describedby=\"caption-attachment-26481\" class=\"wp-image-26481 size-full\" src=\"http:\/\/info.sadowne.pl\/wp-content\/uploads\/2022\/10\/sad481.jpg\" alt=\"\" width=\"476\" height=\"328\" srcset=\"https:\/\/info.sadowne.pl\/wp-content\/uploads\/2022\/10\/sad481.jpg 476w, https:\/\/info.sadowne.pl\/wp-content\/uploads\/2022\/10\/sad481-300x207.jpg 300w\" sizes=\"auto, (max-width: 476px) 100vw, 476px\" \/><\/a><p id=\"caption-attachment-26481\" class=\"wp-caption-text\">Jednostki OSP asystuj\u0105ce uroczysto\u015bci.<\/p><\/div>\n<div id=\"attachment_26482\" style=\"width: 343px\" class=\"wp-caption aligncenter\"><a href=\"http:\/\/info.sadowne.pl\/wp-content\/uploads\/2022\/10\/sad482.jpg\"><img loading=\"lazy\" decoding=\"async\" aria-describedby=\"caption-attachment-26482\" class=\"wp-image-26482 size-full\" src=\"http:\/\/info.sadowne.pl\/wp-content\/uploads\/2022\/10\/sad482.jpg\" alt=\"\" width=\"333\" height=\"632\" srcset=\"https:\/\/info.sadowne.pl\/wp-content\/uploads\/2022\/10\/sad482.jpg 333w, https:\/\/info.sadowne.pl\/wp-content\/uploads\/2022\/10\/sad482-158x300.jpg 158w\" sizes=\"auto, (max-width: 333px) 100vw, 333px\" \/><\/a><p id=\"caption-attachment-26482\" class=\"wp-caption-text\">Okoliczno\u015bciowe przem\u00f3wienie wyg\u0142osi\u0142 w\u00f3jt gminy p. Waldemar Cyran, kt\u00f3ry w kr\u00f3tkim zarysie przedstawi\u0142 histori\u0119 Konstytucji 3 Maja.<\/p><\/div>\n<p>Pan W\u00f3jt sp\u00f3jno\u015bci\u0105 wypowiedzi i rzetelno\u015bci\u0105 zgromadzonego materia\u0142u wywo\u0142a\u0142, jak zawsze, bardzo pozytywne wra\u017cenie na zgromadzonych mieszka\u0144cach gminy. Wszyscy z zainteresowaniem, do ko\u0144ca wys\u0142uchali wyst\u0105pienia p. W\u00f3jta, mimo bardzo brzydkiej, deszczowej pogody.<\/p>\n<p>Warto\u015bci zawarte w pierwszej pisanej konstytucji w Europie<\/p>\n<p><strong>&#8211; wolno\u015b\u0107 wyznania, <\/strong><\/p>\n<p><strong>&#8211; r\u00f3wno\u015b\u0107 wobec prawa,<\/strong><\/p>\n<p><strong>&#8211; tolerancja, <\/strong><\/p>\n<p><strong>&#8211; podzia\u0142 w\u0142adzy, <\/strong><\/p>\n<p>&#8211;<strong>rz\u0105dy oparte na woli narodu <\/strong><\/p>\n<p>sta\u0142y si\u0119 fundamentem rozwoju spo\u0142ecze\u0144stwa obywatelskiego w Polsce.<\/p>\n<p>Dzisiaj te has\u0142a niech b\u0119d\u0105 dla nas zawsze najwa\u017cniejszym wzorem do na\u015bladowania. Sk\u0142adamy dzi\u015b ho\u0142d tw\u00f3rcom Konstytucji 3 Maja, testamentu Rzeczypospolitej Obojga Narod\u00f3w, zbudowanej wok\u00f3\u0142 praw i swob\u00f3d obywatelskich, tolerancji, wolno\u015bci wyznania, pokoju.<\/p>\n<p>Konstytucja 3 Maja po\u0142\u0105czy\u0142a chrze\u015bcija\u0144skie tradycje Europy i warto\u015bci O\u015bwiecenia, umo\u017cliwi\u0142a powstanie i przetrwanie narodu polskiego przez okres zabor\u00f3w, niewoli i okupacji.<\/p>\n<div id=\"attachment_26483\" style=\"width: 563px\" class=\"wp-caption aligncenter\"><a href=\"http:\/\/info.sadowne.pl\/wp-content\/uploads\/2022\/10\/sad483.jpg\"><img loading=\"lazy\" decoding=\"async\" aria-describedby=\"caption-attachment-26483\" class=\"wp-image-26483 size-full\" src=\"http:\/\/info.sadowne.pl\/wp-content\/uploads\/2022\/10\/sad483.jpg\" alt=\"\" width=\"553\" height=\"416\" srcset=\"https:\/\/info.sadowne.pl\/wp-content\/uploads\/2022\/10\/sad483.jpg 553w, https:\/\/info.sadowne.pl\/wp-content\/uploads\/2022\/10\/sad483-300x226.jpg 300w\" sizes=\"auto, (max-width: 553px) 100vw, 553px\" \/><\/a><p id=\"caption-attachment-26483\" class=\"wp-caption-text\">SADOWIANKI<\/p><\/div>\n<p><strong><em>T. Kubiak: fragm. \u201eTu wsz\u0119dzie Polska\u201d<\/em><\/strong><\/p>\n<p style=\"text-align: center;\"><strong>-Tu, gdzie jest dom i tw\u00f3j, i m\u00f3j,<\/strong><\/p>\n<p style=\"text-align: center;\"><strong>tu, gdzie s\u0105 lasy i rzeki nasze,<\/strong><\/p>\n<p style=\"text-align: center;\"><strong>tu, gdzie si\u0119 rodzi\u0142 ojciec i matka,<\/strong><\/p>\n<p style=\"text-align: center;\"><strong>gdzie bia\u0142y orze\u0142 na sztandarze.<\/strong><\/p>\n<p style=\"text-align: center;\"><strong>Gdzie dom poety w Czarnolesie,<\/strong><\/p>\n<p style=\"text-align: center;\"><strong>gdzie nurtem \u015bpiewnym p\u0142ynie Wis\u0142a,<\/strong><\/p>\n<p style=\"text-align: center;\"><strong>tu bia\u0142y sad, tu czarny w\u0119giel,<\/strong><\/p>\n<p style=\"text-align: center;\"><strong>tu wsz\u0119dzie Polska, tu \u2013 Ojczyzna.<\/strong><\/p>\n<div id=\"attachment_26484\" style=\"width: 575px\" class=\"wp-caption aligncenter\"><a href=\"http:\/\/info.sadowne.pl\/wp-content\/uploads\/2022\/10\/sad484.jpg\"><img loading=\"lazy\" decoding=\"async\" aria-describedby=\"caption-attachment-26484\" class=\"wp-image-26484 size-full\" src=\"http:\/\/info.sadowne.pl\/wp-content\/uploads\/2022\/10\/sad484.jpg\" alt=\"\" width=\"565\" height=\"425\" srcset=\"https:\/\/info.sadowne.pl\/wp-content\/uploads\/2022\/10\/sad484.jpg 565w, https:\/\/info.sadowne.pl\/wp-content\/uploads\/2022\/10\/sad484-300x226.jpg 300w\" sizes=\"auto, (max-width: 565px) 100vw, 565px\" \/><\/a><p id=\"caption-attachment-26484\" class=\"wp-caption-text\">Marysia Szymanik recytuje fragment wiersza T. Kubiaka: ,,Tu wsz\u0119dzie Polska\u201d.<\/p><\/div>\n<p>Zesp\u00f3\u0142 <strong>SADOWIANKI <\/strong>w nieco okrojonym sk\u0142adzie zaprezentowa\u0142 kr\u00f3tki patriotyczny program.<\/p>\n<p><strong>OGRODNIKI &#8211; <\/strong><span style=\"color: #ff0000;\"><strong><span style=\"color: #000000;\">Gmina \u0141och\u00f3w<\/span> \u2013 7 maja 2017<\/strong><\/span><\/p>\n<p><strong> <a href=\"http:\/\/info.sadowne.pl\/wp-content\/uploads\/2022\/10\/sad485.jpg\"><img loading=\"lazy\" decoding=\"async\" class=\"aligncenter size-full wp-image-26485\" src=\"http:\/\/info.sadowne.pl\/wp-content\/uploads\/2022\/10\/sad485.jpg\" alt=\"\" width=\"524\" height=\"722\" srcset=\"https:\/\/info.sadowne.pl\/wp-content\/uploads\/2022\/10\/sad485.jpg 524w, https:\/\/info.sadowne.pl\/wp-content\/uploads\/2022\/10\/sad485-218x300.jpg 218w\" sizes=\"auto, (max-width: 524px) 100vw, 524px\" \/><\/a><\/strong><\/p>\n<div id=\"attachment_26486\" style=\"width: 429px\" class=\"wp-caption aligncenter\"><a href=\"http:\/\/info.sadowne.pl\/wp-content\/uploads\/2022\/10\/sad486.jpg\"><img loading=\"lazy\" decoding=\"async\" aria-describedby=\"caption-attachment-26486\" class=\"wp-image-26486 size-full\" src=\"http:\/\/info.sadowne.pl\/wp-content\/uploads\/2022\/10\/sad486.jpg\" alt=\"\" width=\"419\" height=\"244\" srcset=\"https:\/\/info.sadowne.pl\/wp-content\/uploads\/2022\/10\/sad486.jpg 419w, https:\/\/info.sadowne.pl\/wp-content\/uploads\/2022\/10\/sad486-300x175.jpg 300w\" sizes=\"auto, (max-width: 419px) 100vw, 419px\" \/><\/a><p id=\"caption-attachment-26486\" class=\"wp-caption-text\">P. Monika S\u0142owik \u2013 Dyrektor Publicznej Szko\u0142y Podstawowej\u00a0Stowarzyszenia Przyjaci\u00f3\u0142 Szk\u00f3\u0142 Katolickich w Ogrodnikach.<\/p><\/div>\n<p>7 maja 2017 roku w niedzielne popo\u0142udnie na zaproszenie p. dyrektor Moniki S\u0142owik, <strong>SADOWIANKI<\/strong> go\u015bci\u0142y w szkole w Ogrodnikach na <strong>,,Ognisku Patriotyzmu\u201d.<\/strong><\/p>\n<p>Ka\u017cdego roku w tej szkole odbywa si\u0119 pi\u0119kna lekcja patriotyzmu, kt\u00f3ra wsp\u00f3lnym \u015bpiewaniem piosenek wojskowych i biesiadowaniem przy ognisku \u0142\u0105czy pokolenia. Dla wszystkich zebranych wydrukowane by\u0142y teksty piosenek, kt\u00f3re wykonywa\u0142 nasz zesp\u00f3\u0142.<\/p>\n<p>Wszyscy \u015bpiewali, \u015bpiewa\u0142 r\u00f3wnie\u017c zaproszony na uroczysto\u015b\u0107 burmistrz \u0141ochowa \u2013 <strong>p. Robert Go\u0142aszewski.<\/strong><\/p>\n<div id=\"attachment_26487\" style=\"width: 570px\" class=\"wp-caption aligncenter\"><a href=\"http:\/\/info.sadowne.pl\/wp-content\/uploads\/2022\/10\/sad487.jpg\"><img loading=\"lazy\" decoding=\"async\" aria-describedby=\"caption-attachment-26487\" class=\"wp-image-26487 size-full\" src=\"http:\/\/info.sadowne.pl\/wp-content\/uploads\/2022\/10\/sad487.jpg\" alt=\"\" width=\"560\" height=\"330\" srcset=\"https:\/\/info.sadowne.pl\/wp-content\/uploads\/2022\/10\/sad487.jpg 560w, https:\/\/info.sadowne.pl\/wp-content\/uploads\/2022\/10\/sad487-300x177.jpg 300w\" sizes=\"auto, (max-width: 560px) 100vw, 560px\" \/><\/a><p id=\"caption-attachment-26487\" class=\"wp-caption-text\">SADOWIANKI, p. Monika S\u0142owik i p. Robert Go\u0142aszewski.<\/p><\/div>\n<p><strong>STOCZEK &#8211; <\/strong><strong>XII Festyn Rodzinny &#8211; <\/strong><span style=\"color: #ff0000;\"><strong>\u201e\u017byj zdrowo i kolorowo!\u201d\u00a0 <\/strong><\/span><\/p>\n<p><strong>11 czerwca 2017 r<\/strong>. odby\u0142 si\u0119 XII Festyn Rodzinny, kt\u00f3rego my\u015bl przewodni\u0105 stanowi\u0142y napawaj\u0105ce optymizmem s\u0142owa:<\/p>\n<p style=\"text-align: center;\"><strong>\u201e\u017byj zdrowo i kolorowo!\u201d.<\/strong><\/p>\n<p>W\u015br\u00f3d go\u015bci specjalnych znalaz\u0142a si\u0119 pani Magdalena Kalniuk, kt\u00f3ra rozrusza\u0142a publiczno\u015b\u0107 energetyczn\u0105 zumb\u0105 \/taniec\/ oraz nasz zesp\u00f3\u0142 <strong>SADOWIANKI <\/strong>ze swoimi piosenkami.<\/p>\n<p><a href=\"http:\/\/info.sadowne.pl\/wp-content\/uploads\/2022\/10\/sad488.jpg\"><img loading=\"lazy\" decoding=\"async\" class=\"aligncenter size-full wp-image-26488\" src=\"http:\/\/info.sadowne.pl\/wp-content\/uploads\/2022\/10\/sad488.jpg\" alt=\"\" width=\"553\" height=\"416\" srcset=\"https:\/\/info.sadowne.pl\/wp-content\/uploads\/2022\/10\/sad488.jpg 553w, https:\/\/info.sadowne.pl\/wp-content\/uploads\/2022\/10\/sad488-300x226.jpg 300w\" sizes=\"auto, (max-width: 553px) 100vw, 553px\" \/><\/a><\/p>\n<p>&nbsp;<\/p>\n<p><span style=\"color: #3366ff;\"><strong>SADOWIANKI<\/strong><\/span> zaprosi\u0142y wszystkich do wsp\u00f3lnej zabawy przy d\u017awi\u0119kach ludowych piosenek i przy\u015bpiewek.<\/p>\n<p>Nie spos\u00f3b opisa\u0107 tych wszystkich festynowych atrakcji i emocji z nimi zwi\u0105zanych. Podsumowuj\u0105c warto zauwa\u017cy\u0107 jednak, \u017ce te niedzielne chwile wprawi\u0142y wszystkich w znakomity nastr\u00f3j zabawy i wakacyjnego rozlu\u017anienia.<\/p>\n<p><strong>SADOWNE &#8211; <\/strong><span style=\"color: #ff0000;\"><strong>15 czerwca 1917 r. \u2013 BO\u017bE CIA\u0141O<\/strong><\/span><\/p>\n<div id=\"attachment_26489\" style=\"width: 408px\" class=\"wp-caption aligncenter\"><a href=\"http:\/\/info.sadowne.pl\/wp-content\/uploads\/2022\/10\/sad489.jpg\"><img loading=\"lazy\" decoding=\"async\" aria-describedby=\"caption-attachment-26489\" class=\"wp-image-26489 size-full\" src=\"http:\/\/info.sadowne.pl\/wp-content\/uploads\/2022\/10\/sad489.jpg\" alt=\"\" width=\"398\" height=\"317\" srcset=\"https:\/\/info.sadowne.pl\/wp-content\/uploads\/2022\/10\/sad489.jpg 398w, https:\/\/info.sadowne.pl\/wp-content\/uploads\/2022\/10\/sad489-300x239.jpg 300w\" sizes=\"auto, (max-width: 398px) 100vw, 398px\" \/><\/a><p id=\"caption-attachment-26489\" class=\"wp-caption-text\">Przygotowanie do procesji- Jadzia Borowa, Hania D\u0119bkowska, Marysia Szymanik, Janek Pu\u015bcian, Henia Kibart.<\/p><\/div>\n<div id=\"attachment_26490\" style=\"width: 515px\" class=\"wp-caption aligncenter\"><a href=\"http:\/\/info.sadowne.pl\/wp-content\/uploads\/2022\/10\/sad490.jpg\"><img loading=\"lazy\" decoding=\"async\" aria-describedby=\"caption-attachment-26490\" class=\"wp-image-26490 size-full\" src=\"http:\/\/info.sadowne.pl\/wp-content\/uploads\/2022\/10\/sad490.jpg\" alt=\"\" width=\"505\" height=\"369\" srcset=\"https:\/\/info.sadowne.pl\/wp-content\/uploads\/2022\/10\/sad490.jpg 505w, https:\/\/info.sadowne.pl\/wp-content\/uploads\/2022\/10\/sad490-300x219.jpg 300w\" sizes=\"auto, (max-width: 505px) 100vw, 505px\" \/><\/a><p id=\"caption-attachment-26490\" class=\"wp-caption-text\">Janek Pu\u015bcian, Hania D\u0119bkowska, Henia Kibart, Jadzia Borowa, Marysia Szymanik.<\/p><\/div>\n<div id=\"attachment_26491\" style=\"width: 553px\" class=\"wp-caption aligncenter\"><a href=\"http:\/\/info.sadowne.pl\/wp-content\/uploads\/2022\/10\/sad491.jpg\"><img loading=\"lazy\" decoding=\"async\" aria-describedby=\"caption-attachment-26491\" class=\"wp-image-26491 size-full\" src=\"http:\/\/info.sadowne.pl\/wp-content\/uploads\/2022\/10\/sad491.jpg\" alt=\"\" width=\"543\" height=\"288\" srcset=\"https:\/\/info.sadowne.pl\/wp-content\/uploads\/2022\/10\/sad491.jpg 543w, https:\/\/info.sadowne.pl\/wp-content\/uploads\/2022\/10\/sad491-300x159.jpg 300w\" sizes=\"auto, (max-width: 543px) 100vw, 543px\" \/><\/a><p id=\"caption-attachment-26491\" class=\"wp-caption-text\">Procesja ruszy\u0142a do czterech o\u0142tarzy przygotowanych przez mieszka\u0144c\u00f3w Sadownego. Cz\u0142onkinie naszego zespo\u0142u ka\u017cdego roku uczestnicz\u0105 w procesji godnie reprezentuj\u0105c zesp\u00f3\u0142 SADOWIANKI.<\/p><\/div>\n<p><strong>\u0179r\u00f3d\u0142o:<\/strong>\u00a0SADOWIANKI, Barbara Wr\u00f3bel, Sadowne 2022<\/p>\n","protected":false},"excerpt":{"rendered":"<p>Dzi\u0119ki uprzejmo\u015bci p. Barbary Wr\u00f3bel, kt\u00f3ry nieprzerwanie pracuje nad kronik\u0105 Zespo\u0142u \u015apiewaczego &#8222;Sadowianki&#8221;, mo\u017cemy kontynuowa\u0107 publikacj\u0119 historii tego Zespo\u0142u. Rozpoczynamy w roku 2017.<\/p>\n","protected":false},"author":1,"featured_media":0,"comment_status":"closed","ping_status":"closed","sticky":false,"template":"","format":"standard","meta":{"footnotes":""},"categories":[5,31,1202],"tags":[1218,101,960],"class_list":["post-26476","post","type-post","status-publish","format-standard","hentry","category-newsy","category-historia-gminy","category-zespol-spiewaczy-sadowianki","tag-barbara-wrobel","tag-historia-gminy-sadowne","tag-zespol-spiewaczy-sadowianki"],"views":2059,"_links":{"self":[{"href":"https:\/\/info.sadowne.pl\/index.php?rest_route=\/wp\/v2\/posts\/26476","targetHints":{"allow":["GET"]}}],"collection":[{"href":"https:\/\/info.sadowne.pl\/index.php?rest_route=\/wp\/v2\/posts"}],"about":[{"href":"https:\/\/info.sadowne.pl\/index.php?rest_route=\/wp\/v2\/types\/post"}],"author":[{"embeddable":true,"href":"https:\/\/info.sadowne.pl\/index.php?rest_route=\/wp\/v2\/users\/1"}],"replies":[{"embeddable":true,"href":"https:\/\/info.sadowne.pl\/index.php?rest_route=%2Fwp%2Fv2%2Fcomments&post=26476"}],"version-history":[{"count":2,"href":"https:\/\/info.sadowne.pl\/index.php?rest_route=\/wp\/v2\/posts\/26476\/revisions"}],"predecessor-version":[{"id":26493,"href":"https:\/\/info.sadowne.pl\/index.php?rest_route=\/wp\/v2\/posts\/26476\/revisions\/26493"}],"wp:attachment":[{"href":"https:\/\/info.sadowne.pl\/index.php?rest_route=%2Fwp%2Fv2%2Fmedia&parent=26476"}],"wp:term":[{"taxonomy":"category","embeddable":true,"href":"https:\/\/info.sadowne.pl\/index.php?rest_route=%2Fwp%2Fv2%2Fcategories&post=26476"},{"taxonomy":"post_tag","embeddable":true,"href":"https:\/\/info.sadowne.pl\/index.php?rest_route=%2Fwp%2Fv2%2Ftags&post=26476"}],"curies":[{"name":"wp","href":"https:\/\/api.w.org\/{rel}","templated":true}]}}