{"id":26507,"date":"2022-10-24T13:52:10","date_gmt":"2022-10-24T11:52:10","guid":{"rendered":"http:\/\/info.sadowne.pl\/?p=26507"},"modified":"2022-10-24T13:52:28","modified_gmt":"2022-10-24T11:52:28","slug":"kronika-strazacka-17-23-pazdziernika-2022","status":"publish","type":"post","link":"https:\/\/info.sadowne.pl\/?p=26507","title":{"rendered":"Kronika stra\u017cacka 17 \u2013 23 pa\u017adziernika 2022"},"content":{"rendered":"<p><strong><a href=\"http:\/\/info.sadowne.pl\/wp-content\/uploads\/2013\/07\/straz3.jpg\"><img loading=\"lazy\" decoding=\"async\" class=\"alignleft size-thumbnail wp-image-2625\" src=\"http:\/\/info.sadowne.pl\/wp-content\/uploads\/2013\/07\/straz3-180x130.jpg\" alt=\"\" width=\"180\" height=\"130\" \/><\/a>W<\/strong> <strong>okresie<\/strong> <strong>od<\/strong><strong> \u00a017 &#8211; 23.10.2022 <\/strong><strong>na<\/strong> <strong>terenie<\/strong> <strong>powiatu<\/strong> <strong>w\u0119growskiego<\/strong> <strong>zanotowano: <\/strong><strong>13 <\/strong><strong>zdarze\u0144,<\/strong> <strong>przy<\/strong> <strong>kt\u00f3rych<\/strong> <strong>interweniowa\u0142y<\/strong> <strong>jednostki<\/strong> <strong>ochrony<\/strong> <strong>przeciwpo\u017carowej, w tym:<\/strong><strong> 6 po\u017car\u00f3w, 6 miejscowych zagro\u017ce\u0144 i jeden alarm fa\u0142szywy.<\/strong><!--more--><\/p>\n<p><strong>18.10.2022 \u2013 \u00a0Ruchna, gm. Liw \u2013 po\u017car budynku mieszkalnego.<\/strong><\/p>\n<p>W chwili przyjazdu na miejsce zdarzenia stra\u017cy po\u017carnej w budynku na poddaszu panowa\u0142o du\u017ce zadymienie. Nie by\u0142o os\u00f3b poszkodowanych. Dzia\u0142ania zast\u0119p\u00f3w JRG i kolejnych przyby\u0142ych OSP polega\u0142y na zabezpieczeniu miejsca zdarzenia, jednocze\u015bnie wprowadzone zosta\u0142y roty ratownik\u00f3w na poddasze w celu odnalezienia \u017ar\u00f3d\u0142a zadymienia. W jednym z pomieszcze\u0144 znaleziono \u017ar\u00f3d\u0142o zadymienia (zapali\u0142y si\u0119 elementy \u015bciany i wyposa\u017cenia pomieszczenia prawdopodobnie na skutek zwarcia instalacji elektrycznej).<\/p>\n<p>W DZIA\u0141ANIACH RATOWNICZYCH UDZIA\u0141 BRA\u0141O: 4 zast\u0119py i 19 ratownik\u00f3w<\/p>\n<p><strong>19.10.2022 \u2013 Zieleniec, gm. Sadowne &#8211; wypadek 2 samochod\u00f3w osobowych.<\/strong><\/p>\n<p>W miejscowo\u015bci Zieleniec dosz\u0142o do zderzenia dw\u00f3ch samochod\u00f3w osobowych (jeden znajduje si\u0119 w rowie), w kt\u00f3rych podr\u00f3\u017cowa\u0142y dwie osoby znajduj\u0105ce si\u0119 poza pojazdami, brak os\u00f3b poszkodowanych. Dzia\u0142ania zast\u0119pu polega\u0142y na zabezpieczeniu miejsca zdarzenia i od\u0142\u0105czeniu akumulator\u00f3w. Po czasie jedna z bior\u0105cych udzia\u0142 w zdarzeniu os\u00f3b zacz\u0119\u0142a uskar\u017ca\u0107 si\u0119 na b\u00f3l g\u0142owy i bol\u0105ce kolano, na miejsce zadysponowano pogotowie ratunkowe. W czasie oczekiwania na zesp\u00f3\u0142 ZRM, udzielono poszkodowanej KPP. Nast\u0119pnie na miejsce przyby\u0142 zesp\u00f3\u0142 ZRM i przej\u0105\u0142 poszkodowan\u0105.<\/p>\n<p>W DZIA\u0141ANIACH RATOWNICZYCH UDZIA\u0141 BRA\u0141O: 2 zast\u0119py 12 ratownik\u00f3w<\/p>\n<p><strong>20.10.2022 \u2013Ruchna, gm. Liw \u2013 po\u017car budynku gospodarczego.<\/strong><\/p>\n<p>Po doje\u017adzie zast\u0119p\u00f3w i przeprowadzonym rozpoznaniu KDR podaje informacj\u0119, \u017ce po\u017carem obj\u0119ty jest budynek gospodarczy, drewniany, kryty blach\u0105. W odleg\u0142o\u015bci oko\u0142o 5 metr\u00f3w od pal\u0105cego si\u0119 budynku znajduje si\u0119 murowany budynek mieszkalny, cz\u0119\u015bciowo zaczynaj\u0105 topi\u0107 si\u0119 w nim rynny. Ratownicy podali dwa pr\u0105dy wody w natarciu na pal\u0105cy si\u0119 budynek oraz jeden w obronie na s\u0105siedni dom jednorodzinny.\u00a0\u00a0 Z informacji uzyskanych od w\u0142a\u015bcicieli ustalono, \u017ce w \u015brodku nikt nie przebywa\u0142. Dokonano cz\u0119\u015bciowo rozbi\u00f3rki budynku oraz przelano nadpalone elementy. Budynek przewietrzono i sprawdzono kamer\u0105 termowizyjn\u0105 na wypadek wyst\u0105pienia dodatkowych zarzewi ognia &#8211; nie stwierdzaj\u0105c zagro\u017cenia.<\/p>\n<p>W DZIA\u0141ANIACH RATOWNICZYCH UDZIA\u0141 BRA\u0141O: 4 zast\u0119py, 11 ratownik\u00f3w<\/p>\n<p><strong>21.10.2022 \u2013 Ugoszcz, gm. Miedzna &#8211; po\u017car budynku stodo\u0142y.<\/strong><\/p>\n<p>Po doje\u017adzie na miejsce zdarzenia zast\u0119pu JRG, stra\u017cacy stwierdzili, \u017ce dosz\u0142o do po\u017caru stodo\u0142y drewnianej krytej eternitem, w kt\u00f3rej znajdowa\u0142o si\u0119 ok. 200 bel s\u0142omy. Budynek wraz z belami obj\u0119ty by\u0142 po\u017carem ca\u0142kowicie, przed dojazdem zast\u0119pu JRG na miejsce zdarzenia zadaszenie uleg\u0142o ca\u0142kowitemu zniszczeniu. Po\u017car nie stwarza\u0142 zagro\u017cenia dla innych obiekt\u00f3w, gdy\u017c budynek by\u0142 w znacznej odleg\u0142o\u015bci od innych zabudowa\u0144. Dzia\u0142ania zast\u0119pu polega\u0142y w pierwszej chwili na zabezpieczeniu miejsca zdarzenia, i podaniu dw\u00f3ch pr\u0105d\u00f3w ga\u015bniczych w obronie (celem uniemo\u017cliwienia rozprzestrzeniania si\u0119 po\u017caru na tereny ro\u015blinne znajduj\u0105ce si\u0119 przy budynku. Po wypaleniu si\u0119 znacznej cz\u0119\u015bci materia\u0142u palnego, podano 4 pr\u0105dy wody na reszt\u0119 spalonej s\u0142omy, sukcesywnie j\u0105 przelewaj\u0105c, co doprowadzi\u0142o do ugaszenia po\u017caru.<\/p>\n<p>W DZIA\u0141ANIACH RATOWNICZYCH UDZIA\u0141 BRA\u0141O: 6 zast\u0119p\u00f3w, 27 ratownik\u00f3w<\/p>\n<p><strong>21.10.2022 \u2013 \u00a0Polk\u00f3w Saga\u0142y, gm. Gr\u0119bk\u00f3w \u2013 wypadek dw\u00f3ch samochod\u00f3w osobowych.<\/strong><\/p>\n<p>W zdarzeniu uczestniczy\u0142y dwa pojazdy osobowe. Wszyscy uczestnicy zdarzenia opu\u015bcili pojazdy przed przybyciem stra\u017cy. Kierowcy i pasa\u017cerowi BMW udzielono kwalifikowanej pomocy przedmedycznej. Dalsze dzia\u0142ania ratownik\u00f3w polega\u0142y na zabezpieczeniu miejsca zdarzenia, od\u0142\u0105czeniu akumulator\u00f3w z pojazd\u00f3w, a tak\u017ce zablokowaniu ca\u0142kowicie DK. \u00a0Po odje\u017adzie ZRM zast\u0119py stra\u017cy po\u017carnej powr\u00f3ci\u0142y do bazy.<\/p>\n<p>W DZIA\u0141ANIACH RATOWNICZYCH UDZIA\u0141 BRA\u0141O: 5 zast\u0119p\u00f3w 20 ratownik\u00f3w<\/p>\n<p><strong>22.10.2022 \u2013 \u00a0Gwizda\u0142y, gm. \u0141och\u00f3w \u2013 dachowanie samochodu osobowego.<\/strong><\/p>\n<p>Po przybyciu na miejsce zdarzenia pierwszego zast\u0119pu stra\u017cacy stwierdzili, \u017ce na drodze krajowej 62 samoch\u00f3d osobowy dachowa\u0142 i znajduje si\u0119 w rowie na dachu. R\u00f3wnocze\u015bnie ty\u0142 wystaje na pas drogowy blokuj\u0105c przejazd. Pojazdem podr\u00f3\u017cowa\u0142a jedna osoba, kt\u00f3ra opu\u015bci\u0142a pojazd przed przybyciem zast\u0119pu i znajduje si\u0119 w samochodzie osobowym os\u00f3b postronnych, Dzia\u0142ania ratownik\u00f3w polega\u0142y na zabezpieczeniu miejsca zdarzenia i udzieleniu KPP osobie poszkodowanej. Po przybyciu na miejsce zdarzenia ZRM przekazano poszkodowan\u0105.<\/p>\n<p>W DZIA\u0141ANIACH RATOWNICZYCH UDZIA\u0141 BRA\u0141O: 4 zast\u0119py 18 ratownik\u00f3w<\/p>\n<p><strong>KP PSP W\u0119gr\u00f3w<\/strong><\/p>\n","protected":false},"excerpt":{"rendered":"<p>W okresie od \u00a017 &#8211; 23.10.2022 na terenie powiatu w\u0119growskiego zanotowano: 13 zdarze\u0144, przy kt\u00f3rych interweniowa\u0142y jednostki ochrony przeciwpo\u017carowej, w tym: 6 po\u017car\u00f3w, 6 miejscowych zagro\u017ce\u0144 i jeden alarm fa\u0142szywy.<\/p>\n","protected":false},"author":1,"featured_media":0,"comment_status":"closed","ping_status":"closed","sticky":false,"template":"","format":"standard","meta":{"footnotes":""},"categories":[5,4,267],"tags":[491,643],"class_list":["post-26507","post","type-post","status-publish","format-standard","hentry","category-newsy","category-policja-straz-pozarna-pogotowie-ratunkowe","category-straz-pozarna-policja-straz-pozarna-pogotowie-ratunkowe","tag-komenda-powiatowa-panstwowej-strazy-pozarnej-w-wegrowie","tag-kronika-strazacka"],"views":1749,"_links":{"self":[{"href":"https:\/\/info.sadowne.pl\/index.php?rest_route=\/wp\/v2\/posts\/26507","targetHints":{"allow":["GET"]}}],"collection":[{"href":"https:\/\/info.sadowne.pl\/index.php?rest_route=\/wp\/v2\/posts"}],"about":[{"href":"https:\/\/info.sadowne.pl\/index.php?rest_route=\/wp\/v2\/types\/post"}],"author":[{"embeddable":true,"href":"https:\/\/info.sadowne.pl\/index.php?rest_route=\/wp\/v2\/users\/1"}],"replies":[{"embeddable":true,"href":"https:\/\/info.sadowne.pl\/index.php?rest_route=%2Fwp%2Fv2%2Fcomments&post=26507"}],"version-history":[{"count":2,"href":"https:\/\/info.sadowne.pl\/index.php?rest_route=\/wp\/v2\/posts\/26507\/revisions"}],"predecessor-version":[{"id":26509,"href":"https:\/\/info.sadowne.pl\/index.php?rest_route=\/wp\/v2\/posts\/26507\/revisions\/26509"}],"wp:attachment":[{"href":"https:\/\/info.sadowne.pl\/index.php?rest_route=%2Fwp%2Fv2%2Fmedia&parent=26507"}],"wp:term":[{"taxonomy":"category","embeddable":true,"href":"https:\/\/info.sadowne.pl\/index.php?rest_route=%2Fwp%2Fv2%2Fcategories&post=26507"},{"taxonomy":"post_tag","embeddable":true,"href":"https:\/\/info.sadowne.pl\/index.php?rest_route=%2Fwp%2Fv2%2Ftags&post=26507"}],"curies":[{"name":"wp","href":"https:\/\/api.w.org\/{rel}","templated":true}]}}