{"id":26524,"date":"2022-10-29T21:42:54","date_gmt":"2022-10-29T19:42:54","guid":{"rendered":"http:\/\/info.sadowne.pl\/?p=26524"},"modified":"2022-10-29T21:42:54","modified_gmt":"2022-10-29T19:42:54","slug":"turniej-karate-w-sadownem","status":"publish","type":"post","link":"https:\/\/info.sadowne.pl\/?p=26524","title":{"rendered":"Turniej Karate w Sadownem"},"content":{"rendered":"<p><a href=\"http:\/\/info.sadowne.pl\/wp-content\/uploads\/2022\/10\/2022.10.29.1.jpg\" target=\"_blank\" rel=\"noopener\"><img loading=\"lazy\" decoding=\"async\" class=\"alignleft wp-image-26525 size-thumbnail\" src=\"http:\/\/info.sadowne.pl\/wp-content\/uploads\/2022\/10\/2022.10.29.1-180x130.jpg\" alt=\"\" width=\"180\" height=\"130\" \/><\/a><\/p>\n<p><strong>29 pa\u017adziernika w sadowie\u0144skiej Gminnej Hali Sportowej odby\u0142 si\u0119 XII Og\u00f3lnopolski Turniej Karate Kyokushin.<\/strong><!--more--><\/p>\n<p>Organizatorem Turnieju dla dzieci i m\u0142odzie\u017cy by\u0142 Brokowski Klub Karate Kyokushinkai, kt\u00f3rego sekcja dzia\u0142a r\u00f3wnie\u017c w Sadownem, a jego prezesem jest p. Zbigniew W\u00f3jcicki. Partnerami Organizatora byli: Bank Sp\u00f3\u0142dzielczy w Ostrowi Mazowieckiej oraz Gmina Sadowne, a patronat honorowy nad zawodami obj\u0119li: Marsza\u0142ek Wojew\u00f3dztwa Mazowieckiego i W\u00f3jt Gminy Sadowne.<\/p>\n<p>Opr\u00f3cz zawodnik\u00f3w BKKK w Broku, w zawodach brali r\u00f3wnie\u017c udzia\u0142 karatecy m.in. z klub\u00f3w w Augustowie, W\u0119gorzewie, W\u0142oc\u0142awku, Przasnyszu, Ostro\u0142\u0119ce, Zambrowie, \u0141om\u017cy, Jonkowie, Czarnej Bia\u0142ostockiej i Che\u0142mie (\u0142\u0105cznie 93. zawodnik\u00f3w), a nad przebiegiem Turnieju czuwa\u0142a profesjonalna komisja s\u0119dziowska w sk\u0142adzie:<\/p>\n<p>S\u0119dzia g\u0142\u00f3wny zawod\u00f3w \u2013 Waldemar Matyka 4 Dan<\/p>\n<p>S\u0119dziowie:<\/p>\n<p>&#8211; Waldemar Kozio\u0142 3 Dan<\/p>\n<p>&#8211; Krzysztof Kozio\u0142 2 Dan<\/p>\n<p>&#8211; Krzysztof Kuprewicz 1 Dan<\/p>\n<p>&#8211; Rados\u0142aw Sikora 2 Dan<\/p>\n<p>&#8211; Dariusz Syrnicki 1 Dan<\/p>\n<p>&#8211; Marek B\u0119benek 3 Dan<\/p>\n<p>&#8211; Krzysztof \u015alaski 4 dan<\/p>\n<p>Turniej rozpocz\u0105\u0142 si\u0119 od konkurencji kata, po czym nast\u0105pi\u0142o oficjalne jego otwarcie. Po walkach eliminacyjnych w poszczeg\u00f3lnych kategoriach wiekowych ch\u0142opc\u00f3w i dziewcz\u0105t, mia\u0142y miejsce walki fina\u0142owe, kt\u00f3re wy\u0142oni\u0142y najlepszych karatek\u00f3w (\u0142\u0105cznie 72 walki) &#8211; na zako\u0144czenie Turnieju nagrodzono ich pucharami, medalami i dyplomami. Dekoracji dokonali przedstawiciele organizator\u00f3w, s\u0119dzi\u00f3w oraz gospodarzy terenu. Imprez\u0119 sportow\u0105 zako\u0144czono wsp\u00f3lnym zdj\u0119ciem.<\/p>\n<p>Szczeg\u00f3\u0142owe wyniki Turnieju b\u0119d\u0105 opublikowane na stronie <span style=\"color: #0000ff;\"><a style=\"color: #0000ff;\" href=\"http:\/\/www.karate-brok.pl\/\" target=\"_blank\" rel=\"noopener\"><strong>Brokowskiego Klubu Karate Kyokushinkai&gt;&gt;&gt;<\/strong><\/a><\/span><\/p>\n<p><span style=\"color: #0000ff;\"><a style=\"color: #0000ff;\" href=\"https:\/\/photos.app.goo.gl\/r9meXH182BV6pNQW7\" target=\"_blank\" rel=\"noopener\"><strong>Zdj\u0119cia w galerii Google&gt;&gt;&gt;<\/strong><\/a><\/span><\/p>\n<p><strong>Tekst\/foto:<\/strong> S\u0142awek Chyli\u0144ski<\/p>\n","protected":false},"excerpt":{"rendered":"<p>29 pa\u017adziernika w sadowie\u0144skiej Gminnej Hali Sportowej odby\u0142 si\u0119 XII Og\u00f3lnopolski Turniej Karate Kyokushin.<\/p>\n","protected":false},"author":1,"featured_media":0,"comment_status":"closed","ping_status":"closed","sticky":false,"template":"","format":"standard","meta":{"footnotes":""},"categories":[5,2029,7],"tags":[794,3847,2030],"class_list":["post-26524","post","type-post","status-publish","format-standard","hentry","category-newsy","category-karate","category-sport","tag-brokowski-klub-karate-kyokushinkai","tag-xii-ogolnopolski-turniej-karate-kyokushin-w-sadownem","tag-zbigniew-wojcicki"],"views":2102,"_links":{"self":[{"href":"https:\/\/info.sadowne.pl\/index.php?rest_route=\/wp\/v2\/posts\/26524","targetHints":{"allow":["GET"]}}],"collection":[{"href":"https:\/\/info.sadowne.pl\/index.php?rest_route=\/wp\/v2\/posts"}],"about":[{"href":"https:\/\/info.sadowne.pl\/index.php?rest_route=\/wp\/v2\/types\/post"}],"author":[{"embeddable":true,"href":"https:\/\/info.sadowne.pl\/index.php?rest_route=\/wp\/v2\/users\/1"}],"replies":[{"embeddable":true,"href":"https:\/\/info.sadowne.pl\/index.php?rest_route=%2Fwp%2Fv2%2Fcomments&post=26524"}],"version-history":[{"count":1,"href":"https:\/\/info.sadowne.pl\/index.php?rest_route=\/wp\/v2\/posts\/26524\/revisions"}],"predecessor-version":[{"id":26526,"href":"https:\/\/info.sadowne.pl\/index.php?rest_route=\/wp\/v2\/posts\/26524\/revisions\/26526"}],"wp:attachment":[{"href":"https:\/\/info.sadowne.pl\/index.php?rest_route=%2Fwp%2Fv2%2Fmedia&parent=26524"}],"wp:term":[{"taxonomy":"category","embeddable":true,"href":"https:\/\/info.sadowne.pl\/index.php?rest_route=%2Fwp%2Fv2%2Fcategories&post=26524"},{"taxonomy":"post_tag","embeddable":true,"href":"https:\/\/info.sadowne.pl\/index.php?rest_route=%2Fwp%2Fv2%2Ftags&post=26524"}],"curies":[{"name":"wp","href":"https:\/\/api.w.org\/{rel}","templated":true}]}}