{"id":26532,"date":"2022-11-03T12:59:18","date_gmt":"2022-11-03T11:59:18","guid":{"rendered":"http:\/\/info.sadowne.pl\/?p=26532"},"modified":"2022-11-03T12:59:18","modified_gmt":"2022-11-03T11:59:18","slug":"wiezniowie-niemieckich-obozow-koncentracyjnych-2","status":"publish","type":"post","link":"https:\/\/info.sadowne.pl\/?p=26532","title":{"rendered":"WI\u0118\u0179NIOWIE NIEMIECKICH OBOZ\u00d3W KONCENTRACYJNYCH"},"content":{"rendered":"<p><strong><a href=\"http:\/\/info.sadowne.pl\/wp-content\/uploads\/2022\/07\/Brok88.jpg\" target=\"_blank\" rel=\"noopener\"><img loading=\"lazy\" decoding=\"async\" class=\"alignleft wp-image-26208 size-thumbnail\" src=\"http:\/\/info.sadowne.pl\/wp-content\/uploads\/2022\/07\/Brok88-180x130.jpg\" alt=\"\" width=\"180\" height=\"130\" \/><\/a>\u2013 HENRYK I PAWE\u0141 PARYSOWIE Z KACZKOWA STAREGO ORAZ UCZNIOWIE OSTROWSKIEJ \u201eHANDL\u00d3WKI\u201d.<\/strong><!--more--><\/p>\n<p>W dzisiejszym opracowaniu wspomnienie o braciach Parysach z Kaczkowa Starego oraz informacje o grupie uczni\u00f3w z Prywatnej Szko\u0142y Handlowej (\u201eHandl\u00f3wki\u201d) w Ostrowi Mazowieckiej. Braci i uczni\u00f3w \u0142\u0105czy wsp\u00f3lny los. Wszyscy byli wi\u0119\u017aniami oboz\u00f3w koncentracyjnych. Najm\u0142odszy z nich mia\u0142 lat zaledwie pi\u0119tna\u015bcie. Zamieszczone materia\u0142y pochodz\u0105 z ksi\u0105\u017cki\u00a0<strong>Jadwigi Sadowskiej i Aliny Wierzbickiej,<\/strong>\u00a0<strong><em>Wojna 1939-1945 we wspomnieniach mieszka\u0144c\u00f3w Ostrowi Mazowieckiej i okolic<\/em><\/strong>, wydanej w roku 2019 przez\u00a0<strong>Miejsk\u0105 Bibliotek\u0119 Publiczn\u0105 im. Marii D\u0105browskiej w Ostrowi Mazowieckiej<\/strong>.<\/p>\n<p><strong>Wi\u0119cej na stronie <span style=\"color: #0000ff;\"><a style=\"color: #0000ff;\" href=\"https:\/\/madzelan.cba.pl\/wiezniowie-niemieckich-obozow-koncentracyjnych-henryk-i-pawel-parysowie-z-kaczkowa-starego-oraz-uczniowie-ostrowskiej-handlowki\/\" target=\"_blank\" rel=\"noopener\">https:\/\/madzelan.cba.pl\/wiezniowie-niemieckich-obozow-koncentracyjnych-henryk-i-pawel-parysowie-z-kaczkowa-starego-oraz-uczniowie-ostrowskiej-handlowki\/<\/a><\/span><\/strong><\/p>\n","protected":false},"excerpt":{"rendered":"<p>\u2013 HENRYK I PAWE\u0141 PARYSOWIE Z KACZKOWA STAREGO ORAZ UCZNIOWIE OSTROWSKIEJ \u201eHANDL\u00d3WKI\u201d.<\/p>\n","protected":false},"author":1,"featured_media":0,"comment_status":"closed","ping_status":"closed","sticky":false,"template":"","format":"standard","meta":{"footnotes":""},"categories":[5,3436,31],"tags":[3004,2956,3809],"class_list":["post-26532","post","type-post","status-publish","format-standard","hentry","category-newsy","category-opowiesci-historie-legendy-brokowskie-i-nie-tylko","category-historia-gminy","tag-jerzy-madzelan","tag-opowiesci-historie-legendy-brokowskie-i-nie-tylko","tag-wojna-1939-1945-we-wspomnieniach-mieszkancow-ostrowi-mazowieckiej-i-okolic"],"views":1712,"_links":{"self":[{"href":"https:\/\/info.sadowne.pl\/index.php?rest_route=\/wp\/v2\/posts\/26532","targetHints":{"allow":["GET"]}}],"collection":[{"href":"https:\/\/info.sadowne.pl\/index.php?rest_route=\/wp\/v2\/posts"}],"about":[{"href":"https:\/\/info.sadowne.pl\/index.php?rest_route=\/wp\/v2\/types\/post"}],"author":[{"embeddable":true,"href":"https:\/\/info.sadowne.pl\/index.php?rest_route=\/wp\/v2\/users\/1"}],"replies":[{"embeddable":true,"href":"https:\/\/info.sadowne.pl\/index.php?rest_route=%2Fwp%2Fv2%2Fcomments&post=26532"}],"version-history":[{"count":1,"href":"https:\/\/info.sadowne.pl\/index.php?rest_route=\/wp\/v2\/posts\/26532\/revisions"}],"predecessor-version":[{"id":26533,"href":"https:\/\/info.sadowne.pl\/index.php?rest_route=\/wp\/v2\/posts\/26532\/revisions\/26533"}],"wp:attachment":[{"href":"https:\/\/info.sadowne.pl\/index.php?rest_route=%2Fwp%2Fv2%2Fmedia&parent=26532"}],"wp:term":[{"taxonomy":"category","embeddable":true,"href":"https:\/\/info.sadowne.pl\/index.php?rest_route=%2Fwp%2Fv2%2Fcategories&post=26532"},{"taxonomy":"post_tag","embeddable":true,"href":"https:\/\/info.sadowne.pl\/index.php?rest_route=%2Fwp%2Fv2%2Ftags&post=26532"}],"curies":[{"name":"wp","href":"https:\/\/api.w.org\/{rel}","templated":true}]}}