{"id":26593,"date":"2022-11-11T19:23:51","date_gmt":"2022-11-11T18:23:51","guid":{"rendered":"http:\/\/info.sadowne.pl\/?p=26593"},"modified":"2022-11-11T21:13:31","modified_gmt":"2022-11-11T20:13:31","slug":"w-sadownem-obchodzono-swieto-niepodleglosci","status":"publish","type":"post","link":"https:\/\/info.sadowne.pl\/?p=26593","title":{"rendered":"W Sadownem obchodzono \u015awi\u0119to Niepodleg\u0142o\u015bci"},"content":{"rendered":"<p><a href=\"http:\/\/info.sadowne.pl\/wp-content\/uploads\/2022\/11\/2022.11.11.1.jpg\" target=\"_blank\" rel=\"noopener\"><img loading=\"lazy\" decoding=\"async\" class=\"alignleft wp-image-26594 size-thumbnail\" src=\"http:\/\/info.sadowne.pl\/wp-content\/uploads\/2022\/11\/2022.11.11.1-180x130.jpg\" alt=\"\" width=\"180\" height=\"130\" \/><\/a><\/p>\n<p><strong>11 listopada w Sadownem obchodzono uroczy\u015bcie 104. rocznic\u0119 odzyskania przez Polsk\u0119 niepodleg\u0142o\u015bci.<\/strong><!--more--><\/p>\n<p>Uroczysto\u015bci Narodowego \u015awi\u0119ta Niepodleg\u0142o\u015bci w Sadownem rozpocz\u0119\u0142y si\u0119 od mszy \u015bw. w ko\u015bciele parafialnym p.w. \u015bw. Jana Chrzciciela. Msz\u0119 w intencji Ojczyzny, w asy\u015bcie sztandar\u00f3w, celebrowa\u0142 Proboszcz Parafii ks. Antoni Kunicki. O godz. 12.00, na zako\u0144czenie mszy, wsp\u00f3lnie od\u015bpiewano hymn pa\u0144stwowy w ramach og\u00f3lnopolskiej akcji \u201eNiepodleg\u0142a do Hymnu\u201d.<\/p>\n<p>Bezpo\u015brednio z ko\u015bcio\u0142a uformowana grupa przemarszowa dotar\u0142a pod pomnik Tadeusza Ko\u015bciuszki, gdzie delegacje z\u0142o\u017cy\u0142y kwiaty, po czym skierowano si\u0119 na parking przy Urz\u0119dzie Gminy, w miejsce g\u0142\u00f3wnych uroczysto\u015bci. Dalsz\u0105 cz\u0119\u015b\u0107 obchod\u00f3w poprowadzi\u0142 Zast\u0119pca W\u00f3jta Gminy Sadowne p. Marcin Gr\u0119da, a uczestnik\u00f3w uroczysto\u015bci powita\u0142 p. Waldemar Cyran. W\u015br\u00f3d nich znale\u017ali si\u0119: ks. Proboszcz Antoni Kunicki, Wicestarosta W\u0119growski p. Marek Renik, Radna Powiatu W\u0119growskiego p. Ma\u0142gorzata Zy\u015bk, mjr Tomasz Karkowski \u2013 reprezentuj\u0105cy Dow\u00f3dc\u0119 I Warszawskiej Brygady Pancernej im. Tadeusza Ko\u015bciuszki, st. kpr. \u0141ukasz Kulczy\u0144ski z za\u0142og\u0105 czo\u0142gu z tej Brygady, por. Andrzej W\u0105sowski z 5 Mazowieckiej Brygady Obrony Terytorialnej wraz z \u017co\u0142nierzami Wojskowej Asysty Honorowej, m\u0142. bryg. Mateusz Bieniak \u2013 Komendant Powiatowy PSP w W\u0119growie, p. Tomasz Szymanik \u2013 Przewodnicz\u0105cy Rady Gminy Sadowne wraz z radnymi, dyrektorzy szk\u00f3\u0142 i kierownicy jednostek organizacyjnych z gminy Sadowne, so\u0142tysi, poczty sztandarowe, harcerze, Zesp\u00f3\u0142 \u015apiewaczy \u201eSadowianki\u201d, Bractwo Kurkowe oraz mieszka\u0144cy gminy Sadowne i przybyli go\u015bcie.<\/p>\n<p>Po powitaniu odby\u0142o si\u0119 uroczyste wci\u0105gni\u0119cie flagi na maszt &#8211; z projektu zrealizowanego pod patronatem Prezesa Rady Ministr\u00f3w Mateusza Morawieckiego \u201ePod bia\u0142o-czerwon\u0105\u201d &#8211; oraz od\u015bpiewanie hymnu. Nowy maszt po\u015bwi\u0119ci\u0142 ks. Antoni Kunicki, a Bractwo Kurkowe odda\u0142o salw\u0119 honorow\u0105 z kilku armat.<\/p>\n<p>Zast\u0119pca W\u00f3jta p. Marcin Gr\u0119da wspomnia\u0142 bohater\u00f3w, dzi\u0119ki kt\u00f3rym Polska jest niepodleg\u0142a \u2013 na grobach lokalnych bohater\u00f3w przed rozpocz\u0119ciem uroczysto\u015bci symbolicznie zapalono znicze. Nie wszystkich jednak mo\u017cna by\u0142o upami\u0119tni\u0107 w ten spos\u00f3b, groby wielu rozsiane s\u0105 po ca\u0142ym kraju, a nawet za granic\u0105. Chocia\u017c w kilku s\u0142owach upami\u0119tniono naszego rodaka \u2013 starszego strzelca Tomasza Pu\u015bciona:<\/p>\n<p><em>\u201eW dzisiejszym dniu, tak wa\u017cnym dla nas, powinni\u015bmy upami\u0119tni\u0107 tych, kt\u00f3rzy w naszej historii odegrali najistotniejsz\u0105 z r\u00f3l. Walczyli o wolno\u015b\u0107 i niepodleg\u0142o\u015b\u0107 naszej kochanej Ojczyzny, po\u015bwi\u0119caj\u0105c przy tym to, co maj\u0105 najcenniejsze. Jednym z takich bohater\u00f3w by\u0142 nasz mieszkaniec starszy strzelec Tomasz Pu\u015bcion, ur. 19.03.1912 r. w m. Zarzetka. W 1937 r. w \u015awi\u0119to Trzech Kr\u00f3li o\u017ceni\u0142 si\u0119 z Czes\u0142aw\u0105 Grotkowsk\u0105. Prowadzi\u0142 on \u017cycie spokojne i w miar\u0119 dostatnie.<\/em><\/p>\n<p><em>Rok 1939 i wojna, kt\u00f3r\u0105 rozp\u0119ta\u0142y hitlerowskie Niemcy, zmieni\u0142y wszystko. Zosta\u0142 powo\u0142any do Armii Polskiej. W domu zostawi\u0142 m\u0142od\u0105 \u017con\u0119 i ruszy\u0142 na wojn\u0119. Szlak bojowy zaprowadzi\u0142 Tomasza a\u017c na wsch\u00f3d, gdzie po przeformowaniu zosta\u0142 wcielony do 2 Korpusu Polskiego 3 Dywizji Strzelc\u00f3w Karpackich, dowodzonego przez gen. W\u0142adys\u0142awa Andersa.<\/em><\/p>\n<p><em>W grudniu 1943 r. przetransportowany na zach\u00f3d uczestniczy\u0142 w kampanii w\u0142oskiej. W maju 1944 r. zdobywa\u0142 Lini\u0119 Gustawa oraz Monte Cassino i Piedimonte. To w\u0142a\u015bnie jego pododdzia\u0142y zatkn\u0119\u0142y flag\u0119 polsk\u0105 na ruinach klasztoru Monte Cassino. W lipcu 1944 r. na wybrze\u017cu Morza Adriatyckiego wyzwala\u0142 Ankon\u0119. W sierpniu 3 Dywizja Strzelc\u00f3w Karpackich wsp\u00f3lnie z 2 Brygad\u0105 Pancern\u0105 walczy\u0142a pod Scapezzano celem prze\u0142amania Linii Got\u00f3w. 28 sierpnia osi\u0105gn\u0105\u0142 wraz ze swoim pododdzia\u0142em lini\u0119 rzeki Foglia, gdzie 31 sierpnia zaj\u0119li miejscowo\u015b\u0107 Pesaro, tym samym prze\u0142amuj\u0105c na swoim odcinku Lini\u0119 Got\u00f3w.<\/em><\/p>\n<p><em>1 wrze\u015bnia 1944 r. st. strz. Tomasz Pu\u015bcion ginie w walkach nad rzek\u0105 Foglia. Zosta\u0142 pochowany na cmentarzu \u017bo\u0142nierzy Polskich w Loreto we W\u0142oszech. Odznaczony po\u015bmiertnie Krzy\u017cem Monte Cassino oraz Br\u0105zowym Krzy\u017cem Zas\u0142ugi z Mieczami, upami\u0119tniony tak\u017ce na tablicy pami\u0105tkowej miejscowo\u015bci Zarzetka. Po prawie 80. latach o jego bohaterskiej \u015bmierci pami\u0119taj\u0105 najbli\u017csi.\u201d<\/em><\/p>\n<p>Bohater\u00f3w walcz\u0105cych o niepodleg\u0142o\u015b\u0107 Polski (w miejscu uroczysto\u015bci mo\u017cna by\u0142o obejrze\u0107 wystaw\u0119 upami\u0119tniaj\u0105c\u0105 ich) wspomnia\u0142 r\u00f3wnie\u017c w kilku s\u0142owach Wicestarosta W\u0119growski p. Marek Renik. Szczeg\u00f3ln\u0105 uwag\u0119 po\u015bwi\u0119ci\u0142 kapitanowi Kajetanowi Woli\u0144skiemu, uczestnikowi Powstania Listopadowego, kt\u00f3ry spoczywa na sadowie\u0144skim cmentarzu, a kt\u00f3remu b\u0119dzie po\u015bwi\u0119cona szczeg\u00f3lna uroczysto\u015b\u0107 w najbli\u017csz\u0105 niedziel\u0119 13 listopada. P. Renik odczyta\u0142 te\u017c list parlamentarzyst\u00f3w: p. senator RP Marii Koc, p. pos\u0142a na Sejm RP Macieja G\u00f3rskiego i europos\u0142a p. Adama Bielana do uczestnik\u00f3w obchod\u00f3w Narodowego Dnia Niepodleg\u0142o\u015bci.<\/p>\n<p>Oficjaln\u0105 cz\u0119\u015b\u0107 uroczysto\u015bci u\u015bwietni\u0142 wyst\u0119p patriotyczny Zespo\u0142u \u015apiewaczego \u201eSadowianki\u201d, po czym rozpocz\u0105\u0142 si\u0119 Rodzinny Piknik Niepodleg\u0142o\u015bciowy z wieloma atrakcjami, stoiskami promocyjnymi i grami \u2013 nie tylko dla dzieci. Harcerze rozpocz\u0119li Gr\u0119 Terenow\u0105, ale najwi\u0119ksz\u0105 jednak atrakcj\u0105, g\u0142ownie dla dzieci, by\u0142 zaprezentowany przez Warszawsk\u0105 Brygad\u0119 Pancern\u0105 czo\u0142g \u015bredni Leopard 2A5. W\u015br\u00f3d stoisk oblegane by\u0142y te\u017c te z pocz\u0119stunkiem przygotowanym przez Gminny O\u015brodek Kultury w Sadownem \u2013 z wojskow\u0105 groch\u00f3wk\u0105 i grillem, a tak\u017ce prowadz\u0105ce sprzeda\u017c ciast i gad\u017cet\u00f3w na rzecz chorego na pora\u017cenie m\u00f3zgowe Artura Zawistowskiego (wspomn\u0119 tylko, \u017ce zbi\u00f3rka funduszy na jego rehabilitacj\u0119 i zakup pionizatora nadal trwa na stronie facebookowej i stronie zrzutka.pl).<\/p>\n<p>Dzi\u0119kujemy organizatorom, wsp\u00f3\u0142organizatorom uroczysto\u015bci za jej przygotowanie i upami\u0119tnienie w ten spos\u00f3b bohater\u00f3w walcz\u0105cych o wolno\u015b\u0107 i niepodleg\u0142o\u015b\u0107 Ojczyzny, a uczestnikom za przybycie i wsp\u00f3lne \u015bwi\u0119towanie. Szczeg\u00f3lne podzi\u0119kowania nale\u017c\u0105 si\u0119 pracownikom GOK w Sadownem, harcerzom 123 Dru\u017cyny Harcerskiej \u201eW\u0142\u00f3czykije\u201d z Sadownego, cz\u0142onkom Zespo\u0142u \u015apiewaczego \u201eSadowianki\u201d oraz zabezpieczaj\u0105cym uroczysto\u015b\u0107 druhom OSP z gminy Sadowne, a tak\u017ce wolontariuszom, kt\u00f3rzy po\u015bwi\u0119cili sw\u00f3j wolny czas na uczestnictwo w akcji zbi\u00f3rki funduszy dla chorego Artura. Wszystkim wielkie dzi\u0119ki!<\/p>\n<p><span style=\"color: #0000ff;\"><a style=\"color: #0000ff;\" href=\"https:\/\/photos.app.goo.gl\/gDdiBXLBKkF6fmrc8\" target=\"_blank\" rel=\"noopener\"><strong>Zdj\u0119cia w galerii Google&gt;&gt;&gt;<\/strong><\/a><\/span><\/p>\n<p><strong>Tekst\/foto:<\/strong> S\u0142awek Chyli\u0144ski<\/p>\n","protected":false},"excerpt":{"rendered":"<p>11 listopada w Sadownem obchodzono uroczy\u015bcie 104. rocznic\u0119 odzyskania przez Polsk\u0119 niepodleg\u0142o\u015bci.<\/p>\n","protected":false},"author":1,"featured_media":0,"comment_status":"closed","ping_status":"closed","sticky":false,"template":"","format":"standard","meta":{"footnotes":""},"categories":[5,41],"tags":[1639,3871,25],"class_list":["post-26593","post","type-post","status-publish","format-standard","hentry","category-newsy","category-wiesci-gminne","tag-11-listopada","tag-narodowe-swieto-niepodleglosci","tag-sadowne"],"views":2603,"_links":{"self":[{"href":"https:\/\/info.sadowne.pl\/index.php?rest_route=\/wp\/v2\/posts\/26593","targetHints":{"allow":["GET"]}}],"collection":[{"href":"https:\/\/info.sadowne.pl\/index.php?rest_route=\/wp\/v2\/posts"}],"about":[{"href":"https:\/\/info.sadowne.pl\/index.php?rest_route=\/wp\/v2\/types\/post"}],"author":[{"embeddable":true,"href":"https:\/\/info.sadowne.pl\/index.php?rest_route=\/wp\/v2\/users\/1"}],"replies":[{"embeddable":true,"href":"https:\/\/info.sadowne.pl\/index.php?rest_route=%2Fwp%2Fv2%2Fcomments&post=26593"}],"version-history":[{"count":4,"href":"https:\/\/info.sadowne.pl\/index.php?rest_route=\/wp\/v2\/posts\/26593\/revisions"}],"predecessor-version":[{"id":26598,"href":"https:\/\/info.sadowne.pl\/index.php?rest_route=\/wp\/v2\/posts\/26593\/revisions\/26598"}],"wp:attachment":[{"href":"https:\/\/info.sadowne.pl\/index.php?rest_route=%2Fwp%2Fv2%2Fmedia&parent=26593"}],"wp:term":[{"taxonomy":"category","embeddable":true,"href":"https:\/\/info.sadowne.pl\/index.php?rest_route=%2Fwp%2Fv2%2Fcategories&post=26593"},{"taxonomy":"post_tag","embeddable":true,"href":"https:\/\/info.sadowne.pl\/index.php?rest_route=%2Fwp%2Fv2%2Ftags&post=26593"}],"curies":[{"name":"wp","href":"https:\/\/api.w.org\/{rel}","templated":true}]}}